{"id":215,"date":"2008-08-12T13:41:44","date_gmt":"2008-08-12T13:41:44","guid":{"rendered":"http:\/\/desarrollo.mcvicious.com\/aero2020\/2008\/08\/12\/tecnologbiomica-en-seguridad-migratoria-aplicarer\/"},"modified":"2008-08-12T13:41:44","modified_gmt":"2008-08-12T13:41:44","slug":"tecnologbiomica-en-seguridad-migratoria-aplicarer","status":"publish","type":"post","link":"https:\/\/aeronoticias.com.pe\/noticiero\/turismo\/13\/tecnologbiomica-en-seguridad-migratoria-aplicarer\/","title":{"rendered":"Tecnolog"},"content":{"rendered":"<blockquote><p>A partir de noviembre pr&oacute;ximo, el Per&uacute; aplicar&aacute; &ndash;en calidad de prueba- controles biom&eacute;tricos, tanto en seguridad migratoria y en los controles fronterizos. <\/p>\n<p align=\"justify\">As&iacute; lo dio a conocer el viceministro del Interior, Danilo Guevara, en el Museo de la Naci&oacute;n, donde particip&oacute; en el taller sobre &lsquo;Pasajero frecuente y seguridad fronteriza&rsquo;, que fue inaugurado esta ma&ntilde;ana, y que durante tres d&iacute;as reunir&aacute; a representantes de las Oficinas de Migraciones de las 21 econom&iacute;as del Foro de Cooperaci&oacute;n Econ&oacute;mica Asia Pac&iacute;fico (APEC).<\/p>\n<p align=\"justify\">El funcionario se&ntilde;al&oacute; que esta moderna plataforma tecnol&oacute;gica estar&aacute; plenamente en operaci&oacute;n a partir del a&ntilde;o 2020, pero ser&aacute; puesta a prueba con motivo de la Cumbre de Dignatarios APEC.<\/p>\n<p align=\"justify\">Guevara asegur&oacute; que la tecnolog&iacute;a biom&eacute;trica es un sistema que permite el reconocimiento de las caracter&iacute;sticas biol&oacute;gicas &uacute;nicas del ser humano, como sus huellas dactilares, iris, retina, par&aacute;metros del rostro, voz y otros, que permiten una identificaci&oacute;n &uacute;nica e inequ&iacute;voca de las personas.<\/p>\n<div style=\"text-align: center\"><img loading=\"lazy\" decoding=\"async\" src=\"http:\/\/aeronoticias.com.pe\/fotonoticias\/agosto\/controlmigra.JPG\" alt=\" \" title=\"Tecnolog&iacute;a biom&eacute;trica en seguridad migratoria aplicar&aacute; Per&uacute;. (Foto: Efr&eacute;n Vidal-Aeronoticias)\" hspace=\"5\" vspace=\"5\" width=\"173\" height=\"130\" \/><\/div>\n<\/blockquote>\n<p> <!--more--> <\/p>\n<blockquote>\n<p align=\"justify\">Agreg&oacute; que los sistemas biom&eacute;tricos incluyen un dispositivo de captaci&oacute;n y un programa de c&oacute;mputo biom&eacute;trico que interpreta la muestra f&iacute;sica y la transforma en una secuencia num&eacute;rica que la representa y es &uacute;nica, agreg&oacute;.<\/p>\n<p align=\"justify\">Dijo que en el tema de seguridad, este sistema permitir&aacute; al Per&uacute; combatir con mayor precisi&oacute;n problemas como el terrorismo internacional y los suplantadores de identidad.<\/p>\n<p align=\"justify\">&ldquo;Estamos convencidos que, como producto de las deliberaciones, todas las econom&iacute;as de APEC se enriquecer&aacute;n con el conocimiento compartido&rdquo;, expres&oacute; el viceministro Guevara a la agencia Andina.<\/p>\n<\/blockquote>\n","protected":false},"excerpt":{"rendered":"<p>A partir de noviembre pr&oacute;ximo, el Per&uacute; aplicar&aacute; &ndash;en calidad de prueba- controles biom&eacute;tricos, tanto en seguridad migratoria y en los controles fronterizos. As&iacute; lo dio a conocer el viceministro del Interior, Danilo Guevara, en el Museo de la Naci&oacute;n, donde particip&oacute; en el taller sobre &lsquo;Pasajero frecuente y seguridad fronteriza&rsquo;, que fue inaugurado esta [&hellip;]<\/p>\n","protected":false},"author":1,"featured_media":0,"comment_status":"open","ping_status":"open","sticky":false,"template":"","format":"standard","meta":{"tdm_status":"","tdm_grid_status":"","footnotes":""},"categories":[31],"tags":[],"class_list":{"0":"post-215","1":"post","2":"type-post","3":"status-publish","4":"format-standard","6":"category-31"},"yoast_head":"<!-- This site is optimized with the Yoast SEO plugin v25.1 - https:\/\/yoast.com\/wordpress\/plugins\/seo\/ -->\n<title>Tecnolog<\/title>\n<meta name=\"description\" content=\"Portal de noticias del Per\u00fa sobre el transporte a\u00e9reo, aviaci\u00f3n, turismo, hoteleria, actualidad.\" \/>\n<meta name=\"robots\" content=\"index, follow, max-snippet:-1, max-image-preview:large, max-video-preview:-1\" \/>\n<link rel=\"canonical\" href=\"https:\/\/aeronoticias.com.pe\/noticiero\/turismo\/13\/tecnologbiomica-en-seguridad-migratoria-aplicarer\/\" \/>\n<meta property=\"og:locale\" content=\"es_ES\" \/>\n<meta property=\"og:type\" content=\"article\" \/>\n<meta property=\"og:title\" content=\"Tecnolog\" \/>\n<meta property=\"og:description\" content=\"Portal de noticias del Per\u00fa sobre el transporte a\u00e9reo, aviaci\u00f3n, turismo, hoteleria, actualidad.\" \/>\n<meta property=\"og:url\" content=\"https:\/\/aeronoticias.com.pe\/noticiero\/turismo\/13\/tecnologbiomica-en-seguridad-migratoria-aplicarer\/\" \/>\n<meta property=\"og:site_name\" content=\"Aeronoticias.com.pe\" \/>\n<meta property=\"article:publisher\" content=\"https:\/\/www.facebook.com\/Aeronoticias.com.pe\/\" \/>\n<meta property=\"article:published_time\" content=\"2008-08-12T13:41:44+00:00\" \/>\n<meta property=\"og:image\" content=\"http:\/\/aeronoticias.com.pe\/fotonoticias\/agosto\/controlmigra.JPG\" \/>\n<meta name=\"author\" content=\"Redacci\u00f3n Aeronoticias\" \/>\n<meta name=\"twitter:card\" content=\"summary_large_image\" \/>\n<meta name=\"twitter:creator\" content=\"@aeronoticias\" \/>\n<meta name=\"twitter:site\" content=\"@aeronoticias\" \/>\n<meta name=\"twitter:label1\" content=\"Escrito por\" \/>\n\t<meta name=\"twitter:data1\" content=\"Redacci\u00f3n Aeronoticias\" \/>\n\t<meta name=\"twitter:label2\" content=\"Tiempo de lectura\" \/>\n\t<meta name=\"twitter:data2\" content=\"2 minutos\" \/>\n<script type=\"application\/ld+json\" class=\"yoast-schema-graph\">{\"@context\":\"https:\/\/schema.org\",\"@graph\":[{\"@type\":\"WebPage\",\"@id\":\"https:\/\/aeronoticias.com.pe\/noticiero\/turismo\/13\/tecnologbiomica-en-seguridad-migratoria-aplicarer\/\",\"url\":\"https:\/\/aeronoticias.com.pe\/noticiero\/turismo\/13\/tecnologbiomica-en-seguridad-migratoria-aplicarer\/\",\"name\":\"Tecnolog\",\"isPartOf\":{\"@id\":\"https:\/\/aeronoticias.com.pe\/noticiero\/#website\"},\"primaryImageOfPage\":{\"@id\":\"https:\/\/aeronoticias.com.pe\/noticiero\/turismo\/13\/tecnologbiomica-en-seguridad-migratoria-aplicarer\/#primaryimage\"},\"image\":{\"@id\":\"https:\/\/aeronoticias.com.pe\/noticiero\/turismo\/13\/tecnologbiomica-en-seguridad-migratoria-aplicarer\/#primaryimage\"},\"thumbnailUrl\":\"http:\/\/aeronoticias.com.pe\/fotonoticias\/agosto\/controlmigra.JPG\",\"datePublished\":\"2008-08-12T13:41:44+00:00\",\"author\":{\"@id\":\"https:\/\/aeronoticias.com.pe\/noticiero\/#\/schema\/person\/fc1e5d578f4b62ba1cf7ac2bba1170a0\"},\"description\":\"Portal de noticias del Per\u00fa sobre el transporte a\u00e9reo, aviaci\u00f3n, turismo, hoteleria, actualidad.\",\"breadcrumb\":{\"@id\":\"https:\/\/aeronoticias.com.pe\/noticiero\/turismo\/13\/tecnologbiomica-en-seguridad-migratoria-aplicarer\/#breadcrumb\"},\"inLanguage\":\"es\",\"potentialAction\":[{\"@type\":\"ReadAction\",\"target\":[\"https:\/\/aeronoticias.com.pe\/noticiero\/turismo\/13\/tecnologbiomica-en-seguridad-migratoria-aplicarer\/\"]}]},{\"@type\":\"ImageObject\",\"inLanguage\":\"es\",\"@id\":\"https:\/\/aeronoticias.com.pe\/noticiero\/turismo\/13\/tecnologbiomica-en-seguridad-migratoria-aplicarer\/#primaryimage\",\"url\":\"http:\/\/aeronoticias.com.pe\/fotonoticias\/agosto\/controlmigra.JPG\",\"contentUrl\":\"http:\/\/aeronoticias.com.pe\/fotonoticias\/agosto\/controlmigra.JPG\"},{\"@type\":\"BreadcrumbList\",\"@id\":\"https:\/\/aeronoticias.com.pe\/noticiero\/turismo\/13\/tecnologbiomica-en-seguridad-migratoria-aplicarer\/#breadcrumb\",\"itemListElement\":[{\"@type\":\"ListItem\",\"position\":1,\"name\":\"Portada\",\"item\":\"https:\/\/aeronoticias.com.pe\/noticiero\/\"},{\"@type\":\"ListItem\",\"position\":2,\"name\":\"Tecnolog\"}]},{\"@type\":\"WebSite\",\"@id\":\"https:\/\/aeronoticias.com.pe\/noticiero\/#website\",\"url\":\"https:\/\/aeronoticias.com.pe\/noticiero\/\",\"name\":\"Aeronoticias.com.pe\",\"description\":\"Noticias de tranporte aereo, turismo, hoteles, gastronomia, actualidad, internacional\",\"potentialAction\":[{\"@type\":\"SearchAction\",\"target\":{\"@type\":\"EntryPoint\",\"urlTemplate\":\"https:\/\/aeronoticias.com.pe\/noticiero\/?s={search_term_string}\"},\"query-input\":{\"@type\":\"PropertyValueSpecification\",\"valueRequired\":true,\"valueName\":\"search_term_string\"}}],\"inLanguage\":\"es\"},{\"@type\":\"Person\",\"@id\":\"https:\/\/aeronoticias.com.pe\/noticiero\/#\/schema\/person\/fc1e5d578f4b62ba1cf7ac2bba1170a0\",\"name\":\"Redacci\u00f3n Aeronoticias\",\"url\":\"https:\/\/aeronoticias.com.pe\/noticiero\/author\/piloto\/\"}]}<\/script>\n<!-- \/ Yoast SEO plugin. -->","yoast_head_json":{"title":"Tecnolog","description":"Portal de noticias del Per\u00fa sobre el transporte a\u00e9reo, aviaci\u00f3n, turismo, hoteleria, actualidad.","robots":{"index":"index","follow":"follow","max-snippet":"max-snippet:-1","max-image-preview":"max-image-preview:large","max-video-preview":"max-video-preview:-1"},"canonical":"https:\/\/aeronoticias.com.pe\/noticiero\/turismo\/13\/tecnologbiomica-en-seguridad-migratoria-aplicarer\/","og_locale":"es_ES","og_type":"article","og_title":"Tecnolog","og_description":"Portal de noticias del Per\u00fa sobre el transporte a\u00e9reo, aviaci\u00f3n, turismo, hoteleria, actualidad.","og_url":"https:\/\/aeronoticias.com.pe\/noticiero\/turismo\/13\/tecnologbiomica-en-seguridad-migratoria-aplicarer\/","og_site_name":"Aeronoticias.com.pe","article_publisher":"https:\/\/www.facebook.com\/Aeronoticias.com.pe\/","article_published_time":"2008-08-12T13:41:44+00:00","og_image":[{"url":"http:\/\/aeronoticias.com.pe\/fotonoticias\/agosto\/controlmigra.JPG","type":"","width":"","height":""}],"author":"Redacci\u00f3n Aeronoticias","twitter_card":"summary_large_image","twitter_creator":"@aeronoticias","twitter_site":"@aeronoticias","twitter_misc":{"Escrito por":"Redacci\u00f3n Aeronoticias","Tiempo de lectura":"2 minutos"},"schema":{"@context":"https:\/\/schema.org","@graph":[{"@type":"WebPage","@id":"https:\/\/aeronoticias.com.pe\/noticiero\/turismo\/13\/tecnologbiomica-en-seguridad-migratoria-aplicarer\/","url":"https:\/\/aeronoticias.com.pe\/noticiero\/turismo\/13\/tecnologbiomica-en-seguridad-migratoria-aplicarer\/","name":"Tecnolog","isPartOf":{"@id":"https:\/\/aeronoticias.com.pe\/noticiero\/#website"},"primaryImageOfPage":{"@id":"https:\/\/aeronoticias.com.pe\/noticiero\/turismo\/13\/tecnologbiomica-en-seguridad-migratoria-aplicarer\/#primaryimage"},"image":{"@id":"https:\/\/aeronoticias.com.pe\/noticiero\/turismo\/13\/tecnologbiomica-en-seguridad-migratoria-aplicarer\/#primaryimage"},"thumbnailUrl":"http:\/\/aeronoticias.com.pe\/fotonoticias\/agosto\/controlmigra.JPG","datePublished":"2008-08-12T13:41:44+00:00","author":{"@id":"https:\/\/aeronoticias.com.pe\/noticiero\/#\/schema\/person\/fc1e5d578f4b62ba1cf7ac2bba1170a0"},"description":"Portal de noticias del Per\u00fa sobre el transporte a\u00e9reo, aviaci\u00f3n, turismo, hoteleria, actualidad.","breadcrumb":{"@id":"https:\/\/aeronoticias.com.pe\/noticiero\/turismo\/13\/tecnologbiomica-en-seguridad-migratoria-aplicarer\/#breadcrumb"},"inLanguage":"es","potentialAction":[{"@type":"ReadAction","target":["https:\/\/aeronoticias.com.pe\/noticiero\/turismo\/13\/tecnologbiomica-en-seguridad-migratoria-aplicarer\/"]}]},{"@type":"ImageObject","inLanguage":"es","@id":"https:\/\/aeronoticias.com.pe\/noticiero\/turismo\/13\/tecnologbiomica-en-seguridad-migratoria-aplicarer\/#primaryimage","url":"http:\/\/aeronoticias.com.pe\/fotonoticias\/agosto\/controlmigra.JPG","contentUrl":"http:\/\/aeronoticias.com.pe\/fotonoticias\/agosto\/controlmigra.JPG"},{"@type":"BreadcrumbList","@id":"https:\/\/aeronoticias.com.pe\/noticiero\/turismo\/13\/tecnologbiomica-en-seguridad-migratoria-aplicarer\/#breadcrumb","itemListElement":[{"@type":"ListItem","position":1,"name":"Portada","item":"https:\/\/aeronoticias.com.pe\/noticiero\/"},{"@type":"ListItem","position":2,"name":"Tecnolog"}]},{"@type":"WebSite","@id":"https:\/\/aeronoticias.com.pe\/noticiero\/#website","url":"https:\/\/aeronoticias.com.pe\/noticiero\/","name":"Aeronoticias.com.pe","description":"Noticias de tranporte aereo, turismo, hoteles, gastronomia, actualidad, internacional","potentialAction":[{"@type":"SearchAction","target":{"@type":"EntryPoint","urlTemplate":"https:\/\/aeronoticias.com.pe\/noticiero\/?s={search_term_string}"},"query-input":{"@type":"PropertyValueSpecification","valueRequired":true,"valueName":"search_term_string"}}],"inLanguage":"es"},{"@type":"Person","@id":"https:\/\/aeronoticias.com.pe\/noticiero\/#\/schema\/person\/fc1e5d578f4b62ba1cf7ac2bba1170a0","name":"Redacci\u00f3n Aeronoticias","url":"https:\/\/aeronoticias.com.pe\/noticiero\/author\/piloto\/"}]}},"_links":{"self":[{"href":"https:\/\/aeronoticias.com.pe\/noticiero\/wp-json\/wp\/v2\/posts\/215","targetHints":{"allow":["GET"]}}],"collection":[{"href":"https:\/\/aeronoticias.com.pe\/noticiero\/wp-json\/wp\/v2\/posts"}],"about":[{"href":"https:\/\/aeronoticias.com.pe\/noticiero\/wp-json\/wp\/v2\/types\/post"}],"author":[{"embeddable":true,"href":"https:\/\/aeronoticias.com.pe\/noticiero\/wp-json\/wp\/v2\/users\/1"}],"replies":[{"embeddable":true,"href":"https:\/\/aeronoticias.com.pe\/noticiero\/wp-json\/wp\/v2\/comments?post=215"}],"version-history":[{"count":0,"href":"https:\/\/aeronoticias.com.pe\/noticiero\/wp-json\/wp\/v2\/posts\/215\/revisions"}],"wp:attachment":[{"href":"https:\/\/aeronoticias.com.pe\/noticiero\/wp-json\/wp\/v2\/media?parent=215"}],"wp:term":[{"taxonomy":"category","embeddable":true,"href":"https:\/\/aeronoticias.com.pe\/noticiero\/wp-json\/wp\/v2\/categories?post=215"},{"taxonomy":"post_tag","embeddable":true,"href":"https:\/\/aeronoticias.com.pe\/noticiero\/wp-json\/wp\/v2\/tags?post=215"}],"curies":[{"name":"wp","href":"https:\/\/api.w.org\/{rel}","templated":true}]}}