{"id":216,"date":"2008-08-12T14:58:15","date_gmt":"2008-08-12T14:58:15","guid":{"rendered":"http:\/\/desarrollo.mcvicious.com\/aero2020\/2008\/08\/12\/us104-millones-en-pidas-registrrola-gol-en-segundo-trimestre-del-a\/"},"modified":"2008-08-12T14:58:15","modified_gmt":"2008-08-12T14:58:15","slug":"us104-millones-en-pidas-registrrola-gol-en-segundo-trimestre-del-a","status":"publish","type":"post","link":"https:\/\/aeronoticias.com.pe\/noticiero\/transporte-aereo\/internacional\/us104-millones-en-pidas-registrrola-gol-en-segundo-trimestre-del-a\/","title":{"rendered":"US$104 millones en p"},"content":{"rendered":"<blockquote>\n<p align=\"justify\">Una p&eacute;rdida neta de 104 millones de d&oacute;lares registr&oacute; en el segundo trimestre del a&ntilde;o&nbsp;la aerol&iacute;nea brasile&ntilde;a GOL por causa del alza de los combustibles, de acuerdo a reportes de esa empresa.<\/p>\n<p align=\"justify\">GOL, la segunda m&aacute;s importante de Brasil, arroj&oacute; esta cifra, que equivale a 171 millones de reales y super&oacute; en 385% la p&eacute;rdida de 35 millones de reales (unos 22 millones de d&oacute;lares al cambio) del segundo trimestre de 2007, explic&oacute; GOL en su informe de resultados.<\/p>\n<p align=\"justify\">La p&eacute;rdida por acci&oacute;n equivali&oacute; a 0,85 reales (0,52 centavos de d&oacute;lar). Las acciones de Gol se cotizan en la bolsa de valores de Sao Paulo y en la de Nueva York (NYSE) en forma de ADR&acute;s (Certificados de Dep&oacute;sito Americanos).<\/p>\n<div style=\"text-align: center\"><img loading=\"lazy\" decoding=\"async\" src=\"http:\/\/aeronoticias.com.pe\/fotonoticias\/agosto\/gol.JPG\" alt=\" \" title=\"Una p&eacute;rdida neta de US$ 104 millones registr&oacute; la aerol&iacute;nea GOL en el segundo trimestre de este a&ntilde;o. (Foto: Internet)\" hspace=\"5\" vspace=\"5\" width=\"230\" height=\"164\" \/><\/div>\n<\/blockquote>\n<p> <!--more--> <\/p>\n<blockquote>\n<p align=\"center\"><strong>7,1 millones de pasajeros transportados<\/strong><\/p>\n<p align=\"justify\">El indicador de flujo de caja EBITDA (ganancias antes de intereses, impuestos, deuda y amortizaci&oacute;n de activos) fue negativo en 243,8 millones de reales (unos 151 millones de d&oacute;lares), comparado con los 63,9 millones de reales tambi&eacute;n negativos (39,7 millones de d&oacute;lares) en el segundo trimestre de 2007, lo que revela un aument&oacute; del 285% en el deterioro del margen revel&oacute; la agencia EFE.<\/p>\n<p align=\"justify\">Mientras los precios referenciales del petr&oacute;leo en el mercado internacional aumentaron en 90,6% en el segundo trimestre de 2008 comparado con igual de 2007, las tarifas consolidadas de la compa&ntilde;&iacute;a aumentaron el 7,7%, explic&oacute; el informe.<\/p>\n<p align=\"center\"><strong>Demanda por transporte a&eacute;reo creci&oacute; en Brasil<\/strong><\/p>\n<p align=\"justify\">Sin embargo, la demanda por transporte a&eacute;reo en Brasil continu&oacute; creciendo de manera fuerte y la capacidad de la empresa para atender ese aumento creci&oacute; 23%, con la incorporaci&oacute;n de 24 aeronaves a la flota.<\/p>\n<p align=\"justify\">Su capacidad instalada de asientos creci&oacute; 22,8% en el segundo trimestre y el volumen de pasajeros transportados lo hizo en 14 por ciento, para mantener una tasa de ocupaci&oacute;n del 65 por ciento, inferior en 1,4 puntos porcentuales al per&iacute;odo comparado.<\/p>\n<p align=\"justify\">Los ingresos netos de la aerol&iacute;nea en el segundo trimestre alcanzaron 1.500 millones de reales (910 millones de d&oacute;lares), con un aumento del 27,2% comparado con igual per&iacute;odo de 2007.<\/p>\n<p align=\"justify\">La empresa transport&oacute; 7,1 millones de pasajeros, con aumento del 14,3% respecto al per&iacute;odo comparado.<\/p>\n<p align=\"justify\">GOL L&iacute;neas A&eacute;reas Inteligentes controla las marcas GOL y Varig, que le disputan mercados a TAM, especialmente en el mercado nacional brasile&ntilde;o, aunque han perdido terreno en el de vuelos internacionales originados en Brasil.<br \/>En el segundo trimestre Varig dej&oacute; de volar para M&eacute;xico y Madrid, por lo que incurri&oacute; en costos extraordinarios adicionales por devoluci&oacute;n de aviones.<\/p>\n<\/blockquote>\n","protected":false},"excerpt":{"rendered":"<p>Una p&eacute;rdida neta de 104 millones de d&oacute;lares registr&oacute; en el segundo trimestre del a&ntilde;o&nbsp;la aerol&iacute;nea brasile&ntilde;a GOL por causa del alza de los combustibles, de acuerdo a reportes de esa empresa. GOL, la segunda m&aacute;s importante de Brasil, arroj&oacute; esta cifra, que equivale a 171 millones de reales y super&oacute; en 385% la p&eacute;rdida [&hellip;]<\/p>\n","protected":false},"author":1,"featured_media":0,"comment_status":"open","ping_status":"open","sticky":false,"template":"","format":"standard","meta":{"tdm_status":"","tdm_grid_status":"","footnotes":""},"categories":[32],"tags":[],"class_list":{"0":"post-216","1":"post","2":"type-post","3":"status-publish","4":"format-standard","6":"category-internacional"},"yoast_head":"<!-- This site is optimized with the Yoast SEO plugin v25.1 - https:\/\/yoast.com\/wordpress\/plugins\/seo\/ -->\n<title>US$104 millones en p<\/title>\n<meta name=\"description\" content=\"Portal de noticias del Per\u00fa sobre el transporte a\u00e9reo, aviaci\u00f3n, turismo, hoteleria, actualidad.\" \/>\n<meta name=\"robots\" content=\"index, follow, max-snippet:-1, max-image-preview:large, max-video-preview:-1\" \/>\n<link rel=\"canonical\" href=\"https:\/\/aeronoticias.com.pe\/noticiero\/transporte-aereo\/internacional\/us104-millones-en-pidas-registrrola-gol-en-segundo-trimestre-del-a\/\" \/>\n<meta property=\"og:locale\" content=\"es_ES\" \/>\n<meta property=\"og:type\" content=\"article\" \/>\n<meta property=\"og:title\" content=\"US$104 millones en p\" \/>\n<meta property=\"og:description\" content=\"Portal de noticias del Per\u00fa sobre el transporte a\u00e9reo, aviaci\u00f3n, turismo, hoteleria, actualidad.\" \/>\n<meta property=\"og:url\" content=\"https:\/\/aeronoticias.com.pe\/noticiero\/transporte-aereo\/internacional\/us104-millones-en-pidas-registrrola-gol-en-segundo-trimestre-del-a\/\" \/>\n<meta property=\"og:site_name\" content=\"Aeronoticias.com.pe\" \/>\n<meta property=\"article:publisher\" content=\"https:\/\/www.facebook.com\/Aeronoticias.com.pe\/\" \/>\n<meta property=\"article:published_time\" content=\"2008-08-12T14:58:15+00:00\" \/>\n<meta property=\"og:image\" content=\"http:\/\/aeronoticias.com.pe\/fotonoticias\/agosto\/gol.JPG\" \/>\n<meta name=\"author\" content=\"Redacci\u00f3n Aeronoticias\" \/>\n<meta name=\"twitter:card\" content=\"summary_large_image\" \/>\n<meta name=\"twitter:creator\" content=\"@aeronoticias\" \/>\n<meta name=\"twitter:site\" content=\"@aeronoticias\" \/>\n<meta name=\"twitter:label1\" content=\"Escrito por\" \/>\n\t<meta name=\"twitter:data1\" content=\"Redacci\u00f3n Aeronoticias\" \/>\n\t<meta name=\"twitter:label2\" content=\"Tiempo de lectura\" \/>\n\t<meta name=\"twitter:data2\" content=\"2 minutos\" \/>\n<script type=\"application\/ld+json\" class=\"yoast-schema-graph\">{\"@context\":\"https:\/\/schema.org\",\"@graph\":[{\"@type\":\"WebPage\",\"@id\":\"https:\/\/aeronoticias.com.pe\/noticiero\/transporte-aereo\/internacional\/us104-millones-en-pidas-registrrola-gol-en-segundo-trimestre-del-a\/\",\"url\":\"https:\/\/aeronoticias.com.pe\/noticiero\/transporte-aereo\/internacional\/us104-millones-en-pidas-registrrola-gol-en-segundo-trimestre-del-a\/\",\"name\":\"US$104 millones en p\",\"isPartOf\":{\"@id\":\"https:\/\/aeronoticias.com.pe\/noticiero\/#website\"},\"primaryImageOfPage\":{\"@id\":\"https:\/\/aeronoticias.com.pe\/noticiero\/transporte-aereo\/internacional\/us104-millones-en-pidas-registrrola-gol-en-segundo-trimestre-del-a\/#primaryimage\"},\"image\":{\"@id\":\"https:\/\/aeronoticias.com.pe\/noticiero\/transporte-aereo\/internacional\/us104-millones-en-pidas-registrrola-gol-en-segundo-trimestre-del-a\/#primaryimage\"},\"thumbnailUrl\":\"http:\/\/aeronoticias.com.pe\/fotonoticias\/agosto\/gol.JPG\",\"datePublished\":\"2008-08-12T14:58:15+00:00\",\"author\":{\"@id\":\"https:\/\/aeronoticias.com.pe\/noticiero\/#\/schema\/person\/fc1e5d578f4b62ba1cf7ac2bba1170a0\"},\"description\":\"Portal de noticias del Per\u00fa sobre el transporte a\u00e9reo, aviaci\u00f3n, turismo, hoteleria, actualidad.\",\"breadcrumb\":{\"@id\":\"https:\/\/aeronoticias.com.pe\/noticiero\/transporte-aereo\/internacional\/us104-millones-en-pidas-registrrola-gol-en-segundo-trimestre-del-a\/#breadcrumb\"},\"inLanguage\":\"es\",\"potentialAction\":[{\"@type\":\"ReadAction\",\"target\":[\"https:\/\/aeronoticias.com.pe\/noticiero\/transporte-aereo\/internacional\/us104-millones-en-pidas-registrrola-gol-en-segundo-trimestre-del-a\/\"]}]},{\"@type\":\"ImageObject\",\"inLanguage\":\"es\",\"@id\":\"https:\/\/aeronoticias.com.pe\/noticiero\/transporte-aereo\/internacional\/us104-millones-en-pidas-registrrola-gol-en-segundo-trimestre-del-a\/#primaryimage\",\"url\":\"http:\/\/aeronoticias.com.pe\/fotonoticias\/agosto\/gol.JPG\",\"contentUrl\":\"http:\/\/aeronoticias.com.pe\/fotonoticias\/agosto\/gol.JPG\"},{\"@type\":\"BreadcrumbList\",\"@id\":\"https:\/\/aeronoticias.com.pe\/noticiero\/transporte-aereo\/internacional\/us104-millones-en-pidas-registrrola-gol-en-segundo-trimestre-del-a\/#breadcrumb\",\"itemListElement\":[{\"@type\":\"ListItem\",\"position\":1,\"name\":\"Portada\",\"item\":\"https:\/\/aeronoticias.com.pe\/noticiero\/\"},{\"@type\":\"ListItem\",\"position\":2,\"name\":\"US$104 millones en p\"}]},{\"@type\":\"WebSite\",\"@id\":\"https:\/\/aeronoticias.com.pe\/noticiero\/#website\",\"url\":\"https:\/\/aeronoticias.com.pe\/noticiero\/\",\"name\":\"Aeronoticias.com.pe\",\"description\":\"Noticias de tranporte aereo, turismo, hoteles, gastronomia, actualidad, internacional\",\"potentialAction\":[{\"@type\":\"SearchAction\",\"target\":{\"@type\":\"EntryPoint\",\"urlTemplate\":\"https:\/\/aeronoticias.com.pe\/noticiero\/?s={search_term_string}\"},\"query-input\":{\"@type\":\"PropertyValueSpecification\",\"valueRequired\":true,\"valueName\":\"search_term_string\"}}],\"inLanguage\":\"es\"},{\"@type\":\"Person\",\"@id\":\"https:\/\/aeronoticias.com.pe\/noticiero\/#\/schema\/person\/fc1e5d578f4b62ba1cf7ac2bba1170a0\",\"name\":\"Redacci\u00f3n Aeronoticias\",\"url\":\"https:\/\/aeronoticias.com.pe\/noticiero\/author\/piloto\/\"}]}<\/script>\n<!-- \/ Yoast SEO plugin. -->","yoast_head_json":{"title":"US$104 millones en p","description":"Portal de noticias del Per\u00fa sobre el transporte a\u00e9reo, aviaci\u00f3n, turismo, hoteleria, actualidad.","robots":{"index":"index","follow":"follow","max-snippet":"max-snippet:-1","max-image-preview":"max-image-preview:large","max-video-preview":"max-video-preview:-1"},"canonical":"https:\/\/aeronoticias.com.pe\/noticiero\/transporte-aereo\/internacional\/us104-millones-en-pidas-registrrola-gol-en-segundo-trimestre-del-a\/","og_locale":"es_ES","og_type":"article","og_title":"US$104 millones en p","og_description":"Portal de noticias del Per\u00fa sobre el transporte a\u00e9reo, aviaci\u00f3n, turismo, hoteleria, actualidad.","og_url":"https:\/\/aeronoticias.com.pe\/noticiero\/transporte-aereo\/internacional\/us104-millones-en-pidas-registrrola-gol-en-segundo-trimestre-del-a\/","og_site_name":"Aeronoticias.com.pe","article_publisher":"https:\/\/www.facebook.com\/Aeronoticias.com.pe\/","article_published_time":"2008-08-12T14:58:15+00:00","og_image":[{"url":"http:\/\/aeronoticias.com.pe\/fotonoticias\/agosto\/gol.JPG","type":"","width":"","height":""}],"author":"Redacci\u00f3n Aeronoticias","twitter_card":"summary_large_image","twitter_creator":"@aeronoticias","twitter_site":"@aeronoticias","twitter_misc":{"Escrito por":"Redacci\u00f3n Aeronoticias","Tiempo de lectura":"2 minutos"},"schema":{"@context":"https:\/\/schema.org","@graph":[{"@type":"WebPage","@id":"https:\/\/aeronoticias.com.pe\/noticiero\/transporte-aereo\/internacional\/us104-millones-en-pidas-registrrola-gol-en-segundo-trimestre-del-a\/","url":"https:\/\/aeronoticias.com.pe\/noticiero\/transporte-aereo\/internacional\/us104-millones-en-pidas-registrrola-gol-en-segundo-trimestre-del-a\/","name":"US$104 millones en p","isPartOf":{"@id":"https:\/\/aeronoticias.com.pe\/noticiero\/#website"},"primaryImageOfPage":{"@id":"https:\/\/aeronoticias.com.pe\/noticiero\/transporte-aereo\/internacional\/us104-millones-en-pidas-registrrola-gol-en-segundo-trimestre-del-a\/#primaryimage"},"image":{"@id":"https:\/\/aeronoticias.com.pe\/noticiero\/transporte-aereo\/internacional\/us104-millones-en-pidas-registrrola-gol-en-segundo-trimestre-del-a\/#primaryimage"},"thumbnailUrl":"http:\/\/aeronoticias.com.pe\/fotonoticias\/agosto\/gol.JPG","datePublished":"2008-08-12T14:58:15+00:00","author":{"@id":"https:\/\/aeronoticias.com.pe\/noticiero\/#\/schema\/person\/fc1e5d578f4b62ba1cf7ac2bba1170a0"},"description":"Portal de noticias del Per\u00fa sobre el transporte a\u00e9reo, aviaci\u00f3n, turismo, hoteleria, actualidad.","breadcrumb":{"@id":"https:\/\/aeronoticias.com.pe\/noticiero\/transporte-aereo\/internacional\/us104-millones-en-pidas-registrrola-gol-en-segundo-trimestre-del-a\/#breadcrumb"},"inLanguage":"es","potentialAction":[{"@type":"ReadAction","target":["https:\/\/aeronoticias.com.pe\/noticiero\/transporte-aereo\/internacional\/us104-millones-en-pidas-registrrola-gol-en-segundo-trimestre-del-a\/"]}]},{"@type":"ImageObject","inLanguage":"es","@id":"https:\/\/aeronoticias.com.pe\/noticiero\/transporte-aereo\/internacional\/us104-millones-en-pidas-registrrola-gol-en-segundo-trimestre-del-a\/#primaryimage","url":"http:\/\/aeronoticias.com.pe\/fotonoticias\/agosto\/gol.JPG","contentUrl":"http:\/\/aeronoticias.com.pe\/fotonoticias\/agosto\/gol.JPG"},{"@type":"BreadcrumbList","@id":"https:\/\/aeronoticias.com.pe\/noticiero\/transporte-aereo\/internacional\/us104-millones-en-pidas-registrrola-gol-en-segundo-trimestre-del-a\/#breadcrumb","itemListElement":[{"@type":"ListItem","position":1,"name":"Portada","item":"https:\/\/aeronoticias.com.pe\/noticiero\/"},{"@type":"ListItem","position":2,"name":"US$104 millones en p"}]},{"@type":"WebSite","@id":"https:\/\/aeronoticias.com.pe\/noticiero\/#website","url":"https:\/\/aeronoticias.com.pe\/noticiero\/","name":"Aeronoticias.com.pe","description":"Noticias de tranporte aereo, turismo, hoteles, gastronomia, actualidad, internacional","potentialAction":[{"@type":"SearchAction","target":{"@type":"EntryPoint","urlTemplate":"https:\/\/aeronoticias.com.pe\/noticiero\/?s={search_term_string}"},"query-input":{"@type":"PropertyValueSpecification","valueRequired":true,"valueName":"search_term_string"}}],"inLanguage":"es"},{"@type":"Person","@id":"https:\/\/aeronoticias.com.pe\/noticiero\/#\/schema\/person\/fc1e5d578f4b62ba1cf7ac2bba1170a0","name":"Redacci\u00f3n Aeronoticias","url":"https:\/\/aeronoticias.com.pe\/noticiero\/author\/piloto\/"}]}},"_links":{"self":[{"href":"https:\/\/aeronoticias.com.pe\/noticiero\/wp-json\/wp\/v2\/posts\/216","targetHints":{"allow":["GET"]}}],"collection":[{"href":"https:\/\/aeronoticias.com.pe\/noticiero\/wp-json\/wp\/v2\/posts"}],"about":[{"href":"https:\/\/aeronoticias.com.pe\/noticiero\/wp-json\/wp\/v2\/types\/post"}],"author":[{"embeddable":true,"href":"https:\/\/aeronoticias.com.pe\/noticiero\/wp-json\/wp\/v2\/users\/1"}],"replies":[{"embeddable":true,"href":"https:\/\/aeronoticias.com.pe\/noticiero\/wp-json\/wp\/v2\/comments?post=216"}],"version-history":[{"count":0,"href":"https:\/\/aeronoticias.com.pe\/noticiero\/wp-json\/wp\/v2\/posts\/216\/revisions"}],"wp:attachment":[{"href":"https:\/\/aeronoticias.com.pe\/noticiero\/wp-json\/wp\/v2\/media?parent=216"}],"wp:term":[{"taxonomy":"category","embeddable":true,"href":"https:\/\/aeronoticias.com.pe\/noticiero\/wp-json\/wp\/v2\/categories?post=216"},{"taxonomy":"post_tag","embeddable":true,"href":"https:\/\/aeronoticias.com.pe\/noticiero\/wp-json\/wp\/v2\/tags?post=216"}],"curies":[{"name":"wp","href":"https:\/\/api.w.org\/{rel}","templated":true}]}}