{"id":2162,"date":"2009-03-03T12:44:12","date_gmt":"2009-03-03T12:44:12","guid":{"rendered":"http:\/\/desarrollo.mcvicious.com\/aero2020\/2009\/03\/03\/mal-tiempo-cancela-vuelos-en-eeuu\/"},"modified":"2009-03-03T12:44:12","modified_gmt":"2009-03-03T12:44:12","slug":"mal-tiempo-cancela-vuelos-en-eeuu","status":"publish","type":"post","link":"https:\/\/aeronoticias.com.pe\/noticiero\/transporte-aereo\/internacional\/mal-tiempo-cancela-vuelos-en-eeuu\/","title":{"rendered":"MAL TIEMPO CANCELA VUELOS EN EEUU"},"content":{"rendered":"<div align=\"justify\">Debido a las condiciones clim&aacute;ticas en ciudades como New York y New Jersey, se han visto afectados los vuelos en los aeropuertos de la zona. Es as&iacute; que decenas de pasajeros que ten&iacute;an reservaciones para viajar ayer a las ciudades norteamericanas de New York y New Jersey quedaron varados, tras la cancelaci&oacute;n de varios vuelos comerciales a consecuencia de una tormenta de nieve que afecta parte de Estados Unidos. <\/p>\n<\/div>\n<div align=\"justify\">\n<div style=\"text-align: center\"><img loading=\"lazy\" decoding=\"async\" src=\"http:\/\/www.aeronoticias.com.pe\/fotonoticias\/0109\/03\/040309\/maltime.jpg\" alt=\" \" title=\"MAL TIEMPO CANCELA VUELOS EN EEUU\" width=\"400\" height=\"268\" \/><\/div>\n<\/div>\n<p> <!--more--> <\/p>\n<p>&nbsp;<\/p>\n<div align=\"justify\">Distintos vuelos provenientes de rutas de cabotaje como internacional, de paises como Argentina, Per&uacute;, Chile, M&eacute;xico, Brasil, Jamaica, Colombia, Espa&ntilde;a, Rep&uacute;blica Dominicana, fueron algunos cancelados, otros desviados y otros retrasados, tanto salidas como llegadas.<\/p>\n<p>Debido al mal tiempo prevaleciente en territorio norteamericano fue suspendido el vuelo 1529 de American Airlines que deb&iacute;a llegar a las 14:30 de la tarde procedente de New York. Mientras que ese mismo vuelo de American estaba programado para salir de Rep&uacute;blica Dominicana a las 15:55 de la tarde con el n&uacute;mero 1582 hacia el aeropuerto John F. Kennedy de la urbe neoyorquina. <\/p>\n<p>El vuelo 743 de Continental Airlines, que se esperaba a las 12:10 minutos de la tarde procedente del aeropuerto de Newark, New Jersey, tambi&eacute;n fue cancelado. Ese mismo vuelo estaba supuestamente programado para salir con el n&uacute;mero 751 hacia la referida ciudad estadounidense a las 13:32 de la tarde de ayer. <\/p>\n<p>Vuelos demorados y la interrupci&oacute;n en el tr&aacute;fico a&eacute;reo entre Rep&uacute;blica Dominicana y las dos ciudades norteamericanas producto de las malas condiciones climatol&oacute;gicas afect&oacute; a decenas de viajeros hacia EEUU. Otros vuelos que llegar&iacute;an y saldr&iacute;an desde aqu&iacute; hacia territorio norteamericano tambi&eacute;n sufrieron retrasos de una y dos horas en su salida y llegada a la terminal aeroportuaria. <\/p>\n<p>El mal tiempo origin&oacute; asimismo que los vuelos de American, Jet- Blue sufrieran retrasados en sus horarios de salida de los aeropuertos Newark y John F. Kennedy, as&iacute; como de la terminal Las Am&eacute;ricas. La directora de Comunicaci&oacute;n de Aeropuertos Dominicanos Siglo XXI, Yolanda Ma&ntilde;&aacute;n, dijo que los vuelos de la aerol&iacute;nea Jet-Blue no llegaron a suspenderse, aunque s&iacute; tuvieron retrasos tanto en su llegada como en su salida de la terminal. <\/div>\n<p align=\"justify\">&nbsp;<\/p>\n","protected":false},"excerpt":{"rendered":"<p>Debido a las condiciones clim&aacute;ticas en ciudades como New York y New Jersey, se han visto afectados los vuelos en los aeropuertos de la zona. Es as&iacute; que decenas de pasajeros que ten&iacute;an reservaciones para viajar ayer a las ciudades norteamericanas de New York y New Jersey quedaron varados, tras la cancelaci&oacute;n de varios vuelos [&hellip;]<\/p>\n","protected":false},"author":1,"featured_media":0,"comment_status":"open","ping_status":"open","sticky":false,"template":"","format":"standard","meta":{"tdm_status":"","tdm_grid_status":"","footnotes":""},"categories":[32],"tags":[],"class_list":{"0":"post-2162","1":"post","2":"type-post","3":"status-publish","4":"format-standard","6":"category-internacional"},"yoast_head":"<!-- This site is optimized with the Yoast SEO plugin v25.1 - https:\/\/yoast.com\/wordpress\/plugins\/seo\/ -->\n<title>MAL TIEMPO CANCELA VUELOS EN EEUU<\/title>\n<meta name=\"description\" content=\"Portal de noticias del Per\u00fa sobre el transporte a\u00e9reo, aviaci\u00f3n, turismo, hoteleria, actualidad.\" \/>\n<meta name=\"robots\" content=\"index, follow, max-snippet:-1, max-image-preview:large, max-video-preview:-1\" \/>\n<link rel=\"canonical\" href=\"https:\/\/aeronoticias.com.pe\/noticiero\/transporte-aereo\/internacional\/mal-tiempo-cancela-vuelos-en-eeuu\/\" \/>\n<meta property=\"og:locale\" content=\"es_ES\" \/>\n<meta property=\"og:type\" content=\"article\" \/>\n<meta property=\"og:title\" content=\"MAL TIEMPO CANCELA VUELOS EN EEUU\" \/>\n<meta property=\"og:description\" content=\"Portal de noticias del Per\u00fa sobre el transporte a\u00e9reo, aviaci\u00f3n, turismo, hoteleria, actualidad.\" \/>\n<meta property=\"og:url\" content=\"https:\/\/aeronoticias.com.pe\/noticiero\/transporte-aereo\/internacional\/mal-tiempo-cancela-vuelos-en-eeuu\/\" \/>\n<meta property=\"og:site_name\" content=\"Aeronoticias.com.pe\" \/>\n<meta property=\"article:publisher\" content=\"https:\/\/www.facebook.com\/Aeronoticias.com.pe\/\" \/>\n<meta property=\"article:published_time\" content=\"2009-03-03T12:44:12+00:00\" \/>\n<meta property=\"og:image\" content=\"http:\/\/www.aeronoticias.com.pe\/fotonoticias\/0109\/03\/040309\/maltime.jpg\" \/>\n<meta name=\"author\" content=\"Redacci\u00f3n Aeronoticias\" \/>\n<meta name=\"twitter:card\" content=\"summary_large_image\" \/>\n<meta name=\"twitter:creator\" content=\"@aeronoticias\" \/>\n<meta name=\"twitter:site\" content=\"@aeronoticias\" \/>\n<meta name=\"twitter:label1\" content=\"Escrito por\" \/>\n\t<meta name=\"twitter:data1\" content=\"Redacci\u00f3n Aeronoticias\" \/>\n\t<meta name=\"twitter:label2\" content=\"Tiempo de lectura\" \/>\n\t<meta name=\"twitter:data2\" content=\"2 minutos\" \/>\n<script type=\"application\/ld+json\" class=\"yoast-schema-graph\">{\"@context\":\"https:\/\/schema.org\",\"@graph\":[{\"@type\":\"WebPage\",\"@id\":\"https:\/\/aeronoticias.com.pe\/noticiero\/transporte-aereo\/internacional\/mal-tiempo-cancela-vuelos-en-eeuu\/\",\"url\":\"https:\/\/aeronoticias.com.pe\/noticiero\/transporte-aereo\/internacional\/mal-tiempo-cancela-vuelos-en-eeuu\/\",\"name\":\"MAL TIEMPO CANCELA VUELOS EN EEUU\",\"isPartOf\":{\"@id\":\"https:\/\/aeronoticias.com.pe\/noticiero\/#website\"},\"primaryImageOfPage\":{\"@id\":\"https:\/\/aeronoticias.com.pe\/noticiero\/transporte-aereo\/internacional\/mal-tiempo-cancela-vuelos-en-eeuu\/#primaryimage\"},\"image\":{\"@id\":\"https:\/\/aeronoticias.com.pe\/noticiero\/transporte-aereo\/internacional\/mal-tiempo-cancela-vuelos-en-eeuu\/#primaryimage\"},\"thumbnailUrl\":\"http:\/\/www.aeronoticias.com.pe\/fotonoticias\/0109\/03\/040309\/maltime.jpg\",\"datePublished\":\"2009-03-03T12:44:12+00:00\",\"author\":{\"@id\":\"https:\/\/aeronoticias.com.pe\/noticiero\/#\/schema\/person\/fc1e5d578f4b62ba1cf7ac2bba1170a0\"},\"description\":\"Portal de noticias del Per\u00fa sobre el transporte a\u00e9reo, aviaci\u00f3n, turismo, hoteleria, actualidad.\",\"breadcrumb\":{\"@id\":\"https:\/\/aeronoticias.com.pe\/noticiero\/transporte-aereo\/internacional\/mal-tiempo-cancela-vuelos-en-eeuu\/#breadcrumb\"},\"inLanguage\":\"es\",\"potentialAction\":[{\"@type\":\"ReadAction\",\"target\":[\"https:\/\/aeronoticias.com.pe\/noticiero\/transporte-aereo\/internacional\/mal-tiempo-cancela-vuelos-en-eeuu\/\"]}]},{\"@type\":\"ImageObject\",\"inLanguage\":\"es\",\"@id\":\"https:\/\/aeronoticias.com.pe\/noticiero\/transporte-aereo\/internacional\/mal-tiempo-cancela-vuelos-en-eeuu\/#primaryimage\",\"url\":\"http:\/\/www.aeronoticias.com.pe\/fotonoticias\/0109\/03\/040309\/maltime.jpg\",\"contentUrl\":\"http:\/\/www.aeronoticias.com.pe\/fotonoticias\/0109\/03\/040309\/maltime.jpg\"},{\"@type\":\"BreadcrumbList\",\"@id\":\"https:\/\/aeronoticias.com.pe\/noticiero\/transporte-aereo\/internacional\/mal-tiempo-cancela-vuelos-en-eeuu\/#breadcrumb\",\"itemListElement\":[{\"@type\":\"ListItem\",\"position\":1,\"name\":\"Portada\",\"item\":\"https:\/\/aeronoticias.com.pe\/noticiero\/\"},{\"@type\":\"ListItem\",\"position\":2,\"name\":\"MAL TIEMPO CANCELA VUELOS EN EEUU\"}]},{\"@type\":\"WebSite\",\"@id\":\"https:\/\/aeronoticias.com.pe\/noticiero\/#website\",\"url\":\"https:\/\/aeronoticias.com.pe\/noticiero\/\",\"name\":\"Aeronoticias.com.pe\",\"description\":\"Noticias de tranporte aereo, turismo, hoteles, gastronomia, actualidad, internacional\",\"potentialAction\":[{\"@type\":\"SearchAction\",\"target\":{\"@type\":\"EntryPoint\",\"urlTemplate\":\"https:\/\/aeronoticias.com.pe\/noticiero\/?s={search_term_string}\"},\"query-input\":{\"@type\":\"PropertyValueSpecification\",\"valueRequired\":true,\"valueName\":\"search_term_string\"}}],\"inLanguage\":\"es\"},{\"@type\":\"Person\",\"@id\":\"https:\/\/aeronoticias.com.pe\/noticiero\/#\/schema\/person\/fc1e5d578f4b62ba1cf7ac2bba1170a0\",\"name\":\"Redacci\u00f3n Aeronoticias\",\"url\":\"https:\/\/aeronoticias.com.pe\/noticiero\/author\/piloto\/\"}]}<\/script>\n<!-- \/ Yoast SEO plugin. -->","yoast_head_json":{"title":"MAL TIEMPO CANCELA VUELOS EN EEUU","description":"Portal de noticias del Per\u00fa sobre el transporte a\u00e9reo, aviaci\u00f3n, turismo, hoteleria, actualidad.","robots":{"index":"index","follow":"follow","max-snippet":"max-snippet:-1","max-image-preview":"max-image-preview:large","max-video-preview":"max-video-preview:-1"},"canonical":"https:\/\/aeronoticias.com.pe\/noticiero\/transporte-aereo\/internacional\/mal-tiempo-cancela-vuelos-en-eeuu\/","og_locale":"es_ES","og_type":"article","og_title":"MAL TIEMPO CANCELA VUELOS EN EEUU","og_description":"Portal de noticias del Per\u00fa sobre el transporte a\u00e9reo, aviaci\u00f3n, turismo, hoteleria, actualidad.","og_url":"https:\/\/aeronoticias.com.pe\/noticiero\/transporte-aereo\/internacional\/mal-tiempo-cancela-vuelos-en-eeuu\/","og_site_name":"Aeronoticias.com.pe","article_publisher":"https:\/\/www.facebook.com\/Aeronoticias.com.pe\/","article_published_time":"2009-03-03T12:44:12+00:00","og_image":[{"url":"http:\/\/www.aeronoticias.com.pe\/fotonoticias\/0109\/03\/040309\/maltime.jpg","type":"","width":"","height":""}],"author":"Redacci\u00f3n Aeronoticias","twitter_card":"summary_large_image","twitter_creator":"@aeronoticias","twitter_site":"@aeronoticias","twitter_misc":{"Escrito por":"Redacci\u00f3n Aeronoticias","Tiempo de lectura":"2 minutos"},"schema":{"@context":"https:\/\/schema.org","@graph":[{"@type":"WebPage","@id":"https:\/\/aeronoticias.com.pe\/noticiero\/transporte-aereo\/internacional\/mal-tiempo-cancela-vuelos-en-eeuu\/","url":"https:\/\/aeronoticias.com.pe\/noticiero\/transporte-aereo\/internacional\/mal-tiempo-cancela-vuelos-en-eeuu\/","name":"MAL TIEMPO CANCELA VUELOS EN EEUU","isPartOf":{"@id":"https:\/\/aeronoticias.com.pe\/noticiero\/#website"},"primaryImageOfPage":{"@id":"https:\/\/aeronoticias.com.pe\/noticiero\/transporte-aereo\/internacional\/mal-tiempo-cancela-vuelos-en-eeuu\/#primaryimage"},"image":{"@id":"https:\/\/aeronoticias.com.pe\/noticiero\/transporte-aereo\/internacional\/mal-tiempo-cancela-vuelos-en-eeuu\/#primaryimage"},"thumbnailUrl":"http:\/\/www.aeronoticias.com.pe\/fotonoticias\/0109\/03\/040309\/maltime.jpg","datePublished":"2009-03-03T12:44:12+00:00","author":{"@id":"https:\/\/aeronoticias.com.pe\/noticiero\/#\/schema\/person\/fc1e5d578f4b62ba1cf7ac2bba1170a0"},"description":"Portal de noticias del Per\u00fa sobre el transporte a\u00e9reo, aviaci\u00f3n, turismo, hoteleria, actualidad.","breadcrumb":{"@id":"https:\/\/aeronoticias.com.pe\/noticiero\/transporte-aereo\/internacional\/mal-tiempo-cancela-vuelos-en-eeuu\/#breadcrumb"},"inLanguage":"es","potentialAction":[{"@type":"ReadAction","target":["https:\/\/aeronoticias.com.pe\/noticiero\/transporte-aereo\/internacional\/mal-tiempo-cancela-vuelos-en-eeuu\/"]}]},{"@type":"ImageObject","inLanguage":"es","@id":"https:\/\/aeronoticias.com.pe\/noticiero\/transporte-aereo\/internacional\/mal-tiempo-cancela-vuelos-en-eeuu\/#primaryimage","url":"http:\/\/www.aeronoticias.com.pe\/fotonoticias\/0109\/03\/040309\/maltime.jpg","contentUrl":"http:\/\/www.aeronoticias.com.pe\/fotonoticias\/0109\/03\/040309\/maltime.jpg"},{"@type":"BreadcrumbList","@id":"https:\/\/aeronoticias.com.pe\/noticiero\/transporte-aereo\/internacional\/mal-tiempo-cancela-vuelos-en-eeuu\/#breadcrumb","itemListElement":[{"@type":"ListItem","position":1,"name":"Portada","item":"https:\/\/aeronoticias.com.pe\/noticiero\/"},{"@type":"ListItem","position":2,"name":"MAL TIEMPO CANCELA VUELOS EN EEUU"}]},{"@type":"WebSite","@id":"https:\/\/aeronoticias.com.pe\/noticiero\/#website","url":"https:\/\/aeronoticias.com.pe\/noticiero\/","name":"Aeronoticias.com.pe","description":"Noticias de tranporte aereo, turismo, hoteles, gastronomia, actualidad, internacional","potentialAction":[{"@type":"SearchAction","target":{"@type":"EntryPoint","urlTemplate":"https:\/\/aeronoticias.com.pe\/noticiero\/?s={search_term_string}"},"query-input":{"@type":"PropertyValueSpecification","valueRequired":true,"valueName":"search_term_string"}}],"inLanguage":"es"},{"@type":"Person","@id":"https:\/\/aeronoticias.com.pe\/noticiero\/#\/schema\/person\/fc1e5d578f4b62ba1cf7ac2bba1170a0","name":"Redacci\u00f3n Aeronoticias","url":"https:\/\/aeronoticias.com.pe\/noticiero\/author\/piloto\/"}]}},"_links":{"self":[{"href":"https:\/\/aeronoticias.com.pe\/noticiero\/wp-json\/wp\/v2\/posts\/2162","targetHints":{"allow":["GET"]}}],"collection":[{"href":"https:\/\/aeronoticias.com.pe\/noticiero\/wp-json\/wp\/v2\/posts"}],"about":[{"href":"https:\/\/aeronoticias.com.pe\/noticiero\/wp-json\/wp\/v2\/types\/post"}],"author":[{"embeddable":true,"href":"https:\/\/aeronoticias.com.pe\/noticiero\/wp-json\/wp\/v2\/users\/1"}],"replies":[{"embeddable":true,"href":"https:\/\/aeronoticias.com.pe\/noticiero\/wp-json\/wp\/v2\/comments?post=2162"}],"version-history":[{"count":0,"href":"https:\/\/aeronoticias.com.pe\/noticiero\/wp-json\/wp\/v2\/posts\/2162\/revisions"}],"wp:attachment":[{"href":"https:\/\/aeronoticias.com.pe\/noticiero\/wp-json\/wp\/v2\/media?parent=2162"}],"wp:term":[{"taxonomy":"category","embeddable":true,"href":"https:\/\/aeronoticias.com.pe\/noticiero\/wp-json\/wp\/v2\/categories?post=2162"},{"taxonomy":"post_tag","embeddable":true,"href":"https:\/\/aeronoticias.com.pe\/noticiero\/wp-json\/wp\/v2\/tags?post=2162"}],"curies":[{"name":"wp","href":"https:\/\/api.w.org\/{rel}","templated":true}]}}