{"id":21624,"date":"2011-12-15T20:14:47","date_gmt":"2011-12-15T20:14:47","guid":{"rendered":"http:\/\/desarrollo.mcvicious.com\/aero2020\/2011\/12\/15\/aerolinea-brasilena-tam-y-la-turca-turkish-operaran-vuelos-compartidos\/"},"modified":"2011-12-15T20:14:47","modified_gmt":"2011-12-15T20:14:47","slug":"aerolinea-brasilena-tam-y-la-turca-turkish-operaran-vuelos-compartidos","status":"publish","type":"post","link":"https:\/\/aeronoticias.com.pe\/noticiero\/transporte-aereo\/internacional\/aerolinea-brasilena-tam-y-la-turca-turkish-operaran-vuelos-compartidos\/","title":{"rendered":"Aerol\u00ednea brasile\u00f1a TAM y la turca Turkish operar\u00e1n vuelos compartidos"},"content":{"rendered":"<p style=\"text-align: justify;\"><strong>(Aeronoticias).-<\/strong> La aerol\u00ednea brasile\u00f1a TAM y la turca Turkish, que forman parte del grupo Star Alliance, firmaron un acuerdo para compartir vuelos y aumentar las opciones de destinos en Sudam\u00e9rica y Europa, anunci\u00f3 hoy la primera compa\u00f1\u00eda.<\/p>\n<p style=\"text-align: justify;\">Con el acuerdo, \u00abcada una de las empresas podr\u00e1 comercializar asientos en determinados vuelos operados por su alianza\u00bb, se\u00f1al\u00f3 TAM en un comunicado.\u00a0La entrada en vigor del acuerdo est\u00e1 prevista para 2012, despu\u00e9s de que sea aprobado por las autoridades reguladoras de Brasil y Turqu\u00eda.<\/p>\n<hr id=\"system-readmore\" style=\"text-align: justify;\" \/>\n<p style=\"text-align: justify;\">El acuerdo prev\u00e9 que los clientes de TAM puedan adquirir directamente pasajes para Estambul, mientras que los de Turkish podr\u00e1n comprarlos para las ciudades brasile\u00f1as de Sao Paulo, R\u00edo de Janeiro, Brasilia, Porto Alegre y Foz do Iguaz\u00fa.<\/p>\n<p style=\"text-align: justify;\">Tambi\u00e9n en las agencias de Turkish se podr\u00e1n adquirir los pasajes para Buenos Aires en vuelos operados por TAM. Asimismo, a\u00a0trav\u00e9s de las interconexiones de rutas, los clientes podr\u00e1n viajar a Londres y Madrid, escalas del vuelo Sao Paulo-Estambul operado por Turkish. EFE<\/p>\n<p><img decoding=\"async\" src=\"images\/stories\/11\/12\/151211\/tamturkish.jpg\" border=\"0\" alt=\"Aerol\u00ednea brasile\u00f1a TAM y la turca Turkish operar\u00e1n vuelos compartidos\" title=\"Aerol\u00ednea brasile\u00f1a TAM y la turca Turkish operar\u00e1n vuelos compartidos\" \/><\/p>\n<p><\/p>\n","protected":false},"excerpt":{"rendered":"<p>(Aeronoticias).- La aerol\u00ednea brasile\u00f1a TAM y la turca Turkish, que forman parte del grupo Star Alliance, firmaron un acuerdo para compartir vuelos y aumentar las opciones de destinos en Sudam\u00e9rica y Europa, anunci\u00f3 hoy la primera compa\u00f1\u00eda. Con el acuerdo, \u00abcada una de las empresas podr\u00e1 comercializar asientos en determinados vuelos operados por su alianza\u00bb, [&hellip;]<\/p>\n","protected":false},"author":1,"featured_media":0,"comment_status":"open","ping_status":"open","sticky":false,"template":"","format":"standard","meta":{"tdm_status":"","tdm_grid_status":"","footnotes":""},"categories":[32],"tags":[],"class_list":{"0":"post-21624","1":"post","2":"type-post","3":"status-publish","4":"format-standard","6":"category-internacional"},"yoast_head":"<!-- This site is optimized with the Yoast SEO plugin v25.1 - https:\/\/yoast.com\/wordpress\/plugins\/seo\/ -->\n<title>Aerol\u00ednea brasile\u00f1a TAM y la turca Turkish operar\u00e1n vuelos compartidos<\/title>\n<meta name=\"description\" content=\"Portal de noticias del Per\u00fa sobre el transporte a\u00e9reo, aviaci\u00f3n, turismo, hoteleria, actualidad.\" \/>\n<meta name=\"robots\" content=\"index, follow, max-snippet:-1, max-image-preview:large, max-video-preview:-1\" \/>\n<link rel=\"canonical\" href=\"https:\/\/aeronoticias.com.pe\/noticiero\/transporte-aereo\/internacional\/aerolinea-brasilena-tam-y-la-turca-turkish-operaran-vuelos-compartidos\/\" \/>\n<meta property=\"og:locale\" content=\"es_ES\" \/>\n<meta property=\"og:type\" content=\"article\" \/>\n<meta property=\"og:title\" content=\"Aerol\u00ednea brasile\u00f1a TAM y la turca Turkish operar\u00e1n vuelos compartidos\" \/>\n<meta property=\"og:description\" content=\"Portal de noticias del Per\u00fa sobre el transporte a\u00e9reo, aviaci\u00f3n, turismo, hoteleria, actualidad.\" \/>\n<meta property=\"og:url\" content=\"https:\/\/aeronoticias.com.pe\/noticiero\/transporte-aereo\/internacional\/aerolinea-brasilena-tam-y-la-turca-turkish-operaran-vuelos-compartidos\/\" \/>\n<meta property=\"og:site_name\" content=\"Aeronoticias.com.pe\" \/>\n<meta property=\"article:publisher\" content=\"https:\/\/www.facebook.com\/Aeronoticias.com.pe\/\" \/>\n<meta property=\"article:published_time\" content=\"2011-12-15T20:14:47+00:00\" \/>\n<meta name=\"author\" content=\"Redacci\u00f3n Aeronoticias\" \/>\n<meta name=\"twitter:card\" content=\"summary_large_image\" \/>\n<meta name=\"twitter:creator\" content=\"@aeronoticias\" \/>\n<meta name=\"twitter:site\" content=\"@aeronoticias\" \/>\n<meta name=\"twitter:label1\" content=\"Escrito por\" \/>\n\t<meta name=\"twitter:data1\" content=\"Redacci\u00f3n Aeronoticias\" \/>\n\t<meta name=\"twitter:label2\" content=\"Tiempo de lectura\" \/>\n\t<meta name=\"twitter:data2\" content=\"1 minuto\" \/>\n<script type=\"application\/ld+json\" class=\"yoast-schema-graph\">{\"@context\":\"https:\/\/schema.org\",\"@graph\":[{\"@type\":\"WebPage\",\"@id\":\"https:\/\/aeronoticias.com.pe\/noticiero\/transporte-aereo\/internacional\/aerolinea-brasilena-tam-y-la-turca-turkish-operaran-vuelos-compartidos\/\",\"url\":\"https:\/\/aeronoticias.com.pe\/noticiero\/transporte-aereo\/internacional\/aerolinea-brasilena-tam-y-la-turca-turkish-operaran-vuelos-compartidos\/\",\"name\":\"Aerol\u00ednea brasile\u00f1a TAM y la turca Turkish operar\u00e1n vuelos compartidos\",\"isPartOf\":{\"@id\":\"https:\/\/aeronoticias.com.pe\/noticiero\/#website\"},\"datePublished\":\"2011-12-15T20:14:47+00:00\",\"author\":{\"@id\":\"https:\/\/aeronoticias.com.pe\/noticiero\/#\/schema\/person\/fc1e5d578f4b62ba1cf7ac2bba1170a0\"},\"description\":\"Portal de noticias del Per\u00fa sobre el transporte a\u00e9reo, aviaci\u00f3n, turismo, hoteleria, actualidad.\",\"breadcrumb\":{\"@id\":\"https:\/\/aeronoticias.com.pe\/noticiero\/transporte-aereo\/internacional\/aerolinea-brasilena-tam-y-la-turca-turkish-operaran-vuelos-compartidos\/#breadcrumb\"},\"inLanguage\":\"es\",\"potentialAction\":[{\"@type\":\"ReadAction\",\"target\":[\"https:\/\/aeronoticias.com.pe\/noticiero\/transporte-aereo\/internacional\/aerolinea-brasilena-tam-y-la-turca-turkish-operaran-vuelos-compartidos\/\"]}]},{\"@type\":\"BreadcrumbList\",\"@id\":\"https:\/\/aeronoticias.com.pe\/noticiero\/transporte-aereo\/internacional\/aerolinea-brasilena-tam-y-la-turca-turkish-operaran-vuelos-compartidos\/#breadcrumb\",\"itemListElement\":[{\"@type\":\"ListItem\",\"position\":1,\"name\":\"Portada\",\"item\":\"https:\/\/aeronoticias.com.pe\/noticiero\/\"},{\"@type\":\"ListItem\",\"position\":2,\"name\":\"Aerol\u00ednea brasile\u00f1a TAM y la turca Turkish operar\u00e1n vuelos compartidos\"}]},{\"@type\":\"WebSite\",\"@id\":\"https:\/\/aeronoticias.com.pe\/noticiero\/#website\",\"url\":\"https:\/\/aeronoticias.com.pe\/noticiero\/\",\"name\":\"Aeronoticias.com.pe\",\"description\":\"Noticias de tranporte aereo, turismo, hoteles, gastronomia, actualidad, internacional\",\"potentialAction\":[{\"@type\":\"SearchAction\",\"target\":{\"@type\":\"EntryPoint\",\"urlTemplate\":\"https:\/\/aeronoticias.com.pe\/noticiero\/?s={search_term_string}\"},\"query-input\":{\"@type\":\"PropertyValueSpecification\",\"valueRequired\":true,\"valueName\":\"search_term_string\"}}],\"inLanguage\":\"es\"},{\"@type\":\"Person\",\"@id\":\"https:\/\/aeronoticias.com.pe\/noticiero\/#\/schema\/person\/fc1e5d578f4b62ba1cf7ac2bba1170a0\",\"name\":\"Redacci\u00f3n Aeronoticias\",\"url\":\"https:\/\/aeronoticias.com.pe\/noticiero\/author\/piloto\/\"}]}<\/script>\n<!-- \/ Yoast SEO plugin. -->","yoast_head_json":{"title":"Aerol\u00ednea brasile\u00f1a TAM y la turca Turkish operar\u00e1n vuelos compartidos","description":"Portal de noticias del Per\u00fa sobre el transporte a\u00e9reo, aviaci\u00f3n, turismo, hoteleria, actualidad.","robots":{"index":"index","follow":"follow","max-snippet":"max-snippet:-1","max-image-preview":"max-image-preview:large","max-video-preview":"max-video-preview:-1"},"canonical":"https:\/\/aeronoticias.com.pe\/noticiero\/transporte-aereo\/internacional\/aerolinea-brasilena-tam-y-la-turca-turkish-operaran-vuelos-compartidos\/","og_locale":"es_ES","og_type":"article","og_title":"Aerol\u00ednea brasile\u00f1a TAM y la turca Turkish operar\u00e1n vuelos compartidos","og_description":"Portal de noticias del Per\u00fa sobre el transporte a\u00e9reo, aviaci\u00f3n, turismo, hoteleria, actualidad.","og_url":"https:\/\/aeronoticias.com.pe\/noticiero\/transporte-aereo\/internacional\/aerolinea-brasilena-tam-y-la-turca-turkish-operaran-vuelos-compartidos\/","og_site_name":"Aeronoticias.com.pe","article_publisher":"https:\/\/www.facebook.com\/Aeronoticias.com.pe\/","article_published_time":"2011-12-15T20:14:47+00:00","author":"Redacci\u00f3n Aeronoticias","twitter_card":"summary_large_image","twitter_creator":"@aeronoticias","twitter_site":"@aeronoticias","twitter_misc":{"Escrito por":"Redacci\u00f3n Aeronoticias","Tiempo de lectura":"1 minuto"},"schema":{"@context":"https:\/\/schema.org","@graph":[{"@type":"WebPage","@id":"https:\/\/aeronoticias.com.pe\/noticiero\/transporte-aereo\/internacional\/aerolinea-brasilena-tam-y-la-turca-turkish-operaran-vuelos-compartidos\/","url":"https:\/\/aeronoticias.com.pe\/noticiero\/transporte-aereo\/internacional\/aerolinea-brasilena-tam-y-la-turca-turkish-operaran-vuelos-compartidos\/","name":"Aerol\u00ednea brasile\u00f1a TAM y la turca Turkish operar\u00e1n vuelos compartidos","isPartOf":{"@id":"https:\/\/aeronoticias.com.pe\/noticiero\/#website"},"datePublished":"2011-12-15T20:14:47+00:00","author":{"@id":"https:\/\/aeronoticias.com.pe\/noticiero\/#\/schema\/person\/fc1e5d578f4b62ba1cf7ac2bba1170a0"},"description":"Portal de noticias del Per\u00fa sobre el transporte a\u00e9reo, aviaci\u00f3n, turismo, hoteleria, actualidad.","breadcrumb":{"@id":"https:\/\/aeronoticias.com.pe\/noticiero\/transporte-aereo\/internacional\/aerolinea-brasilena-tam-y-la-turca-turkish-operaran-vuelos-compartidos\/#breadcrumb"},"inLanguage":"es","potentialAction":[{"@type":"ReadAction","target":["https:\/\/aeronoticias.com.pe\/noticiero\/transporte-aereo\/internacional\/aerolinea-brasilena-tam-y-la-turca-turkish-operaran-vuelos-compartidos\/"]}]},{"@type":"BreadcrumbList","@id":"https:\/\/aeronoticias.com.pe\/noticiero\/transporte-aereo\/internacional\/aerolinea-brasilena-tam-y-la-turca-turkish-operaran-vuelos-compartidos\/#breadcrumb","itemListElement":[{"@type":"ListItem","position":1,"name":"Portada","item":"https:\/\/aeronoticias.com.pe\/noticiero\/"},{"@type":"ListItem","position":2,"name":"Aerol\u00ednea brasile\u00f1a TAM y la turca Turkish operar\u00e1n vuelos compartidos"}]},{"@type":"WebSite","@id":"https:\/\/aeronoticias.com.pe\/noticiero\/#website","url":"https:\/\/aeronoticias.com.pe\/noticiero\/","name":"Aeronoticias.com.pe","description":"Noticias de tranporte aereo, turismo, hoteles, gastronomia, actualidad, internacional","potentialAction":[{"@type":"SearchAction","target":{"@type":"EntryPoint","urlTemplate":"https:\/\/aeronoticias.com.pe\/noticiero\/?s={search_term_string}"},"query-input":{"@type":"PropertyValueSpecification","valueRequired":true,"valueName":"search_term_string"}}],"inLanguage":"es"},{"@type":"Person","@id":"https:\/\/aeronoticias.com.pe\/noticiero\/#\/schema\/person\/fc1e5d578f4b62ba1cf7ac2bba1170a0","name":"Redacci\u00f3n Aeronoticias","url":"https:\/\/aeronoticias.com.pe\/noticiero\/author\/piloto\/"}]}},"_links":{"self":[{"href":"https:\/\/aeronoticias.com.pe\/noticiero\/wp-json\/wp\/v2\/posts\/21624","targetHints":{"allow":["GET"]}}],"collection":[{"href":"https:\/\/aeronoticias.com.pe\/noticiero\/wp-json\/wp\/v2\/posts"}],"about":[{"href":"https:\/\/aeronoticias.com.pe\/noticiero\/wp-json\/wp\/v2\/types\/post"}],"author":[{"embeddable":true,"href":"https:\/\/aeronoticias.com.pe\/noticiero\/wp-json\/wp\/v2\/users\/1"}],"replies":[{"embeddable":true,"href":"https:\/\/aeronoticias.com.pe\/noticiero\/wp-json\/wp\/v2\/comments?post=21624"}],"version-history":[{"count":0,"href":"https:\/\/aeronoticias.com.pe\/noticiero\/wp-json\/wp\/v2\/posts\/21624\/revisions"}],"wp:attachment":[{"href":"https:\/\/aeronoticias.com.pe\/noticiero\/wp-json\/wp\/v2\/media?parent=21624"}],"wp:term":[{"taxonomy":"category","embeddable":true,"href":"https:\/\/aeronoticias.com.pe\/noticiero\/wp-json\/wp\/v2\/categories?post=21624"},{"taxonomy":"post_tag","embeddable":true,"href":"https:\/\/aeronoticias.com.pe\/noticiero\/wp-json\/wp\/v2\/tags?post=21624"}],"curies":[{"name":"wp","href":"https:\/\/api.w.org\/{rel}","templated":true}]}}