{"id":21625,"date":"2011-12-15T20:58:58","date_gmt":"2011-12-15T20:58:58","guid":{"rendered":"http:\/\/desarrollo.mcvicious.com\/aero2020\/2011\/12\/15\/fuerte-caida-de-los-pasajeros-qpremiumq-en-octubre-segun-la-iata\/"},"modified":"2011-12-15T20:58:58","modified_gmt":"2011-12-15T20:58:58","slug":"fuerte-caida-de-los-pasajeros-qpremiumq-en-octubre-segun-la-iata","status":"publish","type":"post","link":"https:\/\/aeronoticias.com.pe\/noticiero\/transporte-aereo\/internacional\/fuerte-caida-de-los-pasajeros-qpremiumq-en-octubre-segun-la-iata\/","title":{"rendered":"Fuerte ca\u00edda del n\u00famero de pasajeros que vuelan en primera clase, seg\u00fan IATA"},"content":{"rendered":"<p style=\"text-align: justify;\"><strong>(Aeronoticias).- <\/strong>Seg\u00fan datos difundidos por la Asociaci\u00f3n Internacional de Transporte A\u00e9reo (IATA), el n\u00famero de pasajeros que volaron con pasajes \u00abpremium\u00bb (clase alta) cay\u00f3 con fuerza en los mercados internacionales el pasado mes de octubre.<\/p>\n<p style=\"text-align: justify;\">En comparaci\u00f3n con el mes de octubre de 2010, el incremento de pasajes\u00bbpremium\u00bb fue \u00fanicamente del 0,1 %, despu\u00e9s de que en septiembre se registrara una subida interanual del 6,7 %.<\/p>\n<p>  <!--more-->  <\/p>\n<p style=\"text-align: justify;\">La IATA explic\u00f3 que el dato tiene que ver con la decisi\u00f3n de los pasajeros que habitualmente viajan en \u00abbusiness\u00bb de volar en asientos m\u00e1s baratos, ya que el incremento interanual en octubre de los billetes de clase turista fue del 4 %.<\/p>\n<p style=\"text-align: justify;\">Este dato sit\u00faa a los viajeros \u00abpremium\u00bb en un nivel \u00abque no est\u00e1 muy lejos de los m\u00ednimos alcanzados en 2009\u00bb, se\u00f1al\u00f3 la IATA en un comunicado, que apunt\u00f3 al estancamiento del comercio mundial en los \u00faltimos meses y a la fuerte ca\u00edda de la confianza empresarial como los motivos fundamentales de este retroceso.<\/p>\n<p style=\"text-align: justify;\"><strong>M\u00e1s informaci\u00f3n<\/strong><\/p>\n<p style=\"text-align: justify;\">El descenso se ha detectado sobre todo en los vuelos dentro de Europa y entre Europa y Extremo Oriente, segmentos que hasta el pasado mes de octubre hab\u00edan mostrado resultados s\u00f3lidos y consistentes.\u00a0Sin embargo, en esas mismas rutas, la clase turista \u00abse mantuvo s\u00f3lida, lo que refleja los cambios en los viajes &#8216;business'\u00bb. EFE<\/p>\n<p><img decoding=\"async\" src=\"images\/stories\/11\/11\/221111\/p.clase.jpg\" border=\"0\" alt=\"Fuerte ca\u00edda del n\u00famero de pasajeros que vuelan en primera clase, seg\u00fan IATA\" title=\"Fuerte ca\u00edda del n\u00famero de pasajeros que vuelan en primera clase, seg\u00fan IATA\" \/><\/p>\n<p><\/p>\n<p style=\"text-align: justify;\">\u00a0<\/p>\n","protected":false},"excerpt":{"rendered":"<p>(Aeronoticias).- Seg\u00fan datos difundidos por la Asociaci\u00f3n Internacional de Transporte A\u00e9reo (IATA), el n\u00famero de pasajeros que volaron con pasajes \u00abpremium\u00bb (clase alta) cay\u00f3 con fuerza en los mercados internacionales el pasado mes de octubre. En comparaci\u00f3n con el mes de octubre de 2010, el incremento de pasajes\u00bbpremium\u00bb fue \u00fanicamente del 0,1 %, despu\u00e9s de [&hellip;]<\/p>\n","protected":false},"author":1,"featured_media":0,"comment_status":"open","ping_status":"open","sticky":false,"template":"","format":"standard","meta":{"tdm_status":"","tdm_grid_status":"","footnotes":""},"categories":[32],"tags":[],"class_list":{"0":"post-21625","1":"post","2":"type-post","3":"status-publish","4":"format-standard","6":"category-internacional"},"yoast_head":"<!-- This site is optimized with the Yoast SEO plugin v25.1 - https:\/\/yoast.com\/wordpress\/plugins\/seo\/ -->\n<title>Fuerte ca\u00edda del n\u00famero de pasajeros que vuelan en primera clase, seg\u00fan IATA<\/title>\n<meta name=\"description\" content=\"Portal de noticias del Per\u00fa sobre el transporte a\u00e9reo, aviaci\u00f3n, turismo, hoteleria, actualidad.\" \/>\n<meta name=\"robots\" content=\"index, follow, max-snippet:-1, max-image-preview:large, max-video-preview:-1\" \/>\n<link rel=\"canonical\" href=\"https:\/\/aeronoticias.com.pe\/noticiero\/transporte-aereo\/internacional\/fuerte-caida-de-los-pasajeros-qpremiumq-en-octubre-segun-la-iata\/\" \/>\n<meta property=\"og:locale\" content=\"es_ES\" \/>\n<meta property=\"og:type\" content=\"article\" \/>\n<meta property=\"og:title\" content=\"Fuerte ca\u00edda del n\u00famero de pasajeros que vuelan en primera clase, seg\u00fan IATA\" \/>\n<meta property=\"og:description\" content=\"Portal de noticias del Per\u00fa sobre el transporte a\u00e9reo, aviaci\u00f3n, turismo, hoteleria, actualidad.\" \/>\n<meta property=\"og:url\" content=\"https:\/\/aeronoticias.com.pe\/noticiero\/transporte-aereo\/internacional\/fuerte-caida-de-los-pasajeros-qpremiumq-en-octubre-segun-la-iata\/\" \/>\n<meta property=\"og:site_name\" content=\"Aeronoticias.com.pe\" \/>\n<meta property=\"article:publisher\" content=\"https:\/\/www.facebook.com\/Aeronoticias.com.pe\/\" \/>\n<meta property=\"article:published_time\" content=\"2011-12-15T20:58:58+00:00\" \/>\n<meta name=\"author\" content=\"Redacci\u00f3n Aeronoticias\" \/>\n<meta name=\"twitter:card\" content=\"summary_large_image\" \/>\n<meta name=\"twitter:creator\" content=\"@aeronoticias\" \/>\n<meta name=\"twitter:site\" content=\"@aeronoticias\" \/>\n<meta name=\"twitter:label1\" content=\"Escrito por\" \/>\n\t<meta name=\"twitter:data1\" content=\"Redacci\u00f3n Aeronoticias\" \/>\n\t<meta name=\"twitter:label2\" content=\"Tiempo de lectura\" \/>\n\t<meta name=\"twitter:data2\" content=\"1 minuto\" \/>\n<script type=\"application\/ld+json\" class=\"yoast-schema-graph\">{\"@context\":\"https:\/\/schema.org\",\"@graph\":[{\"@type\":\"WebPage\",\"@id\":\"https:\/\/aeronoticias.com.pe\/noticiero\/transporte-aereo\/internacional\/fuerte-caida-de-los-pasajeros-qpremiumq-en-octubre-segun-la-iata\/\",\"url\":\"https:\/\/aeronoticias.com.pe\/noticiero\/transporte-aereo\/internacional\/fuerte-caida-de-los-pasajeros-qpremiumq-en-octubre-segun-la-iata\/\",\"name\":\"Fuerte ca\u00edda del n\u00famero de pasajeros que vuelan en primera clase, seg\u00fan IATA\",\"isPartOf\":{\"@id\":\"https:\/\/aeronoticias.com.pe\/noticiero\/#website\"},\"datePublished\":\"2011-12-15T20:58:58+00:00\",\"author\":{\"@id\":\"https:\/\/aeronoticias.com.pe\/noticiero\/#\/schema\/person\/fc1e5d578f4b62ba1cf7ac2bba1170a0\"},\"description\":\"Portal de noticias del Per\u00fa sobre el transporte a\u00e9reo, aviaci\u00f3n, turismo, hoteleria, actualidad.\",\"breadcrumb\":{\"@id\":\"https:\/\/aeronoticias.com.pe\/noticiero\/transporte-aereo\/internacional\/fuerte-caida-de-los-pasajeros-qpremiumq-en-octubre-segun-la-iata\/#breadcrumb\"},\"inLanguage\":\"es\",\"potentialAction\":[{\"@type\":\"ReadAction\",\"target\":[\"https:\/\/aeronoticias.com.pe\/noticiero\/transporte-aereo\/internacional\/fuerte-caida-de-los-pasajeros-qpremiumq-en-octubre-segun-la-iata\/\"]}]},{\"@type\":\"BreadcrumbList\",\"@id\":\"https:\/\/aeronoticias.com.pe\/noticiero\/transporte-aereo\/internacional\/fuerte-caida-de-los-pasajeros-qpremiumq-en-octubre-segun-la-iata\/#breadcrumb\",\"itemListElement\":[{\"@type\":\"ListItem\",\"position\":1,\"name\":\"Portada\",\"item\":\"https:\/\/aeronoticias.com.pe\/noticiero\/\"},{\"@type\":\"ListItem\",\"position\":2,\"name\":\"Fuerte ca\u00edda del n\u00famero de pasajeros que vuelan en primera clase, seg\u00fan IATA\"}]},{\"@type\":\"WebSite\",\"@id\":\"https:\/\/aeronoticias.com.pe\/noticiero\/#website\",\"url\":\"https:\/\/aeronoticias.com.pe\/noticiero\/\",\"name\":\"Aeronoticias.com.pe\",\"description\":\"Noticias de tranporte aereo, turismo, hoteles, gastronomia, actualidad, internacional\",\"potentialAction\":[{\"@type\":\"SearchAction\",\"target\":{\"@type\":\"EntryPoint\",\"urlTemplate\":\"https:\/\/aeronoticias.com.pe\/noticiero\/?s={search_term_string}\"},\"query-input\":{\"@type\":\"PropertyValueSpecification\",\"valueRequired\":true,\"valueName\":\"search_term_string\"}}],\"inLanguage\":\"es\"},{\"@type\":\"Person\",\"@id\":\"https:\/\/aeronoticias.com.pe\/noticiero\/#\/schema\/person\/fc1e5d578f4b62ba1cf7ac2bba1170a0\",\"name\":\"Redacci\u00f3n Aeronoticias\",\"url\":\"https:\/\/aeronoticias.com.pe\/noticiero\/author\/piloto\/\"}]}<\/script>\n<!-- \/ Yoast SEO plugin. -->","yoast_head_json":{"title":"Fuerte ca\u00edda del n\u00famero de pasajeros que vuelan en primera clase, seg\u00fan IATA","description":"Portal de noticias del Per\u00fa sobre el transporte a\u00e9reo, aviaci\u00f3n, turismo, hoteleria, actualidad.","robots":{"index":"index","follow":"follow","max-snippet":"max-snippet:-1","max-image-preview":"max-image-preview:large","max-video-preview":"max-video-preview:-1"},"canonical":"https:\/\/aeronoticias.com.pe\/noticiero\/transporte-aereo\/internacional\/fuerte-caida-de-los-pasajeros-qpremiumq-en-octubre-segun-la-iata\/","og_locale":"es_ES","og_type":"article","og_title":"Fuerte ca\u00edda del n\u00famero de pasajeros que vuelan en primera clase, seg\u00fan IATA","og_description":"Portal de noticias del Per\u00fa sobre el transporte a\u00e9reo, aviaci\u00f3n, turismo, hoteleria, actualidad.","og_url":"https:\/\/aeronoticias.com.pe\/noticiero\/transporte-aereo\/internacional\/fuerte-caida-de-los-pasajeros-qpremiumq-en-octubre-segun-la-iata\/","og_site_name":"Aeronoticias.com.pe","article_publisher":"https:\/\/www.facebook.com\/Aeronoticias.com.pe\/","article_published_time":"2011-12-15T20:58:58+00:00","author":"Redacci\u00f3n Aeronoticias","twitter_card":"summary_large_image","twitter_creator":"@aeronoticias","twitter_site":"@aeronoticias","twitter_misc":{"Escrito por":"Redacci\u00f3n Aeronoticias","Tiempo de lectura":"1 minuto"},"schema":{"@context":"https:\/\/schema.org","@graph":[{"@type":"WebPage","@id":"https:\/\/aeronoticias.com.pe\/noticiero\/transporte-aereo\/internacional\/fuerte-caida-de-los-pasajeros-qpremiumq-en-octubre-segun-la-iata\/","url":"https:\/\/aeronoticias.com.pe\/noticiero\/transporte-aereo\/internacional\/fuerte-caida-de-los-pasajeros-qpremiumq-en-octubre-segun-la-iata\/","name":"Fuerte ca\u00edda del n\u00famero de pasajeros que vuelan en primera clase, seg\u00fan IATA","isPartOf":{"@id":"https:\/\/aeronoticias.com.pe\/noticiero\/#website"},"datePublished":"2011-12-15T20:58:58+00:00","author":{"@id":"https:\/\/aeronoticias.com.pe\/noticiero\/#\/schema\/person\/fc1e5d578f4b62ba1cf7ac2bba1170a0"},"description":"Portal de noticias del Per\u00fa sobre el transporte a\u00e9reo, aviaci\u00f3n, turismo, hoteleria, actualidad.","breadcrumb":{"@id":"https:\/\/aeronoticias.com.pe\/noticiero\/transporte-aereo\/internacional\/fuerte-caida-de-los-pasajeros-qpremiumq-en-octubre-segun-la-iata\/#breadcrumb"},"inLanguage":"es","potentialAction":[{"@type":"ReadAction","target":["https:\/\/aeronoticias.com.pe\/noticiero\/transporte-aereo\/internacional\/fuerte-caida-de-los-pasajeros-qpremiumq-en-octubre-segun-la-iata\/"]}]},{"@type":"BreadcrumbList","@id":"https:\/\/aeronoticias.com.pe\/noticiero\/transporte-aereo\/internacional\/fuerte-caida-de-los-pasajeros-qpremiumq-en-octubre-segun-la-iata\/#breadcrumb","itemListElement":[{"@type":"ListItem","position":1,"name":"Portada","item":"https:\/\/aeronoticias.com.pe\/noticiero\/"},{"@type":"ListItem","position":2,"name":"Fuerte ca\u00edda del n\u00famero de pasajeros que vuelan en primera clase, seg\u00fan IATA"}]},{"@type":"WebSite","@id":"https:\/\/aeronoticias.com.pe\/noticiero\/#website","url":"https:\/\/aeronoticias.com.pe\/noticiero\/","name":"Aeronoticias.com.pe","description":"Noticias de tranporte aereo, turismo, hoteles, gastronomia, actualidad, internacional","potentialAction":[{"@type":"SearchAction","target":{"@type":"EntryPoint","urlTemplate":"https:\/\/aeronoticias.com.pe\/noticiero\/?s={search_term_string}"},"query-input":{"@type":"PropertyValueSpecification","valueRequired":true,"valueName":"search_term_string"}}],"inLanguage":"es"},{"@type":"Person","@id":"https:\/\/aeronoticias.com.pe\/noticiero\/#\/schema\/person\/fc1e5d578f4b62ba1cf7ac2bba1170a0","name":"Redacci\u00f3n Aeronoticias","url":"https:\/\/aeronoticias.com.pe\/noticiero\/author\/piloto\/"}]}},"_links":{"self":[{"href":"https:\/\/aeronoticias.com.pe\/noticiero\/wp-json\/wp\/v2\/posts\/21625","targetHints":{"allow":["GET"]}}],"collection":[{"href":"https:\/\/aeronoticias.com.pe\/noticiero\/wp-json\/wp\/v2\/posts"}],"about":[{"href":"https:\/\/aeronoticias.com.pe\/noticiero\/wp-json\/wp\/v2\/types\/post"}],"author":[{"embeddable":true,"href":"https:\/\/aeronoticias.com.pe\/noticiero\/wp-json\/wp\/v2\/users\/1"}],"replies":[{"embeddable":true,"href":"https:\/\/aeronoticias.com.pe\/noticiero\/wp-json\/wp\/v2\/comments?post=21625"}],"version-history":[{"count":0,"href":"https:\/\/aeronoticias.com.pe\/noticiero\/wp-json\/wp\/v2\/posts\/21625\/revisions"}],"wp:attachment":[{"href":"https:\/\/aeronoticias.com.pe\/noticiero\/wp-json\/wp\/v2\/media?parent=21625"}],"wp:term":[{"taxonomy":"category","embeddable":true,"href":"https:\/\/aeronoticias.com.pe\/noticiero\/wp-json\/wp\/v2\/categories?post=21625"},{"taxonomy":"post_tag","embeddable":true,"href":"https:\/\/aeronoticias.com.pe\/noticiero\/wp-json\/wp\/v2\/tags?post=21625"}],"curies":[{"name":"wp","href":"https:\/\/api.w.org\/{rel}","templated":true}]}}