{"id":21628,"date":"2011-12-16T02:40:26","date_gmt":"2011-12-16T02:40:26","guid":{"rendered":"http:\/\/desarrollo.mcvicious.com\/aero2020\/2011\/12\/16\/adex-resalta-que-senado-mexicano-reconsidere-su-posicion-y-apruebe-tlc-con-peru\/"},"modified":"2011-12-16T02:40:26","modified_gmt":"2011-12-16T02:40:26","slug":"adex-resalta-que-senado-mexicano-reconsidere-su-posicion-y-apruebe-tlc-con-peru","status":"publish","type":"post","link":"https:\/\/aeronoticias.com.pe\/noticiero\/economia\/adex-resalta-que-senado-mexicano-reconsidere-su-posicion-y-apruebe-tlc-con-peru\/","title":{"rendered":"Adex resalta que Senado mexicano reconsidere su posici\u00f3n y apruebe TLC con Per\u00fa"},"content":{"rendered":"<p style=\"text-align: justify;\"><strong>(Aeronoticias).- <\/strong>El presidente de la Asociaci\u00f3n de Exportadores (ADEX), Juan Varilias Vel\u00e1squez, resalt\u00f3 que el Senado mexicano ha reconsiderado su posici\u00f3n, y, finalmente, haya aprobado \u2013despu\u00e9s de cinco a\u00f1os- el TLC con Per\u00fa. \u201cLos exportadores est\u00e1bamos preocupados por esa decisi\u00f3n, pero vemos que finalmente interiorizaron que el acuerdo si supondr\u00e1 beneficios para su pa\u00eds\u201d, dijo.<\/p>\n<p>Para Varilias, es importante que los pa\u00edses de Am\u00e9rica Latina refuercen su integraci\u00f3n, m\u00e1s a\u00fan ahora que la crisis internacional amenaza\u00a0 a varias econom\u00eda. \u201cEste es un gran paso,esperemos que esta apertura sirva de ejemplo para las relaciones que tenemos con otros pa\u00edses como Argentina y Brasil, con los que enfrentamos ciertas barreras\u201d, indic\u00f3.<\/p>\n<p>El representante gremial agradeci\u00f3 que las autoridades mexicanas hayan reflexionado sobre la importancia que tiene el TLC entre ambas naciones y luego de haberla rechazado en un primer momento, hoy se d\u00e9 la buena noticia. \u201cSabemos que los agricultores mexicanos consideraban el acuerdo demasiado amplio para sus intereses, pero no es as\u00ed\u201d, sostuvo.<\/p>\n<p>A\u00f1adi\u00f3 que el propio secretario de Econom\u00eda, Bruno Ferrari, asegur\u00f3 que el acuerdo no representa una amenaza al sector agropecuario mexicano; por el contrario, ellos ganar\u00e1n alrededor de US$ 551 millones en exportaciones anuales en productos industriales, mientras que Per\u00fa obtendr\u00eda US$ 36 millones anuales.<\/p>\n<p><span style=\"text-decoration: underline;\"><strong>Desarrollo para ambos<\/strong><\/span><\/p>\n<p style=\"text-align: justify;\">Detall\u00f3 que M\u00e9xico podr\u00e1 vendernos sin aranceles o con aranceles bajos, productos como: hilados, tejidos de pelos finos, fibras, tejidos de diferentes fibras, refrigeradores, televisores, m\u00e1quinas de coser, lavavajillas, lavadoras y autos. \u201cCon este TLC ambos pa\u00edses tendr\u00e1n la posibilidad de construir plataformas productivas que impulsar\u00e1nsu desarrollo\u201d, dijo.<\/p>\n<p>Precis\u00f3 que M\u00e9xico busca una mayor capacidad exportadora de productos finales a trav\u00e9s de sus diversos acuerdos comerciales y que para ello necesita de materias primas y bienes intermedios peruanos; lo mismo se puede desarrollar en el sentido inverso, pues somos complementarios e ingresar\u00edamos en contra estaci\u00f3n. <\/p>\n<p>\u201cPer\u00fa y M\u00e9xico podr\u00e1n fortalecer la competitividad de sus respectivas industrias textiles y de alimentos; integr\u00e1ndose a trav\u00e9s del comercio. Igualmente, nuestra metalmec\u00e1nica puede ser un proveedor estrat\u00e9gico para la industria mexicana que ya est\u00e1 posicionada en productos con mayor valor agregado\u201d, expres\u00f3.<\/p>\n<p>Balanza comercial<br \/>De acuerdo al Sistema de Inteligencia Comercial\u00a0 ADEX DATA TRADE (ADT), la balanza comercial de ambos pa\u00edses entre enero y octubre es deficitaria para el Per\u00fa en US$ 735.3 millones. Mientras el Per\u00fa export\u00f3 por US$ 392.6 millones, las importaciones procedentes de M\u00e9xico sumaron US$ 1,128 millones.<\/p>\n<p>Las exportaciones totales (US$ 392.6 millones), registraron un crecimiento de 80% m\u00e1s que en similar periodo del a\u00f1o pasado. Los env\u00edos primarios sumaron US$ 212.3 millones (96% de crecimiento) y tuvo al subsector \u201cpetr\u00f3leo y gas natural\u201d\u00a0 US$ 183.5 millones, como el m\u00e1s importante. En el caso de las No Tradicionales ascendieron a US$ 180.3 millones (64% de crecimiento), con el subsector madera como el m\u00e1s importante US$ 35.6 millones (25% de crecimiento) y el subsector agropecuario y agroindustrial US$ 32.3 millones.<\/p>\n<p>En las importaciones procedentes de M\u00e9xico sobresalen los No Tradicionales, de hecho el 99%\u00a0 (US$ 1,117.8 millones) del total son de ese sector. Ac\u00e1 sobresalen\u00a0 los productos del subsector metalmec\u00e1nico (US$ 704.9 millones) como artefactos y autos y los productos qu\u00edmicos (US$ 226.3 millones) con sus aceites esenciales y resinoides, preparaciones de perfumer\u00eda y de cosm\u00e9tica y los productos de caucho y sus manufacturas, entre otros.<br \/><img decoding=\"async\" class=\"caption\" src=\"images\/stories\/11\/12\/151211\/metal-adex.jpg\" border=\"0\" alt=\"Adex resalta que Senado mexicano reconsidere su posici\u00f3n y apruebe TLC con Per\u00fa\" title=\"Adex resalta que Senado mexicano reconsidere su posici\u00f3n y apruebe TLC con Per\u00fa\" \/><\/p>\n","protected":false},"excerpt":{"rendered":"<p>(Aeronoticias).- El presidente de la Asociaci\u00f3n de Exportadores (ADEX), Juan Varilias Vel\u00e1squez, resalt\u00f3 que el Senado mexicano ha reconsiderado su posici\u00f3n, y, finalmente, haya aprobado \u2013despu\u00e9s de cinco a\u00f1os- el TLC con Per\u00fa. \u201cLos exportadores est\u00e1bamos preocupados por esa decisi\u00f3n, pero vemos que finalmente interiorizaron que el acuerdo si supondr\u00e1 beneficios para su pa\u00eds\u201d, dijo. [&hellip;]<\/p>\n","protected":false},"author":1,"featured_media":0,"comment_status":"open","ping_status":"open","sticky":false,"template":"","format":"standard","meta":{"tdm_status":"","tdm_grid_status":"","footnotes":""},"categories":[33],"tags":[],"class_list":{"0":"post-21628","1":"post","2":"type-post","3":"status-publish","4":"format-standard","6":"category-economia"},"yoast_head":"<!-- This site is optimized with the Yoast SEO plugin v25.1 - https:\/\/yoast.com\/wordpress\/plugins\/seo\/ -->\n<title>Adex resalta que Senado mexicano reconsidere su posici\u00f3n y apruebe TLC con Per\u00fa<\/title>\n<meta name=\"description\" content=\"Portal de noticias del Per\u00fa sobre el transporte a\u00e9reo, aviaci\u00f3n, turismo, hoteleria, actualidad.\" \/>\n<meta name=\"robots\" content=\"index, follow, max-snippet:-1, max-image-preview:large, max-video-preview:-1\" \/>\n<link rel=\"canonical\" href=\"https:\/\/aeronoticias.com.pe\/noticiero\/economia\/adex-resalta-que-senado-mexicano-reconsidere-su-posicion-y-apruebe-tlc-con-peru\/\" \/>\n<meta property=\"og:locale\" content=\"es_ES\" \/>\n<meta property=\"og:type\" content=\"article\" \/>\n<meta property=\"og:title\" content=\"Adex resalta que Senado mexicano reconsidere su posici\u00f3n y apruebe TLC con Per\u00fa\" \/>\n<meta property=\"og:description\" content=\"Portal de noticias del Per\u00fa sobre el transporte a\u00e9reo, aviaci\u00f3n, turismo, hoteleria, actualidad.\" \/>\n<meta property=\"og:url\" content=\"https:\/\/aeronoticias.com.pe\/noticiero\/economia\/adex-resalta-que-senado-mexicano-reconsidere-su-posicion-y-apruebe-tlc-con-peru\/\" \/>\n<meta property=\"og:site_name\" content=\"Aeronoticias.com.pe\" \/>\n<meta property=\"article:publisher\" content=\"https:\/\/www.facebook.com\/Aeronoticias.com.pe\/\" \/>\n<meta property=\"article:published_time\" content=\"2011-12-16T02:40:26+00:00\" \/>\n<meta name=\"author\" content=\"Redacci\u00f3n Aeronoticias\" \/>\n<meta name=\"twitter:card\" content=\"summary_large_image\" \/>\n<meta name=\"twitter:creator\" content=\"@aeronoticias\" \/>\n<meta name=\"twitter:site\" content=\"@aeronoticias\" \/>\n<meta name=\"twitter:label1\" content=\"Escrito por\" \/>\n\t<meta name=\"twitter:data1\" content=\"Redacci\u00f3n Aeronoticias\" \/>\n\t<meta name=\"twitter:label2\" content=\"Tiempo de lectura\" \/>\n\t<meta name=\"twitter:data2\" content=\"3 minutos\" \/>\n<script type=\"application\/ld+json\" class=\"yoast-schema-graph\">{\"@context\":\"https:\/\/schema.org\",\"@graph\":[{\"@type\":\"WebPage\",\"@id\":\"https:\/\/aeronoticias.com.pe\/noticiero\/economia\/adex-resalta-que-senado-mexicano-reconsidere-su-posicion-y-apruebe-tlc-con-peru\/\",\"url\":\"https:\/\/aeronoticias.com.pe\/noticiero\/economia\/adex-resalta-que-senado-mexicano-reconsidere-su-posicion-y-apruebe-tlc-con-peru\/\",\"name\":\"Adex resalta que Senado mexicano reconsidere su posici\u00f3n y apruebe TLC con Per\u00fa\",\"isPartOf\":{\"@id\":\"https:\/\/aeronoticias.com.pe\/noticiero\/#website\"},\"datePublished\":\"2011-12-16T02:40:26+00:00\",\"author\":{\"@id\":\"https:\/\/aeronoticias.com.pe\/noticiero\/#\/schema\/person\/fc1e5d578f4b62ba1cf7ac2bba1170a0\"},\"description\":\"Portal de noticias del Per\u00fa sobre el transporte a\u00e9reo, aviaci\u00f3n, turismo, hoteleria, actualidad.\",\"breadcrumb\":{\"@id\":\"https:\/\/aeronoticias.com.pe\/noticiero\/economia\/adex-resalta-que-senado-mexicano-reconsidere-su-posicion-y-apruebe-tlc-con-peru\/#breadcrumb\"},\"inLanguage\":\"es\",\"potentialAction\":[{\"@type\":\"ReadAction\",\"target\":[\"https:\/\/aeronoticias.com.pe\/noticiero\/economia\/adex-resalta-que-senado-mexicano-reconsidere-su-posicion-y-apruebe-tlc-con-peru\/\"]}]},{\"@type\":\"BreadcrumbList\",\"@id\":\"https:\/\/aeronoticias.com.pe\/noticiero\/economia\/adex-resalta-que-senado-mexicano-reconsidere-su-posicion-y-apruebe-tlc-con-peru\/#breadcrumb\",\"itemListElement\":[{\"@type\":\"ListItem\",\"position\":1,\"name\":\"Portada\",\"item\":\"https:\/\/aeronoticias.com.pe\/noticiero\/\"},{\"@type\":\"ListItem\",\"position\":2,\"name\":\"Adex resalta que Senado mexicano reconsidere su posici\u00f3n y apruebe TLC con Per\u00fa\"}]},{\"@type\":\"WebSite\",\"@id\":\"https:\/\/aeronoticias.com.pe\/noticiero\/#website\",\"url\":\"https:\/\/aeronoticias.com.pe\/noticiero\/\",\"name\":\"Aeronoticias.com.pe\",\"description\":\"Noticias de tranporte aereo, turismo, hoteles, gastronomia, actualidad, internacional\",\"potentialAction\":[{\"@type\":\"SearchAction\",\"target\":{\"@type\":\"EntryPoint\",\"urlTemplate\":\"https:\/\/aeronoticias.com.pe\/noticiero\/?s={search_term_string}\"},\"query-input\":{\"@type\":\"PropertyValueSpecification\",\"valueRequired\":true,\"valueName\":\"search_term_string\"}}],\"inLanguage\":\"es\"},{\"@type\":\"Person\",\"@id\":\"https:\/\/aeronoticias.com.pe\/noticiero\/#\/schema\/person\/fc1e5d578f4b62ba1cf7ac2bba1170a0\",\"name\":\"Redacci\u00f3n Aeronoticias\",\"url\":\"https:\/\/aeronoticias.com.pe\/noticiero\/author\/piloto\/\"}]}<\/script>\n<!-- \/ Yoast SEO plugin. -->","yoast_head_json":{"title":"Adex resalta que Senado mexicano reconsidere su posici\u00f3n y apruebe TLC con Per\u00fa","description":"Portal de noticias del Per\u00fa sobre el transporte a\u00e9reo, aviaci\u00f3n, turismo, hoteleria, actualidad.","robots":{"index":"index","follow":"follow","max-snippet":"max-snippet:-1","max-image-preview":"max-image-preview:large","max-video-preview":"max-video-preview:-1"},"canonical":"https:\/\/aeronoticias.com.pe\/noticiero\/economia\/adex-resalta-que-senado-mexicano-reconsidere-su-posicion-y-apruebe-tlc-con-peru\/","og_locale":"es_ES","og_type":"article","og_title":"Adex resalta que Senado mexicano reconsidere su posici\u00f3n y apruebe TLC con Per\u00fa","og_description":"Portal de noticias del Per\u00fa sobre el transporte a\u00e9reo, aviaci\u00f3n, turismo, hoteleria, actualidad.","og_url":"https:\/\/aeronoticias.com.pe\/noticiero\/economia\/adex-resalta-que-senado-mexicano-reconsidere-su-posicion-y-apruebe-tlc-con-peru\/","og_site_name":"Aeronoticias.com.pe","article_publisher":"https:\/\/www.facebook.com\/Aeronoticias.com.pe\/","article_published_time":"2011-12-16T02:40:26+00:00","author":"Redacci\u00f3n Aeronoticias","twitter_card":"summary_large_image","twitter_creator":"@aeronoticias","twitter_site":"@aeronoticias","twitter_misc":{"Escrito por":"Redacci\u00f3n Aeronoticias","Tiempo de lectura":"3 minutos"},"schema":{"@context":"https:\/\/schema.org","@graph":[{"@type":"WebPage","@id":"https:\/\/aeronoticias.com.pe\/noticiero\/economia\/adex-resalta-que-senado-mexicano-reconsidere-su-posicion-y-apruebe-tlc-con-peru\/","url":"https:\/\/aeronoticias.com.pe\/noticiero\/economia\/adex-resalta-que-senado-mexicano-reconsidere-su-posicion-y-apruebe-tlc-con-peru\/","name":"Adex resalta que Senado mexicano reconsidere su posici\u00f3n y apruebe TLC con Per\u00fa","isPartOf":{"@id":"https:\/\/aeronoticias.com.pe\/noticiero\/#website"},"datePublished":"2011-12-16T02:40:26+00:00","author":{"@id":"https:\/\/aeronoticias.com.pe\/noticiero\/#\/schema\/person\/fc1e5d578f4b62ba1cf7ac2bba1170a0"},"description":"Portal de noticias del Per\u00fa sobre el transporte a\u00e9reo, aviaci\u00f3n, turismo, hoteleria, actualidad.","breadcrumb":{"@id":"https:\/\/aeronoticias.com.pe\/noticiero\/economia\/adex-resalta-que-senado-mexicano-reconsidere-su-posicion-y-apruebe-tlc-con-peru\/#breadcrumb"},"inLanguage":"es","potentialAction":[{"@type":"ReadAction","target":["https:\/\/aeronoticias.com.pe\/noticiero\/economia\/adex-resalta-que-senado-mexicano-reconsidere-su-posicion-y-apruebe-tlc-con-peru\/"]}]},{"@type":"BreadcrumbList","@id":"https:\/\/aeronoticias.com.pe\/noticiero\/economia\/adex-resalta-que-senado-mexicano-reconsidere-su-posicion-y-apruebe-tlc-con-peru\/#breadcrumb","itemListElement":[{"@type":"ListItem","position":1,"name":"Portada","item":"https:\/\/aeronoticias.com.pe\/noticiero\/"},{"@type":"ListItem","position":2,"name":"Adex resalta que Senado mexicano reconsidere su posici\u00f3n y apruebe TLC con Per\u00fa"}]},{"@type":"WebSite","@id":"https:\/\/aeronoticias.com.pe\/noticiero\/#website","url":"https:\/\/aeronoticias.com.pe\/noticiero\/","name":"Aeronoticias.com.pe","description":"Noticias de tranporte aereo, turismo, hoteles, gastronomia, actualidad, internacional","potentialAction":[{"@type":"SearchAction","target":{"@type":"EntryPoint","urlTemplate":"https:\/\/aeronoticias.com.pe\/noticiero\/?s={search_term_string}"},"query-input":{"@type":"PropertyValueSpecification","valueRequired":true,"valueName":"search_term_string"}}],"inLanguage":"es"},{"@type":"Person","@id":"https:\/\/aeronoticias.com.pe\/noticiero\/#\/schema\/person\/fc1e5d578f4b62ba1cf7ac2bba1170a0","name":"Redacci\u00f3n Aeronoticias","url":"https:\/\/aeronoticias.com.pe\/noticiero\/author\/piloto\/"}]}},"_links":{"self":[{"href":"https:\/\/aeronoticias.com.pe\/noticiero\/wp-json\/wp\/v2\/posts\/21628","targetHints":{"allow":["GET"]}}],"collection":[{"href":"https:\/\/aeronoticias.com.pe\/noticiero\/wp-json\/wp\/v2\/posts"}],"about":[{"href":"https:\/\/aeronoticias.com.pe\/noticiero\/wp-json\/wp\/v2\/types\/post"}],"author":[{"embeddable":true,"href":"https:\/\/aeronoticias.com.pe\/noticiero\/wp-json\/wp\/v2\/users\/1"}],"replies":[{"embeddable":true,"href":"https:\/\/aeronoticias.com.pe\/noticiero\/wp-json\/wp\/v2\/comments?post=21628"}],"version-history":[{"count":0,"href":"https:\/\/aeronoticias.com.pe\/noticiero\/wp-json\/wp\/v2\/posts\/21628\/revisions"}],"wp:attachment":[{"href":"https:\/\/aeronoticias.com.pe\/noticiero\/wp-json\/wp\/v2\/media?parent=21628"}],"wp:term":[{"taxonomy":"category","embeddable":true,"href":"https:\/\/aeronoticias.com.pe\/noticiero\/wp-json\/wp\/v2\/categories?post=21628"},{"taxonomy":"post_tag","embeddable":true,"href":"https:\/\/aeronoticias.com.pe\/noticiero\/wp-json\/wp\/v2\/tags?post=21628"}],"curies":[{"name":"wp","href":"https:\/\/api.w.org\/{rel}","templated":true}]}}