{"id":21629,"date":"2011-12-16T12:48:04","date_gmt":"2011-12-16T12:48:04","guid":{"rendered":"http:\/\/desarrollo.mcvicious.com\/aero2020\/2011\/12\/16\/dialogo-social-y-analisis-tecnico-ayudaran-a-generar-empleo-de-calidad-en-el-pais\/"},"modified":"2011-12-16T12:48:04","modified_gmt":"2011-12-16T12:48:04","slug":"dialogo-social-y-analisis-tecnico-ayudaran-a-generar-empleo-de-calidad-en-el-pais","status":"publish","type":"post","link":"https:\/\/aeronoticias.com.pe\/noticiero\/nacionales\/dialogo-social-y-analisis-tecnico-ayudaran-a-generar-empleo-de-calidad-en-el-pais\/","title":{"rendered":"Di\u00e1logo social y an\u00e1lisis t\u00e9cnico ayudar\u00e1n a generar empleo de calidad en el pa\u00eds"},"content":{"rendered":"<p style=\"text-align: justify;\"><strong>(Aeronoticias).-<\/strong> La C\u00e1mara de Comercio de Lima (CCL) expres\u00f3 su confianza que el nuevo ministro de Trabajo y Promoci\u00f3n del Empleo, Jos\u00e9 Villena, realice una gesti\u00f3n que fomente el di\u00e1logo entre los empleadores, trabajadores y el Estado, reunidos en el Consejo Nacional de Trabajo, a fin de llegar a consensos con base en criterios t\u00e9cnicos.<\/p>\n<p>El gremio empresarial refiri\u00f3 que la coyuntura econ\u00f3mica internacional, que ya viene impactando negativamente en las exportaciones peruanas hacia nuestros principales destinos, exige ser muy prudentes y sensatos en materia laboral. <\/p>\n<p>Por ello, la CCL plante\u00f3 la necesidad de que toda propuesta para modificar aspectos de la normativa laboral sea analizada ampliamente en el Consejo Nacional de Trabajo y aprobada por consenso, a fin de contar con normas que se ajusten a la realidad, lo que permitir\u00e1 que sean cumplidas sin inconvenientes. La pol\u00edtica laboral juega un rol importante para incrementar la productividad-competitividad y reducir la informalidad. <\/p>\n<p>En ese sentido, la C\u00e1mara de Comercio de Lima expres\u00f3 su preocupaci\u00f3n por diversas iniciativas legales que se promueven en el Congreso de la Rep\u00fablica para eliminar los reg\u00edmenes laborales especiales para el sector agro y para la exportaci\u00f3n no tradicional.<\/p>\n<p>Finalmente, la CCL expres\u00f3 su disposici\u00f3n para colaborar con el Ministerio de Trabajo y Promoci\u00f3n del Empleo en la configuraci\u00f3n de una legislaci\u00f3n laboral que promueva la generaci\u00f3n de puestos de trabajo formales a la par con velar por el cumplimiento de los derechos de los trabajadores.<\/p>\n<p><img decoding=\"async\" class=\"caption\" src=\"images\/stories\/11\/12\/161211\/sector-agro.jpg\" border=\"0\" alt=\"Di\u00e1logo social y an\u00e1lisis t\u00e9cnico ayudar\u00e1n a generar empleo de calidad en el pa\u00eds \" title=\"Di\u00e1logo social y an\u00e1lisis t\u00e9cnico ayudar\u00e1n a generar empleo de calidad en el pa\u00eds \" \/><\/p>\n","protected":false},"excerpt":{"rendered":"<p>(Aeronoticias).- La C\u00e1mara de Comercio de Lima (CCL) expres\u00f3 su confianza que el nuevo ministro de Trabajo y Promoci\u00f3n del Empleo, Jos\u00e9 Villena, realice una gesti\u00f3n que fomente el di\u00e1logo entre los empleadores, trabajadores y el Estado, reunidos en el Consejo Nacional de Trabajo, a fin de llegar a consensos con base en criterios t\u00e9cnicos. [&hellip;]<\/p>\n","protected":false},"author":1,"featured_media":0,"comment_status":"open","ping_status":"open","sticky":false,"template":"","format":"standard","meta":{"tdm_status":"","tdm_grid_status":"","footnotes":""},"categories":[38],"tags":[],"class_list":{"0":"post-21629","1":"post","2":"type-post","3":"status-publish","4":"format-standard","6":"category-nacionales"},"yoast_head":"<!-- This site is optimized with the Yoast SEO plugin v25.1 - https:\/\/yoast.com\/wordpress\/plugins\/seo\/ -->\n<title>Di\u00e1logo social y an\u00e1lisis t\u00e9cnico ayudar\u00e1n a generar empleo de calidad en el pa\u00eds<\/title>\n<meta name=\"description\" content=\"Portal de noticias del Per\u00fa sobre el transporte a\u00e9reo, aviaci\u00f3n, turismo, hoteleria, actualidad.\" \/>\n<meta name=\"robots\" content=\"index, follow, max-snippet:-1, max-image-preview:large, max-video-preview:-1\" \/>\n<link rel=\"canonical\" href=\"https:\/\/aeronoticias.com.pe\/noticiero\/nacionales\/dialogo-social-y-analisis-tecnico-ayudaran-a-generar-empleo-de-calidad-en-el-pais\/\" \/>\n<meta property=\"og:locale\" content=\"es_ES\" \/>\n<meta property=\"og:type\" content=\"article\" \/>\n<meta property=\"og:title\" content=\"Di\u00e1logo social y an\u00e1lisis t\u00e9cnico ayudar\u00e1n a generar empleo de calidad en el pa\u00eds\" \/>\n<meta property=\"og:description\" content=\"Portal de noticias del Per\u00fa sobre el transporte a\u00e9reo, aviaci\u00f3n, turismo, hoteleria, actualidad.\" \/>\n<meta property=\"og:url\" content=\"https:\/\/aeronoticias.com.pe\/noticiero\/nacionales\/dialogo-social-y-analisis-tecnico-ayudaran-a-generar-empleo-de-calidad-en-el-pais\/\" \/>\n<meta property=\"og:site_name\" content=\"Aeronoticias.com.pe\" \/>\n<meta property=\"article:publisher\" content=\"https:\/\/www.facebook.com\/Aeronoticias.com.pe\/\" \/>\n<meta property=\"article:published_time\" content=\"2011-12-16T12:48:04+00:00\" \/>\n<meta name=\"author\" content=\"Redacci\u00f3n Aeronoticias\" \/>\n<meta name=\"twitter:card\" content=\"summary_large_image\" \/>\n<meta name=\"twitter:creator\" content=\"@aeronoticias\" \/>\n<meta name=\"twitter:site\" content=\"@aeronoticias\" \/>\n<meta name=\"twitter:label1\" content=\"Escrito por\" \/>\n\t<meta name=\"twitter:data1\" content=\"Redacci\u00f3n Aeronoticias\" \/>\n\t<meta name=\"twitter:label2\" content=\"Tiempo de lectura\" \/>\n\t<meta name=\"twitter:data2\" content=\"1 minuto\" \/>\n<script type=\"application\/ld+json\" class=\"yoast-schema-graph\">{\"@context\":\"https:\/\/schema.org\",\"@graph\":[{\"@type\":\"WebPage\",\"@id\":\"https:\/\/aeronoticias.com.pe\/noticiero\/nacionales\/dialogo-social-y-analisis-tecnico-ayudaran-a-generar-empleo-de-calidad-en-el-pais\/\",\"url\":\"https:\/\/aeronoticias.com.pe\/noticiero\/nacionales\/dialogo-social-y-analisis-tecnico-ayudaran-a-generar-empleo-de-calidad-en-el-pais\/\",\"name\":\"Di\u00e1logo social y an\u00e1lisis t\u00e9cnico ayudar\u00e1n a generar empleo de calidad en el pa\u00eds\",\"isPartOf\":{\"@id\":\"https:\/\/aeronoticias.com.pe\/noticiero\/#website\"},\"datePublished\":\"2011-12-16T12:48:04+00:00\",\"author\":{\"@id\":\"https:\/\/aeronoticias.com.pe\/noticiero\/#\/schema\/person\/fc1e5d578f4b62ba1cf7ac2bba1170a0\"},\"description\":\"Portal de noticias del Per\u00fa sobre el transporte a\u00e9reo, aviaci\u00f3n, turismo, hoteleria, actualidad.\",\"breadcrumb\":{\"@id\":\"https:\/\/aeronoticias.com.pe\/noticiero\/nacionales\/dialogo-social-y-analisis-tecnico-ayudaran-a-generar-empleo-de-calidad-en-el-pais\/#breadcrumb\"},\"inLanguage\":\"es\",\"potentialAction\":[{\"@type\":\"ReadAction\",\"target\":[\"https:\/\/aeronoticias.com.pe\/noticiero\/nacionales\/dialogo-social-y-analisis-tecnico-ayudaran-a-generar-empleo-de-calidad-en-el-pais\/\"]}]},{\"@type\":\"BreadcrumbList\",\"@id\":\"https:\/\/aeronoticias.com.pe\/noticiero\/nacionales\/dialogo-social-y-analisis-tecnico-ayudaran-a-generar-empleo-de-calidad-en-el-pais\/#breadcrumb\",\"itemListElement\":[{\"@type\":\"ListItem\",\"position\":1,\"name\":\"Portada\",\"item\":\"https:\/\/aeronoticias.com.pe\/noticiero\/\"},{\"@type\":\"ListItem\",\"position\":2,\"name\":\"Di\u00e1logo social y an\u00e1lisis t\u00e9cnico ayudar\u00e1n a generar empleo de calidad en el pa\u00eds\"}]},{\"@type\":\"WebSite\",\"@id\":\"https:\/\/aeronoticias.com.pe\/noticiero\/#website\",\"url\":\"https:\/\/aeronoticias.com.pe\/noticiero\/\",\"name\":\"Aeronoticias.com.pe\",\"description\":\"Noticias de tranporte aereo, turismo, hoteles, gastronomia, actualidad, internacional\",\"potentialAction\":[{\"@type\":\"SearchAction\",\"target\":{\"@type\":\"EntryPoint\",\"urlTemplate\":\"https:\/\/aeronoticias.com.pe\/noticiero\/?s={search_term_string}\"},\"query-input\":{\"@type\":\"PropertyValueSpecification\",\"valueRequired\":true,\"valueName\":\"search_term_string\"}}],\"inLanguage\":\"es\"},{\"@type\":\"Person\",\"@id\":\"https:\/\/aeronoticias.com.pe\/noticiero\/#\/schema\/person\/fc1e5d578f4b62ba1cf7ac2bba1170a0\",\"name\":\"Redacci\u00f3n Aeronoticias\",\"url\":\"https:\/\/aeronoticias.com.pe\/noticiero\/author\/piloto\/\"}]}<\/script>\n<!-- \/ Yoast SEO plugin. -->","yoast_head_json":{"title":"Di\u00e1logo social y an\u00e1lisis t\u00e9cnico ayudar\u00e1n a generar empleo de calidad en el pa\u00eds","description":"Portal de noticias del Per\u00fa sobre el transporte a\u00e9reo, aviaci\u00f3n, turismo, hoteleria, actualidad.","robots":{"index":"index","follow":"follow","max-snippet":"max-snippet:-1","max-image-preview":"max-image-preview:large","max-video-preview":"max-video-preview:-1"},"canonical":"https:\/\/aeronoticias.com.pe\/noticiero\/nacionales\/dialogo-social-y-analisis-tecnico-ayudaran-a-generar-empleo-de-calidad-en-el-pais\/","og_locale":"es_ES","og_type":"article","og_title":"Di\u00e1logo social y an\u00e1lisis t\u00e9cnico ayudar\u00e1n a generar empleo de calidad en el pa\u00eds","og_description":"Portal de noticias del Per\u00fa sobre el transporte a\u00e9reo, aviaci\u00f3n, turismo, hoteleria, actualidad.","og_url":"https:\/\/aeronoticias.com.pe\/noticiero\/nacionales\/dialogo-social-y-analisis-tecnico-ayudaran-a-generar-empleo-de-calidad-en-el-pais\/","og_site_name":"Aeronoticias.com.pe","article_publisher":"https:\/\/www.facebook.com\/Aeronoticias.com.pe\/","article_published_time":"2011-12-16T12:48:04+00:00","author":"Redacci\u00f3n Aeronoticias","twitter_card":"summary_large_image","twitter_creator":"@aeronoticias","twitter_site":"@aeronoticias","twitter_misc":{"Escrito por":"Redacci\u00f3n Aeronoticias","Tiempo de lectura":"1 minuto"},"schema":{"@context":"https:\/\/schema.org","@graph":[{"@type":"WebPage","@id":"https:\/\/aeronoticias.com.pe\/noticiero\/nacionales\/dialogo-social-y-analisis-tecnico-ayudaran-a-generar-empleo-de-calidad-en-el-pais\/","url":"https:\/\/aeronoticias.com.pe\/noticiero\/nacionales\/dialogo-social-y-analisis-tecnico-ayudaran-a-generar-empleo-de-calidad-en-el-pais\/","name":"Di\u00e1logo social y an\u00e1lisis t\u00e9cnico ayudar\u00e1n a generar empleo de calidad en el pa\u00eds","isPartOf":{"@id":"https:\/\/aeronoticias.com.pe\/noticiero\/#website"},"datePublished":"2011-12-16T12:48:04+00:00","author":{"@id":"https:\/\/aeronoticias.com.pe\/noticiero\/#\/schema\/person\/fc1e5d578f4b62ba1cf7ac2bba1170a0"},"description":"Portal de noticias del Per\u00fa sobre el transporte a\u00e9reo, aviaci\u00f3n, turismo, hoteleria, actualidad.","breadcrumb":{"@id":"https:\/\/aeronoticias.com.pe\/noticiero\/nacionales\/dialogo-social-y-analisis-tecnico-ayudaran-a-generar-empleo-de-calidad-en-el-pais\/#breadcrumb"},"inLanguage":"es","potentialAction":[{"@type":"ReadAction","target":["https:\/\/aeronoticias.com.pe\/noticiero\/nacionales\/dialogo-social-y-analisis-tecnico-ayudaran-a-generar-empleo-de-calidad-en-el-pais\/"]}]},{"@type":"BreadcrumbList","@id":"https:\/\/aeronoticias.com.pe\/noticiero\/nacionales\/dialogo-social-y-analisis-tecnico-ayudaran-a-generar-empleo-de-calidad-en-el-pais\/#breadcrumb","itemListElement":[{"@type":"ListItem","position":1,"name":"Portada","item":"https:\/\/aeronoticias.com.pe\/noticiero\/"},{"@type":"ListItem","position":2,"name":"Di\u00e1logo social y an\u00e1lisis t\u00e9cnico ayudar\u00e1n a generar empleo de calidad en el pa\u00eds"}]},{"@type":"WebSite","@id":"https:\/\/aeronoticias.com.pe\/noticiero\/#website","url":"https:\/\/aeronoticias.com.pe\/noticiero\/","name":"Aeronoticias.com.pe","description":"Noticias de tranporte aereo, turismo, hoteles, gastronomia, actualidad, internacional","potentialAction":[{"@type":"SearchAction","target":{"@type":"EntryPoint","urlTemplate":"https:\/\/aeronoticias.com.pe\/noticiero\/?s={search_term_string}"},"query-input":{"@type":"PropertyValueSpecification","valueRequired":true,"valueName":"search_term_string"}}],"inLanguage":"es"},{"@type":"Person","@id":"https:\/\/aeronoticias.com.pe\/noticiero\/#\/schema\/person\/fc1e5d578f4b62ba1cf7ac2bba1170a0","name":"Redacci\u00f3n Aeronoticias","url":"https:\/\/aeronoticias.com.pe\/noticiero\/author\/piloto\/"}]}},"_links":{"self":[{"href":"https:\/\/aeronoticias.com.pe\/noticiero\/wp-json\/wp\/v2\/posts\/21629","targetHints":{"allow":["GET"]}}],"collection":[{"href":"https:\/\/aeronoticias.com.pe\/noticiero\/wp-json\/wp\/v2\/posts"}],"about":[{"href":"https:\/\/aeronoticias.com.pe\/noticiero\/wp-json\/wp\/v2\/types\/post"}],"author":[{"embeddable":true,"href":"https:\/\/aeronoticias.com.pe\/noticiero\/wp-json\/wp\/v2\/users\/1"}],"replies":[{"embeddable":true,"href":"https:\/\/aeronoticias.com.pe\/noticiero\/wp-json\/wp\/v2\/comments?post=21629"}],"version-history":[{"count":0,"href":"https:\/\/aeronoticias.com.pe\/noticiero\/wp-json\/wp\/v2\/posts\/21629\/revisions"}],"wp:attachment":[{"href":"https:\/\/aeronoticias.com.pe\/noticiero\/wp-json\/wp\/v2\/media?parent=21629"}],"wp:term":[{"taxonomy":"category","embeddable":true,"href":"https:\/\/aeronoticias.com.pe\/noticiero\/wp-json\/wp\/v2\/categories?post=21629"},{"taxonomy":"post_tag","embeddable":true,"href":"https:\/\/aeronoticias.com.pe\/noticiero\/wp-json\/wp\/v2\/tags?post=21629"}],"curies":[{"name":"wp","href":"https:\/\/api.w.org\/{rel}","templated":true}]}}