{"id":21630,"date":"2011-12-16T13:05:16","date_gmt":"2011-12-16T13:05:16","guid":{"rendered":"http:\/\/desarrollo.mcvicious.com\/aero2020\/2011\/12\/16\/dhl-lanza-el-emblematico-indice-de-conectividad-global-2011\/"},"modified":"2011-12-16T13:05:16","modified_gmt":"2011-12-16T13:05:16","slug":"dhl-lanza-el-emblematico-indice-de-conectividad-global-2011","status":"publish","type":"post","link":"https:\/\/aeronoticias.com.pe\/noticiero\/27\/dhl-lanza-el-emblematico-indice-de-conectividad-global-2011\/","title":{"rendered":"DHL lanza el emblem\u00e1tico \u00cdndice de Conectividad Global 2011"},"content":{"rendered":"<p style=\"text-align: justify;\"><strong>(Aeronoticias).- <\/strong>Per\u00fa ocupa el puesto 57 del ranking seg\u00fan el resultado general del \u00cdndice de conectividad global 2011, un an\u00e1lisis detallado por pa\u00edses de los flujos que conectan el mundo, lanzado por DHL compa\u00f1\u00eda l\u00edder mundial de log\u00edstica.<\/p>\n<p>Los resultados del estudio son fruto de la evaluaci\u00f3n a 125 pa\u00edses en funci\u00f3n de la profundidad y amplitud de su integraci\u00f3n en la econom\u00eda mundial y tambi\u00e9n examina la relaci\u00f3n entre la conectividad mundial y el bienestar.<\/p>\n<p>Mientras tanto, la colocaci\u00f3n de otros pa\u00edses como Chile es el puesto 41, 68 Brasil, Ecuador en el 101, Bolivia 106, Venezuela 111 entre otras ubicaciones. El estudio indica que la globalizaci\u00f3n no est\u00e1 tan avanzada como muchos piensan y que la expansi\u00f3n de la conectividad puede acelerar el fin de la crisis econ\u00f3mica.<\/p>\n<p>La ubicaci\u00f3n de nuestro pa\u00eds rubro por rubro del estudio en menci\u00f3n, en el\u00a0 \u00edndice de la dimensi\u00f3n de profundidad, Per\u00fa ocupa el puesto 86, seguido en el 106 por Bolivia, 112 Argentina, 113 Colombia, 114 Venezuela y Brasil en el 115. Chile se ubica en el puesto 41 de esta categor\u00eda.<\/p>\n<p>En el \u00edndice de Conectividad s\u00f3lo hacia el exterior presentado\u00a0 por DHL nuestro pa\u00eds obtuvo el puesto 48, mientras Ecuador, Chile y Brasil se ubican en el lugar 81,33 y 61 respectivamente. <\/p>\n<p>De otro lado, en el \u00edndice de Conectividad s\u00f3lo hacia el interior del estudio presentado por\u00a0 la compa\u00f1\u00eda l\u00edder mundial de log\u00edstica,\u00a0 Per\u00fa est\u00e1 en la posici\u00f3n 67, lo sigue Colombia en el 75, Ecuador 103, 106 Argentina y en el \u00faltimo lugar Venezuela.<\/p>\n<p>En el componente comercial del \u00cdndice de conectividad nuestro pa\u00eds se ubica en el puesto 82 seguido de Argentina 87, 101 Colombia, Ecuador 102. En la unidad de conectividad informativa, Per\u00fa ocupa el puesto 45, y en el componente humano tenemos el puesto 57 nos siguen Argentina, Brasil y Chile.<\/p>\n<p>El estudio GCI se present\u00f3 con motivo de la Cumbre Empresarial APEC CEO Summit y la \u201cLeaders\u2019 Week\u201d en Honolulu, una conferencia mundial en la que los jefes de estado y los l\u00edderes empresariales se re\u00fanen para discutir asuntos econ\u00f3micos internacionales. El estudio ha sido encargado por DHL y realizado por el reconocido economista y experto en estrategia empresarial global, Pankaj Ghemawat, profesor de Estrategia Global en la escuela de negocios IESE de Barcelona.<\/p>\n<p>Entre las conclusiones clave del \u00edndice se incluyen:<\/p>\n<p>\u2022 El nivel real de conectividad en la actualidad es muy inferior al que normalmente se piensa; por tanto, el potencial de crecimiento positivo es importante.<br \/>\u2022 Los Pa\u00edses Bajos son el n\u00famero uno en lo que a conectividad general se refiere, Hong Kong gana en cuanto a la profundidad de sus conexiones internacionales y Reino Unido lidera la lista de la amplitud de las conexiones.<br \/>\u2022 A pesar del aumento de su interacci\u00f3n comercial en los \u00faltimos a\u00f1os, EE.UU. ocupa el puesto general N\u00ba 25. EE.UU. es l\u00edder en t\u00e9rminos de amplitud\u00a0 pero, tal como se espera de un pa\u00eds con un enorme mercado interno, se queda atr\u00e1s en profundidad. <br \/>\u2022 La mayor\u00eda de las conexiones internacionales est\u00e1n a\u00fan concentradas entre pa\u00edses que comparten fronteras (como en el norte de Europa) y que tienen lazos hist\u00f3ricos y culturales, lo que indica que una gran parte de la globalizaci\u00f3n actual es realmente una regionalizaci\u00f3n.<br \/>\u2022 Los pa\u00edses m\u00e1s grandes tienen una mejor puntuaci\u00f3n en la amplitud global de sus conexiones; los pa\u00edses m\u00e1s peque\u00f1os ganan en profundidad de sus conexiones.<br \/>\u2022 Los pa\u00edses que llevan a cabo pol\u00edticas p\u00fablicas que directamente fomentan mayores flujos internacionales, as\u00ed como pol\u00edticas que mejoran el entorno empresarial dom\u00e9stico, pueden mejorar su conectividad global.<\/p>\n<p><img decoding=\"async\" class=\"caption\" src=\"images\/stories\/11\/12\/161211\/dhlconectividad.jpg\" border=\"0\" alt=\"DHL lanza el emblem\u00e1tico \u00cdndice de Conectividad Global 2011 \" title=\"DHL lanza el emblem\u00e1tico \u00cdndice de Conectividad Global 2011 \" \/><\/p>\n","protected":false},"excerpt":{"rendered":"<p>(Aeronoticias).- Per\u00fa ocupa el puesto 57 del ranking seg\u00fan el resultado general del \u00cdndice de conectividad global 2011, un an\u00e1lisis detallado por pa\u00edses de los flujos que conectan el mundo, lanzado por DHL compa\u00f1\u00eda l\u00edder mundial de log\u00edstica. Los resultados del estudio son fruto de la evaluaci\u00f3n a 125 pa\u00edses en funci\u00f3n de la profundidad [&hellip;]<\/p>\n","protected":false},"author":1,"featured_media":0,"comment_status":"open","ping_status":"open","sticky":false,"template":"","format":"standard","meta":{"tdm_status":"","tdm_grid_status":"","footnotes":""},"categories":[35],"tags":[],"class_list":{"0":"post-21630","1":"post","2":"type-post","3":"status-publish","4":"format-standard","6":"category-35"},"yoast_head":"<!-- This site is optimized with the Yoast SEO plugin v25.1 - https:\/\/yoast.com\/wordpress\/plugins\/seo\/ -->\n<title>DHL lanza el emblem\u00e1tico \u00cdndice de Conectividad Global 2011<\/title>\n<meta name=\"description\" content=\"Portal de noticias del Per\u00fa sobre el transporte a\u00e9reo, aviaci\u00f3n, turismo, hoteleria, actualidad.\" \/>\n<meta name=\"robots\" content=\"index, follow, max-snippet:-1, max-image-preview:large, max-video-preview:-1\" \/>\n<link rel=\"canonical\" href=\"https:\/\/aeronoticias.com.pe\/noticiero\/27\/dhl-lanza-el-emblematico-indice-de-conectividad-global-2011\/\" \/>\n<meta property=\"og:locale\" content=\"es_ES\" \/>\n<meta property=\"og:type\" content=\"article\" \/>\n<meta property=\"og:title\" content=\"DHL lanza el emblem\u00e1tico \u00cdndice de Conectividad Global 2011\" \/>\n<meta property=\"og:description\" content=\"Portal de noticias del Per\u00fa sobre el transporte a\u00e9reo, aviaci\u00f3n, turismo, hoteleria, actualidad.\" \/>\n<meta property=\"og:url\" content=\"https:\/\/aeronoticias.com.pe\/noticiero\/27\/dhl-lanza-el-emblematico-indice-de-conectividad-global-2011\/\" \/>\n<meta property=\"og:site_name\" content=\"Aeronoticias.com.pe\" \/>\n<meta property=\"article:publisher\" content=\"https:\/\/www.facebook.com\/Aeronoticias.com.pe\/\" \/>\n<meta property=\"article:published_time\" content=\"2011-12-16T13:05:16+00:00\" \/>\n<meta name=\"author\" content=\"Redacci\u00f3n Aeronoticias\" \/>\n<meta name=\"twitter:card\" content=\"summary_large_image\" \/>\n<meta name=\"twitter:creator\" content=\"@aeronoticias\" \/>\n<meta name=\"twitter:site\" content=\"@aeronoticias\" \/>\n<meta name=\"twitter:label1\" content=\"Escrito por\" \/>\n\t<meta name=\"twitter:data1\" content=\"Redacci\u00f3n Aeronoticias\" \/>\n\t<meta name=\"twitter:label2\" content=\"Tiempo de lectura\" \/>\n\t<meta name=\"twitter:data2\" content=\"3 minutos\" \/>\n<script type=\"application\/ld+json\" class=\"yoast-schema-graph\">{\"@context\":\"https:\/\/schema.org\",\"@graph\":[{\"@type\":\"WebPage\",\"@id\":\"https:\/\/aeronoticias.com.pe\/noticiero\/27\/dhl-lanza-el-emblematico-indice-de-conectividad-global-2011\/\",\"url\":\"https:\/\/aeronoticias.com.pe\/noticiero\/27\/dhl-lanza-el-emblematico-indice-de-conectividad-global-2011\/\",\"name\":\"DHL lanza el emblem\u00e1tico \u00cdndice de Conectividad Global 2011\",\"isPartOf\":{\"@id\":\"https:\/\/aeronoticias.com.pe\/noticiero\/#website\"},\"datePublished\":\"2011-12-16T13:05:16+00:00\",\"author\":{\"@id\":\"https:\/\/aeronoticias.com.pe\/noticiero\/#\/schema\/person\/fc1e5d578f4b62ba1cf7ac2bba1170a0\"},\"description\":\"Portal de noticias del Per\u00fa sobre el transporte a\u00e9reo, aviaci\u00f3n, turismo, hoteleria, actualidad.\",\"breadcrumb\":{\"@id\":\"https:\/\/aeronoticias.com.pe\/noticiero\/27\/dhl-lanza-el-emblematico-indice-de-conectividad-global-2011\/#breadcrumb\"},\"inLanguage\":\"es\",\"potentialAction\":[{\"@type\":\"ReadAction\",\"target\":[\"https:\/\/aeronoticias.com.pe\/noticiero\/27\/dhl-lanza-el-emblematico-indice-de-conectividad-global-2011\/\"]}]},{\"@type\":\"BreadcrumbList\",\"@id\":\"https:\/\/aeronoticias.com.pe\/noticiero\/27\/dhl-lanza-el-emblematico-indice-de-conectividad-global-2011\/#breadcrumb\",\"itemListElement\":[{\"@type\":\"ListItem\",\"position\":1,\"name\":\"Portada\",\"item\":\"https:\/\/aeronoticias.com.pe\/noticiero\/\"},{\"@type\":\"ListItem\",\"position\":2,\"name\":\"DHL lanza el emblem\u00e1tico \u00cdndice de Conectividad Global 2011\"}]},{\"@type\":\"WebSite\",\"@id\":\"https:\/\/aeronoticias.com.pe\/noticiero\/#website\",\"url\":\"https:\/\/aeronoticias.com.pe\/noticiero\/\",\"name\":\"Aeronoticias.com.pe\",\"description\":\"Noticias de tranporte aereo, turismo, hoteles, gastronomia, actualidad, internacional\",\"potentialAction\":[{\"@type\":\"SearchAction\",\"target\":{\"@type\":\"EntryPoint\",\"urlTemplate\":\"https:\/\/aeronoticias.com.pe\/noticiero\/?s={search_term_string}\"},\"query-input\":{\"@type\":\"PropertyValueSpecification\",\"valueRequired\":true,\"valueName\":\"search_term_string\"}}],\"inLanguage\":\"es\"},{\"@type\":\"Person\",\"@id\":\"https:\/\/aeronoticias.com.pe\/noticiero\/#\/schema\/person\/fc1e5d578f4b62ba1cf7ac2bba1170a0\",\"name\":\"Redacci\u00f3n Aeronoticias\",\"url\":\"https:\/\/aeronoticias.com.pe\/noticiero\/author\/piloto\/\"}]}<\/script>\n<!-- \/ Yoast SEO plugin. -->","yoast_head_json":{"title":"DHL lanza el emblem\u00e1tico \u00cdndice de Conectividad Global 2011","description":"Portal de noticias del Per\u00fa sobre el transporte a\u00e9reo, aviaci\u00f3n, turismo, hoteleria, actualidad.","robots":{"index":"index","follow":"follow","max-snippet":"max-snippet:-1","max-image-preview":"max-image-preview:large","max-video-preview":"max-video-preview:-1"},"canonical":"https:\/\/aeronoticias.com.pe\/noticiero\/27\/dhl-lanza-el-emblematico-indice-de-conectividad-global-2011\/","og_locale":"es_ES","og_type":"article","og_title":"DHL lanza el emblem\u00e1tico \u00cdndice de Conectividad Global 2011","og_description":"Portal de noticias del Per\u00fa sobre el transporte a\u00e9reo, aviaci\u00f3n, turismo, hoteleria, actualidad.","og_url":"https:\/\/aeronoticias.com.pe\/noticiero\/27\/dhl-lanza-el-emblematico-indice-de-conectividad-global-2011\/","og_site_name":"Aeronoticias.com.pe","article_publisher":"https:\/\/www.facebook.com\/Aeronoticias.com.pe\/","article_published_time":"2011-12-16T13:05:16+00:00","author":"Redacci\u00f3n Aeronoticias","twitter_card":"summary_large_image","twitter_creator":"@aeronoticias","twitter_site":"@aeronoticias","twitter_misc":{"Escrito por":"Redacci\u00f3n Aeronoticias","Tiempo de lectura":"3 minutos"},"schema":{"@context":"https:\/\/schema.org","@graph":[{"@type":"WebPage","@id":"https:\/\/aeronoticias.com.pe\/noticiero\/27\/dhl-lanza-el-emblematico-indice-de-conectividad-global-2011\/","url":"https:\/\/aeronoticias.com.pe\/noticiero\/27\/dhl-lanza-el-emblematico-indice-de-conectividad-global-2011\/","name":"DHL lanza el emblem\u00e1tico \u00cdndice de Conectividad Global 2011","isPartOf":{"@id":"https:\/\/aeronoticias.com.pe\/noticiero\/#website"},"datePublished":"2011-12-16T13:05:16+00:00","author":{"@id":"https:\/\/aeronoticias.com.pe\/noticiero\/#\/schema\/person\/fc1e5d578f4b62ba1cf7ac2bba1170a0"},"description":"Portal de noticias del Per\u00fa sobre el transporte a\u00e9reo, aviaci\u00f3n, turismo, hoteleria, actualidad.","breadcrumb":{"@id":"https:\/\/aeronoticias.com.pe\/noticiero\/27\/dhl-lanza-el-emblematico-indice-de-conectividad-global-2011\/#breadcrumb"},"inLanguage":"es","potentialAction":[{"@type":"ReadAction","target":["https:\/\/aeronoticias.com.pe\/noticiero\/27\/dhl-lanza-el-emblematico-indice-de-conectividad-global-2011\/"]}]},{"@type":"BreadcrumbList","@id":"https:\/\/aeronoticias.com.pe\/noticiero\/27\/dhl-lanza-el-emblematico-indice-de-conectividad-global-2011\/#breadcrumb","itemListElement":[{"@type":"ListItem","position":1,"name":"Portada","item":"https:\/\/aeronoticias.com.pe\/noticiero\/"},{"@type":"ListItem","position":2,"name":"DHL lanza el emblem\u00e1tico \u00cdndice de Conectividad Global 2011"}]},{"@type":"WebSite","@id":"https:\/\/aeronoticias.com.pe\/noticiero\/#website","url":"https:\/\/aeronoticias.com.pe\/noticiero\/","name":"Aeronoticias.com.pe","description":"Noticias de tranporte aereo, turismo, hoteles, gastronomia, actualidad, internacional","potentialAction":[{"@type":"SearchAction","target":{"@type":"EntryPoint","urlTemplate":"https:\/\/aeronoticias.com.pe\/noticiero\/?s={search_term_string}"},"query-input":{"@type":"PropertyValueSpecification","valueRequired":true,"valueName":"search_term_string"}}],"inLanguage":"es"},{"@type":"Person","@id":"https:\/\/aeronoticias.com.pe\/noticiero\/#\/schema\/person\/fc1e5d578f4b62ba1cf7ac2bba1170a0","name":"Redacci\u00f3n Aeronoticias","url":"https:\/\/aeronoticias.com.pe\/noticiero\/author\/piloto\/"}]}},"_links":{"self":[{"href":"https:\/\/aeronoticias.com.pe\/noticiero\/wp-json\/wp\/v2\/posts\/21630","targetHints":{"allow":["GET"]}}],"collection":[{"href":"https:\/\/aeronoticias.com.pe\/noticiero\/wp-json\/wp\/v2\/posts"}],"about":[{"href":"https:\/\/aeronoticias.com.pe\/noticiero\/wp-json\/wp\/v2\/types\/post"}],"author":[{"embeddable":true,"href":"https:\/\/aeronoticias.com.pe\/noticiero\/wp-json\/wp\/v2\/users\/1"}],"replies":[{"embeddable":true,"href":"https:\/\/aeronoticias.com.pe\/noticiero\/wp-json\/wp\/v2\/comments?post=21630"}],"version-history":[{"count":0,"href":"https:\/\/aeronoticias.com.pe\/noticiero\/wp-json\/wp\/v2\/posts\/21630\/revisions"}],"wp:attachment":[{"href":"https:\/\/aeronoticias.com.pe\/noticiero\/wp-json\/wp\/v2\/media?parent=21630"}],"wp:term":[{"taxonomy":"category","embeddable":true,"href":"https:\/\/aeronoticias.com.pe\/noticiero\/wp-json\/wp\/v2\/categories?post=21630"},{"taxonomy":"post_tag","embeddable":true,"href":"https:\/\/aeronoticias.com.pe\/noticiero\/wp-json\/wp\/v2\/tags?post=21630"}],"curies":[{"name":"wp","href":"https:\/\/api.w.org\/{rel}","templated":true}]}}