{"id":21631,"date":"2011-12-16T13:38:50","date_gmt":"2011-12-16T13:38:50","guid":{"rendered":"http:\/\/desarrollo.mcvicious.com\/aero2020\/2011\/12\/16\/ejecutivo-mark-schwab-liderara-la-organizacion-de-star-alliance\/"},"modified":"2011-12-16T13:38:50","modified_gmt":"2011-12-16T13:38:50","slug":"ejecutivo-mark-schwab-liderara-la-organizacion-de-star-alliance","status":"publish","type":"post","link":"https:\/\/aeronoticias.com.pe\/noticiero\/transporte-aereo\/internacional\/ejecutivo-mark-schwab-liderara-la-organizacion-de-star-alliance\/","title":{"rendered":"Ejecutivo Mark Schwab liderar\u00e1 la organizaci\u00f3n de Star Alliance"},"content":{"rendered":"<p style=\"text-align: justify;\"><strong>(Aeronoticias).-<\/strong> El CEB (ChiefExecutiveBoard) de Star Alliance ha designado a Mark Schwab para liderar laorganizaci\u00f3n central de Star Alliance, con sede en Frankfurt (Alemania), con el cargo de Presidente y Director General.<\/p>\n<p>Schwab procede de la compa\u00f1\u00eda United, miembro de Star Alliance, en la cual ha sido el responsable de alianzas de la compa\u00f1\u00eda con el cargo de Senior VicePresidentAlliances. Asimismo, debido a este puesto formaba parte del Consejode Administraci\u00f3n de Star Alliance. Marck Schwab releva a JaanAlbrecht,quien fue nombrado CEO de AustrianAirlines.<\/p>\n<p>\u201cCon el nombramiento de Mark Schwab nos hemos asegurado un ejecutivo de alto renombre a nivel internacional en el sector de la aviaci\u00f3n, que posee la cualificaci\u00f3n necesaria para liderar nuestra alianza en este nuevo cap\u00edtulo de suexitosa historia\u201d, ha declarado RobFyfe, CEO de Air New Zealand y Presidentedel CEB de Star Alliance.<\/p>\n<p>\u201cEste nombramiento proviene de una b\u00fasqueda a nivel mundial que deriv\u00f3 en una situaci\u00f3n muy c\u00f3moda para nosotros al disponer de varios candidatos dealto nivel entre los que elegir. Mark nos convenci\u00f3 con su vasto conocimientode la industria y su dilatada experiencia a nivel internacional. El hecho de haberdesempe\u00f1ado diversos cargos ejecutivos en nuestro sector en diversos pa\u00edsesdel mundo, le confiere el perfil espec\u00edfico que nosotros necesitamos para estedesaf\u00edo\u201d.<\/p>\n<p>Mark Schwab ha desempe\u00f1ado diversos cargos ejecutivos en la industria a\u00e9rea en UnitedAirlines, US Airways y American Airlines. Su carrera en el mundo de laaviaci\u00f3n empez\u00f3 en 1975 en la compa\u00f1\u00eda Pan American World Airways en Riode Janeiro.<\/p>\n<p>Debido a sus responsabilidades profesionales, ha pasado la mayor parte de su carrera fuera de su pa\u00eds natal, los Estados Unidos. Schwab ha lideradoorganizaciones en Am\u00e9rica Latina, Europa y Asia. Habla de una manera fluidaespa\u00f1ol y portugu\u00e9s y es licenciado en Asuntos Latinoamericanos por laUniversidad de Virginia, Charlottesville.<br \/>Mark Schwab est\u00e1 casado y tiene dos hijas.<\/p>\n<p>Star Alliance ServicesGmbH, con sede en Frankfurt (Alemania), sirve de organizaci\u00f3n central de la alianza a\u00e9rea m\u00e1s experimentada del mundo.Coordina los proyectos y actividades de las 28 aerol\u00edneas miembro, teniendocomo objetivo mejorar el servicio que se ofrece a los pasajeros internacionalescuando viajan en cualquiera de sus m\u00e1s de 21.000 vuelos diarios as\u00ed comoalcanzar sinergias a escala global m\u00e1s all\u00e1 de las capacidades individuales desus miembros.<\/p>\n<p><img decoding=\"async\" class=\"caption\" src=\"images\/stories\/11\/12\/161211\/mark.jpg\" border=\"0\" alt=\"Ejecutivo Mark Schwab liderar\u00e1 la organizaci\u00f3n de Star Alliance\" title=\"Ejecutivo Mark Schwab liderar\u00e1 la organizaci\u00f3n de Star Alliance\" \/><\/p>\n","protected":false},"excerpt":{"rendered":"<p>(Aeronoticias).- El CEB (ChiefExecutiveBoard) de Star Alliance ha designado a Mark Schwab para liderar laorganizaci\u00f3n central de Star Alliance, con sede en Frankfurt (Alemania), con el cargo de Presidente y Director General. Schwab procede de la compa\u00f1\u00eda United, miembro de Star Alliance, en la cual ha sido el responsable de alianzas de la compa\u00f1\u00eda con [&hellip;]<\/p>\n","protected":false},"author":1,"featured_media":0,"comment_status":"open","ping_status":"open","sticky":false,"template":"","format":"standard","meta":{"tdm_status":"","tdm_grid_status":"","footnotes":""},"categories":[32],"tags":[],"class_list":{"0":"post-21631","1":"post","2":"type-post","3":"status-publish","4":"format-standard","6":"category-internacional"},"yoast_head":"<!-- This site is optimized with the Yoast SEO plugin v25.1 - https:\/\/yoast.com\/wordpress\/plugins\/seo\/ -->\n<title>Ejecutivo Mark Schwab liderar\u00e1 la organizaci\u00f3n de Star Alliance<\/title>\n<meta name=\"description\" content=\"Portal de noticias del Per\u00fa sobre el transporte a\u00e9reo, aviaci\u00f3n, turismo, hoteleria, actualidad.\" \/>\n<meta name=\"robots\" content=\"index, follow, max-snippet:-1, max-image-preview:large, max-video-preview:-1\" \/>\n<link rel=\"canonical\" href=\"https:\/\/aeronoticias.com.pe\/noticiero\/transporte-aereo\/internacional\/ejecutivo-mark-schwab-liderara-la-organizacion-de-star-alliance\/\" \/>\n<meta property=\"og:locale\" content=\"es_ES\" \/>\n<meta property=\"og:type\" content=\"article\" \/>\n<meta property=\"og:title\" content=\"Ejecutivo Mark Schwab liderar\u00e1 la organizaci\u00f3n de Star Alliance\" \/>\n<meta property=\"og:description\" content=\"Portal de noticias del Per\u00fa sobre el transporte a\u00e9reo, aviaci\u00f3n, turismo, hoteleria, actualidad.\" \/>\n<meta property=\"og:url\" content=\"https:\/\/aeronoticias.com.pe\/noticiero\/transporte-aereo\/internacional\/ejecutivo-mark-schwab-liderara-la-organizacion-de-star-alliance\/\" \/>\n<meta property=\"og:site_name\" content=\"Aeronoticias.com.pe\" \/>\n<meta property=\"article:publisher\" content=\"https:\/\/www.facebook.com\/Aeronoticias.com.pe\/\" \/>\n<meta property=\"article:published_time\" content=\"2011-12-16T13:38:50+00:00\" \/>\n<meta name=\"author\" content=\"Redacci\u00f3n Aeronoticias\" \/>\n<meta name=\"twitter:card\" content=\"summary_large_image\" \/>\n<meta name=\"twitter:creator\" content=\"@aeronoticias\" \/>\n<meta name=\"twitter:site\" content=\"@aeronoticias\" \/>\n<meta name=\"twitter:label1\" content=\"Escrito por\" \/>\n\t<meta name=\"twitter:data1\" content=\"Redacci\u00f3n Aeronoticias\" \/>\n\t<meta name=\"twitter:label2\" content=\"Tiempo de lectura\" \/>\n\t<meta name=\"twitter:data2\" content=\"2 minutos\" \/>\n<script type=\"application\/ld+json\" class=\"yoast-schema-graph\">{\"@context\":\"https:\/\/schema.org\",\"@graph\":[{\"@type\":\"WebPage\",\"@id\":\"https:\/\/aeronoticias.com.pe\/noticiero\/transporte-aereo\/internacional\/ejecutivo-mark-schwab-liderara-la-organizacion-de-star-alliance\/\",\"url\":\"https:\/\/aeronoticias.com.pe\/noticiero\/transporte-aereo\/internacional\/ejecutivo-mark-schwab-liderara-la-organizacion-de-star-alliance\/\",\"name\":\"Ejecutivo Mark Schwab liderar\u00e1 la organizaci\u00f3n de Star Alliance\",\"isPartOf\":{\"@id\":\"https:\/\/aeronoticias.com.pe\/noticiero\/#website\"},\"datePublished\":\"2011-12-16T13:38:50+00:00\",\"author\":{\"@id\":\"https:\/\/aeronoticias.com.pe\/noticiero\/#\/schema\/person\/fc1e5d578f4b62ba1cf7ac2bba1170a0\"},\"description\":\"Portal de noticias del Per\u00fa sobre el transporte a\u00e9reo, aviaci\u00f3n, turismo, hoteleria, actualidad.\",\"breadcrumb\":{\"@id\":\"https:\/\/aeronoticias.com.pe\/noticiero\/transporte-aereo\/internacional\/ejecutivo-mark-schwab-liderara-la-organizacion-de-star-alliance\/#breadcrumb\"},\"inLanguage\":\"es\",\"potentialAction\":[{\"@type\":\"ReadAction\",\"target\":[\"https:\/\/aeronoticias.com.pe\/noticiero\/transporte-aereo\/internacional\/ejecutivo-mark-schwab-liderara-la-organizacion-de-star-alliance\/\"]}]},{\"@type\":\"BreadcrumbList\",\"@id\":\"https:\/\/aeronoticias.com.pe\/noticiero\/transporte-aereo\/internacional\/ejecutivo-mark-schwab-liderara-la-organizacion-de-star-alliance\/#breadcrumb\",\"itemListElement\":[{\"@type\":\"ListItem\",\"position\":1,\"name\":\"Portada\",\"item\":\"https:\/\/aeronoticias.com.pe\/noticiero\/\"},{\"@type\":\"ListItem\",\"position\":2,\"name\":\"Ejecutivo Mark Schwab liderar\u00e1 la organizaci\u00f3n de Star Alliance\"}]},{\"@type\":\"WebSite\",\"@id\":\"https:\/\/aeronoticias.com.pe\/noticiero\/#website\",\"url\":\"https:\/\/aeronoticias.com.pe\/noticiero\/\",\"name\":\"Aeronoticias.com.pe\",\"description\":\"Noticias de tranporte aereo, turismo, hoteles, gastronomia, actualidad, internacional\",\"potentialAction\":[{\"@type\":\"SearchAction\",\"target\":{\"@type\":\"EntryPoint\",\"urlTemplate\":\"https:\/\/aeronoticias.com.pe\/noticiero\/?s={search_term_string}\"},\"query-input\":{\"@type\":\"PropertyValueSpecification\",\"valueRequired\":true,\"valueName\":\"search_term_string\"}}],\"inLanguage\":\"es\"},{\"@type\":\"Person\",\"@id\":\"https:\/\/aeronoticias.com.pe\/noticiero\/#\/schema\/person\/fc1e5d578f4b62ba1cf7ac2bba1170a0\",\"name\":\"Redacci\u00f3n Aeronoticias\",\"url\":\"https:\/\/aeronoticias.com.pe\/noticiero\/author\/piloto\/\"}]}<\/script>\n<!-- \/ Yoast SEO plugin. -->","yoast_head_json":{"title":"Ejecutivo Mark Schwab liderar\u00e1 la organizaci\u00f3n de Star Alliance","description":"Portal de noticias del Per\u00fa sobre el transporte a\u00e9reo, aviaci\u00f3n, turismo, hoteleria, actualidad.","robots":{"index":"index","follow":"follow","max-snippet":"max-snippet:-1","max-image-preview":"max-image-preview:large","max-video-preview":"max-video-preview:-1"},"canonical":"https:\/\/aeronoticias.com.pe\/noticiero\/transporte-aereo\/internacional\/ejecutivo-mark-schwab-liderara-la-organizacion-de-star-alliance\/","og_locale":"es_ES","og_type":"article","og_title":"Ejecutivo Mark Schwab liderar\u00e1 la organizaci\u00f3n de Star Alliance","og_description":"Portal de noticias del Per\u00fa sobre el transporte a\u00e9reo, aviaci\u00f3n, turismo, hoteleria, actualidad.","og_url":"https:\/\/aeronoticias.com.pe\/noticiero\/transporte-aereo\/internacional\/ejecutivo-mark-schwab-liderara-la-organizacion-de-star-alliance\/","og_site_name":"Aeronoticias.com.pe","article_publisher":"https:\/\/www.facebook.com\/Aeronoticias.com.pe\/","article_published_time":"2011-12-16T13:38:50+00:00","author":"Redacci\u00f3n Aeronoticias","twitter_card":"summary_large_image","twitter_creator":"@aeronoticias","twitter_site":"@aeronoticias","twitter_misc":{"Escrito por":"Redacci\u00f3n Aeronoticias","Tiempo de lectura":"2 minutos"},"schema":{"@context":"https:\/\/schema.org","@graph":[{"@type":"WebPage","@id":"https:\/\/aeronoticias.com.pe\/noticiero\/transporte-aereo\/internacional\/ejecutivo-mark-schwab-liderara-la-organizacion-de-star-alliance\/","url":"https:\/\/aeronoticias.com.pe\/noticiero\/transporte-aereo\/internacional\/ejecutivo-mark-schwab-liderara-la-organizacion-de-star-alliance\/","name":"Ejecutivo Mark Schwab liderar\u00e1 la organizaci\u00f3n de Star Alliance","isPartOf":{"@id":"https:\/\/aeronoticias.com.pe\/noticiero\/#website"},"datePublished":"2011-12-16T13:38:50+00:00","author":{"@id":"https:\/\/aeronoticias.com.pe\/noticiero\/#\/schema\/person\/fc1e5d578f4b62ba1cf7ac2bba1170a0"},"description":"Portal de noticias del Per\u00fa sobre el transporte a\u00e9reo, aviaci\u00f3n, turismo, hoteleria, actualidad.","breadcrumb":{"@id":"https:\/\/aeronoticias.com.pe\/noticiero\/transporte-aereo\/internacional\/ejecutivo-mark-schwab-liderara-la-organizacion-de-star-alliance\/#breadcrumb"},"inLanguage":"es","potentialAction":[{"@type":"ReadAction","target":["https:\/\/aeronoticias.com.pe\/noticiero\/transporte-aereo\/internacional\/ejecutivo-mark-schwab-liderara-la-organizacion-de-star-alliance\/"]}]},{"@type":"BreadcrumbList","@id":"https:\/\/aeronoticias.com.pe\/noticiero\/transporte-aereo\/internacional\/ejecutivo-mark-schwab-liderara-la-organizacion-de-star-alliance\/#breadcrumb","itemListElement":[{"@type":"ListItem","position":1,"name":"Portada","item":"https:\/\/aeronoticias.com.pe\/noticiero\/"},{"@type":"ListItem","position":2,"name":"Ejecutivo Mark Schwab liderar\u00e1 la organizaci\u00f3n de Star Alliance"}]},{"@type":"WebSite","@id":"https:\/\/aeronoticias.com.pe\/noticiero\/#website","url":"https:\/\/aeronoticias.com.pe\/noticiero\/","name":"Aeronoticias.com.pe","description":"Noticias de tranporte aereo, turismo, hoteles, gastronomia, actualidad, internacional","potentialAction":[{"@type":"SearchAction","target":{"@type":"EntryPoint","urlTemplate":"https:\/\/aeronoticias.com.pe\/noticiero\/?s={search_term_string}"},"query-input":{"@type":"PropertyValueSpecification","valueRequired":true,"valueName":"search_term_string"}}],"inLanguage":"es"},{"@type":"Person","@id":"https:\/\/aeronoticias.com.pe\/noticiero\/#\/schema\/person\/fc1e5d578f4b62ba1cf7ac2bba1170a0","name":"Redacci\u00f3n Aeronoticias","url":"https:\/\/aeronoticias.com.pe\/noticiero\/author\/piloto\/"}]}},"_links":{"self":[{"href":"https:\/\/aeronoticias.com.pe\/noticiero\/wp-json\/wp\/v2\/posts\/21631","targetHints":{"allow":["GET"]}}],"collection":[{"href":"https:\/\/aeronoticias.com.pe\/noticiero\/wp-json\/wp\/v2\/posts"}],"about":[{"href":"https:\/\/aeronoticias.com.pe\/noticiero\/wp-json\/wp\/v2\/types\/post"}],"author":[{"embeddable":true,"href":"https:\/\/aeronoticias.com.pe\/noticiero\/wp-json\/wp\/v2\/users\/1"}],"replies":[{"embeddable":true,"href":"https:\/\/aeronoticias.com.pe\/noticiero\/wp-json\/wp\/v2\/comments?post=21631"}],"version-history":[{"count":0,"href":"https:\/\/aeronoticias.com.pe\/noticiero\/wp-json\/wp\/v2\/posts\/21631\/revisions"}],"wp:attachment":[{"href":"https:\/\/aeronoticias.com.pe\/noticiero\/wp-json\/wp\/v2\/media?parent=21631"}],"wp:term":[{"taxonomy":"category","embeddable":true,"href":"https:\/\/aeronoticias.com.pe\/noticiero\/wp-json\/wp\/v2\/categories?post=21631"},{"taxonomy":"post_tag","embeddable":true,"href":"https:\/\/aeronoticias.com.pe\/noticiero\/wp-json\/wp\/v2\/tags?post=21631"}],"curies":[{"name":"wp","href":"https:\/\/api.w.org\/{rel}","templated":true}]}}