{"id":21632,"date":"2011-12-16T03:49:11","date_gmt":"2011-12-16T03:49:11","guid":{"rendered":"http:\/\/desarrollo.mcvicious.com\/aero2020\/2011\/12\/16\/lago-titicaca-acapital-nacional-del-turismo-rural-vivencial\/"},"modified":"2011-12-16T03:49:11","modified_gmt":"2011-12-16T03:49:11","slug":"lago-titicaca-acapital-nacional-del-turismo-rural-vivencial","status":"publish","type":"post","link":"https:\/\/aeronoticias.com.pe\/noticiero\/turismo\/13\/lago-titicaca-acapital-nacional-del-turismo-rural-vivencial\/","title":{"rendered":"Lago Titicaca, \u00b4Capital Nacional del turismo rural vivencial"},"content":{"rendered":"<p style=\"text-align: justify;\"><strong>(Aeronoticias).-<\/strong> La municipalidad del distrito de Capachica, en el departamento surandino de Puno, promueve ante el Congreso la denominaci\u00f3n de la localidad como \u00abCapital nacional del turismo rural vivencial en el lago Titicaca\u00bb, inform\u00f3 hoy el legislador Rub\u00e9n Condori. <\/p>\n<p>El congresista pune\u00f1o expres\u00f3 que se ha presentado la moci\u00f3n respectiva en el Legislativo, tras se\u00f1alar que la iniciativa tiene el prop\u00f3sito de incentivar el turismo vivencial al distrito de Capachica.<\/p>\n<p>Destac\u00f3 la belleza y las vivencias que pueden tener los turistas que decidan quedarse unos d\u00edas en el distrito pune\u00f1o, ubicado a 1,280 kil\u00f3metros al sur de Lima.<\/p>\n<p>\u201cEs una pen\u00ednsula de singular belleza en la que sobreviven costumbres ancestrales que pueden convertirla en un nuevo destino tur\u00edstico\u201d, sostuvo que actualmente existen algunos tours a la zona pero son limitados.<\/p>\n<p>Asimismo expres\u00f3 que sus apacibles playas, formaciones rocosas y sus miradores naturales incas, como el Karruspata y Allan Pukara, as\u00ed como la arquitectura del distrito garantizan al visitante una gran experiencia.<\/p>\n<p>Coment\u00f3 que los lugare\u00f1os, adem\u00e1s, involucran a los visitantes en el desarrollo de sus faenas agr\u00edcolas, pesca artesanal y elaboraci\u00f3n de artesan\u00eda.<\/p>\n<p>A ello se suman las actividades de car\u00e1cter m\u00edstico como el pago a la tierra y la lectura de las hojas de coca. \u201cTodo se desarrolla bajo la energ\u00eda que emana del lago Titicaca\u201d, apunt\u00f3. <\/p>\n<p>\u201cSe trata de una gran alternativa tur\u00edstica, por lo que estamos seguros de que la moci\u00f3n ser\u00e1 aprobada por el Congreso\u201d, expres\u00f3.<br \/><img decoding=\"async\" class=\"caption\" src=\"images\/stories\/11\/12\/151211\/capachica.jpg\" border=\"0\" alt=\"Lago Titicaca, \u00b4Capital Nacional del turismo rural vivencial\" title=\"Lago Titicaca, \u00b4Capital Nacional del turismo rural vivencial\" \/><\/p>\n","protected":false},"excerpt":{"rendered":"<p>(Aeronoticias).- La municipalidad del distrito de Capachica, en el departamento surandino de Puno, promueve ante el Congreso la denominaci\u00f3n de la localidad como \u00abCapital nacional del turismo rural vivencial en el lago Titicaca\u00bb, inform\u00f3 hoy el legislador Rub\u00e9n Condori. El congresista pune\u00f1o expres\u00f3 que se ha presentado la moci\u00f3n respectiva en el Legislativo, tras se\u00f1alar [&hellip;]<\/p>\n","protected":false},"author":1,"featured_media":0,"comment_status":"open","ping_status":"open","sticky":false,"template":"","format":"standard","meta":{"tdm_status":"","tdm_grid_status":"","footnotes":""},"categories":[31],"tags":[],"class_list":{"0":"post-21632","1":"post","2":"type-post","3":"status-publish","4":"format-standard","6":"category-31"},"yoast_head":"<!-- This site is optimized with the Yoast SEO plugin v25.1 - https:\/\/yoast.com\/wordpress\/plugins\/seo\/ -->\n<title>Lago Titicaca, \u00b4Capital Nacional del turismo rural vivencial<\/title>\n<meta name=\"description\" content=\"Portal de noticias del Per\u00fa sobre el transporte a\u00e9reo, aviaci\u00f3n, turismo, hoteleria, actualidad.\" \/>\n<meta name=\"robots\" content=\"index, follow, max-snippet:-1, max-image-preview:large, max-video-preview:-1\" \/>\n<link rel=\"canonical\" href=\"https:\/\/aeronoticias.com.pe\/noticiero\/turismo\/13\/lago-titicaca-acapital-nacional-del-turismo-rural-vivencial\/\" \/>\n<meta property=\"og:locale\" content=\"es_ES\" \/>\n<meta property=\"og:type\" content=\"article\" \/>\n<meta property=\"og:title\" content=\"Lago Titicaca, \u00b4Capital Nacional del turismo rural vivencial\" \/>\n<meta property=\"og:description\" content=\"Portal de noticias del Per\u00fa sobre el transporte a\u00e9reo, aviaci\u00f3n, turismo, hoteleria, actualidad.\" \/>\n<meta property=\"og:url\" content=\"https:\/\/aeronoticias.com.pe\/noticiero\/turismo\/13\/lago-titicaca-acapital-nacional-del-turismo-rural-vivencial\/\" \/>\n<meta property=\"og:site_name\" content=\"Aeronoticias.com.pe\" \/>\n<meta property=\"article:publisher\" content=\"https:\/\/www.facebook.com\/Aeronoticias.com.pe\/\" \/>\n<meta property=\"article:published_time\" content=\"2011-12-16T03:49:11+00:00\" \/>\n<meta name=\"author\" content=\"Redacci\u00f3n Aeronoticias\" \/>\n<meta name=\"twitter:card\" content=\"summary_large_image\" \/>\n<meta name=\"twitter:creator\" content=\"@aeronoticias\" \/>\n<meta name=\"twitter:site\" content=\"@aeronoticias\" \/>\n<meta name=\"twitter:label1\" content=\"Escrito por\" \/>\n\t<meta name=\"twitter:data1\" content=\"Redacci\u00f3n Aeronoticias\" \/>\n\t<meta name=\"twitter:label2\" content=\"Tiempo de lectura\" \/>\n\t<meta name=\"twitter:data2\" content=\"1 minuto\" \/>\n<script type=\"application\/ld+json\" class=\"yoast-schema-graph\">{\"@context\":\"https:\/\/schema.org\",\"@graph\":[{\"@type\":\"WebPage\",\"@id\":\"https:\/\/aeronoticias.com.pe\/noticiero\/turismo\/13\/lago-titicaca-acapital-nacional-del-turismo-rural-vivencial\/\",\"url\":\"https:\/\/aeronoticias.com.pe\/noticiero\/turismo\/13\/lago-titicaca-acapital-nacional-del-turismo-rural-vivencial\/\",\"name\":\"Lago Titicaca, \u00b4Capital Nacional del turismo rural vivencial\",\"isPartOf\":{\"@id\":\"https:\/\/aeronoticias.com.pe\/noticiero\/#website\"},\"datePublished\":\"2011-12-16T03:49:11+00:00\",\"author\":{\"@id\":\"https:\/\/aeronoticias.com.pe\/noticiero\/#\/schema\/person\/fc1e5d578f4b62ba1cf7ac2bba1170a0\"},\"description\":\"Portal de noticias del Per\u00fa sobre el transporte a\u00e9reo, aviaci\u00f3n, turismo, hoteleria, actualidad.\",\"breadcrumb\":{\"@id\":\"https:\/\/aeronoticias.com.pe\/noticiero\/turismo\/13\/lago-titicaca-acapital-nacional-del-turismo-rural-vivencial\/#breadcrumb\"},\"inLanguage\":\"es\",\"potentialAction\":[{\"@type\":\"ReadAction\",\"target\":[\"https:\/\/aeronoticias.com.pe\/noticiero\/turismo\/13\/lago-titicaca-acapital-nacional-del-turismo-rural-vivencial\/\"]}]},{\"@type\":\"BreadcrumbList\",\"@id\":\"https:\/\/aeronoticias.com.pe\/noticiero\/turismo\/13\/lago-titicaca-acapital-nacional-del-turismo-rural-vivencial\/#breadcrumb\",\"itemListElement\":[{\"@type\":\"ListItem\",\"position\":1,\"name\":\"Portada\",\"item\":\"https:\/\/aeronoticias.com.pe\/noticiero\/\"},{\"@type\":\"ListItem\",\"position\":2,\"name\":\"Lago Titicaca, \u00b4Capital Nacional del turismo rural vivencial\"}]},{\"@type\":\"WebSite\",\"@id\":\"https:\/\/aeronoticias.com.pe\/noticiero\/#website\",\"url\":\"https:\/\/aeronoticias.com.pe\/noticiero\/\",\"name\":\"Aeronoticias.com.pe\",\"description\":\"Noticias de tranporte aereo, turismo, hoteles, gastronomia, actualidad, internacional\",\"potentialAction\":[{\"@type\":\"SearchAction\",\"target\":{\"@type\":\"EntryPoint\",\"urlTemplate\":\"https:\/\/aeronoticias.com.pe\/noticiero\/?s={search_term_string}\"},\"query-input\":{\"@type\":\"PropertyValueSpecification\",\"valueRequired\":true,\"valueName\":\"search_term_string\"}}],\"inLanguage\":\"es\"},{\"@type\":\"Person\",\"@id\":\"https:\/\/aeronoticias.com.pe\/noticiero\/#\/schema\/person\/fc1e5d578f4b62ba1cf7ac2bba1170a0\",\"name\":\"Redacci\u00f3n Aeronoticias\",\"url\":\"https:\/\/aeronoticias.com.pe\/noticiero\/author\/piloto\/\"}]}<\/script>\n<!-- \/ Yoast SEO plugin. -->","yoast_head_json":{"title":"Lago Titicaca, \u00b4Capital Nacional del turismo rural vivencial","description":"Portal de noticias del Per\u00fa sobre el transporte a\u00e9reo, aviaci\u00f3n, turismo, hoteleria, actualidad.","robots":{"index":"index","follow":"follow","max-snippet":"max-snippet:-1","max-image-preview":"max-image-preview:large","max-video-preview":"max-video-preview:-1"},"canonical":"https:\/\/aeronoticias.com.pe\/noticiero\/turismo\/13\/lago-titicaca-acapital-nacional-del-turismo-rural-vivencial\/","og_locale":"es_ES","og_type":"article","og_title":"Lago Titicaca, \u00b4Capital Nacional del turismo rural vivencial","og_description":"Portal de noticias del Per\u00fa sobre el transporte a\u00e9reo, aviaci\u00f3n, turismo, hoteleria, actualidad.","og_url":"https:\/\/aeronoticias.com.pe\/noticiero\/turismo\/13\/lago-titicaca-acapital-nacional-del-turismo-rural-vivencial\/","og_site_name":"Aeronoticias.com.pe","article_publisher":"https:\/\/www.facebook.com\/Aeronoticias.com.pe\/","article_published_time":"2011-12-16T03:49:11+00:00","author":"Redacci\u00f3n Aeronoticias","twitter_card":"summary_large_image","twitter_creator":"@aeronoticias","twitter_site":"@aeronoticias","twitter_misc":{"Escrito por":"Redacci\u00f3n Aeronoticias","Tiempo de lectura":"1 minuto"},"schema":{"@context":"https:\/\/schema.org","@graph":[{"@type":"WebPage","@id":"https:\/\/aeronoticias.com.pe\/noticiero\/turismo\/13\/lago-titicaca-acapital-nacional-del-turismo-rural-vivencial\/","url":"https:\/\/aeronoticias.com.pe\/noticiero\/turismo\/13\/lago-titicaca-acapital-nacional-del-turismo-rural-vivencial\/","name":"Lago Titicaca, \u00b4Capital Nacional del turismo rural vivencial","isPartOf":{"@id":"https:\/\/aeronoticias.com.pe\/noticiero\/#website"},"datePublished":"2011-12-16T03:49:11+00:00","author":{"@id":"https:\/\/aeronoticias.com.pe\/noticiero\/#\/schema\/person\/fc1e5d578f4b62ba1cf7ac2bba1170a0"},"description":"Portal de noticias del Per\u00fa sobre el transporte a\u00e9reo, aviaci\u00f3n, turismo, hoteleria, actualidad.","breadcrumb":{"@id":"https:\/\/aeronoticias.com.pe\/noticiero\/turismo\/13\/lago-titicaca-acapital-nacional-del-turismo-rural-vivencial\/#breadcrumb"},"inLanguage":"es","potentialAction":[{"@type":"ReadAction","target":["https:\/\/aeronoticias.com.pe\/noticiero\/turismo\/13\/lago-titicaca-acapital-nacional-del-turismo-rural-vivencial\/"]}]},{"@type":"BreadcrumbList","@id":"https:\/\/aeronoticias.com.pe\/noticiero\/turismo\/13\/lago-titicaca-acapital-nacional-del-turismo-rural-vivencial\/#breadcrumb","itemListElement":[{"@type":"ListItem","position":1,"name":"Portada","item":"https:\/\/aeronoticias.com.pe\/noticiero\/"},{"@type":"ListItem","position":2,"name":"Lago Titicaca, \u00b4Capital Nacional del turismo rural vivencial"}]},{"@type":"WebSite","@id":"https:\/\/aeronoticias.com.pe\/noticiero\/#website","url":"https:\/\/aeronoticias.com.pe\/noticiero\/","name":"Aeronoticias.com.pe","description":"Noticias de tranporte aereo, turismo, hoteles, gastronomia, actualidad, internacional","potentialAction":[{"@type":"SearchAction","target":{"@type":"EntryPoint","urlTemplate":"https:\/\/aeronoticias.com.pe\/noticiero\/?s={search_term_string}"},"query-input":{"@type":"PropertyValueSpecification","valueRequired":true,"valueName":"search_term_string"}}],"inLanguage":"es"},{"@type":"Person","@id":"https:\/\/aeronoticias.com.pe\/noticiero\/#\/schema\/person\/fc1e5d578f4b62ba1cf7ac2bba1170a0","name":"Redacci\u00f3n Aeronoticias","url":"https:\/\/aeronoticias.com.pe\/noticiero\/author\/piloto\/"}]}},"_links":{"self":[{"href":"https:\/\/aeronoticias.com.pe\/noticiero\/wp-json\/wp\/v2\/posts\/21632","targetHints":{"allow":["GET"]}}],"collection":[{"href":"https:\/\/aeronoticias.com.pe\/noticiero\/wp-json\/wp\/v2\/posts"}],"about":[{"href":"https:\/\/aeronoticias.com.pe\/noticiero\/wp-json\/wp\/v2\/types\/post"}],"author":[{"embeddable":true,"href":"https:\/\/aeronoticias.com.pe\/noticiero\/wp-json\/wp\/v2\/users\/1"}],"replies":[{"embeddable":true,"href":"https:\/\/aeronoticias.com.pe\/noticiero\/wp-json\/wp\/v2\/comments?post=21632"}],"version-history":[{"count":0,"href":"https:\/\/aeronoticias.com.pe\/noticiero\/wp-json\/wp\/v2\/posts\/21632\/revisions"}],"wp:attachment":[{"href":"https:\/\/aeronoticias.com.pe\/noticiero\/wp-json\/wp\/v2\/media?parent=21632"}],"wp:term":[{"taxonomy":"category","embeddable":true,"href":"https:\/\/aeronoticias.com.pe\/noticiero\/wp-json\/wp\/v2\/categories?post=21632"},{"taxonomy":"post_tag","embeddable":true,"href":"https:\/\/aeronoticias.com.pe\/noticiero\/wp-json\/wp\/v2\/tags?post=21632"}],"curies":[{"name":"wp","href":"https:\/\/api.w.org\/{rel}","templated":true}]}}