{"id":21645,"date":"2011-12-16T15:08:54","date_gmt":"2011-12-16T15:08:54","guid":{"rendered":"http:\/\/desarrollo.mcvicious.com\/aero2020\/2011\/12\/16\/comuna-de-miraflores-quiere-sentar-un-precedente-contra-discriminacion-clausurando-temporalmente-cine-uvk\/"},"modified":"2011-12-16T15:08:54","modified_gmt":"2011-12-16T15:08:54","slug":"comuna-de-miraflores-quiere-sentar-un-precedente-contra-discriminacion-clausurando-temporalmente-cine-uvk","status":"publish","type":"post","link":"https:\/\/aeronoticias.com.pe\/noticiero\/nacionales\/comuna-de-miraflores-quiere-sentar-un-precedente-contra-discriminacion-clausurando-temporalmente-cine-uvk\/","title":{"rendered":"Comuna de Miraflores quiere sentar un precedente contra discriminaci\u00f3n, clausurando  temporalmente  cine UVK"},"content":{"rendered":"<p style=\"text-align: justify;\"><strong>(Aeronoticias).-<\/strong> Carlos Alberto Llerena Zegarra, el subgerente de Fiscalizaci\u00f3n y Control de la municipalidad de Miraflores, afirm\u00f3 que \u00abs\u00ed existi\u00f3 un acto lamentable de discriminaci\u00f3n\u00bb en contra del joven cusque\u00f1o Ricardo Apaza, al impedirle el ingreso a la sala de multicines de UVK Larcomar \u00abtras evaluar medios probatorios\u00bb, por ello se dispuso una clausura por siete d\u00edas.<\/p>\n<p style=\"text-align: justify;\">En declaraciones a una radio local, el funcionario edil, se\u00f1al\u00f3: \u00abM\u00e1s all\u00e1 de la informaci\u00f3n recogida en la prensa y las quejas presentadas, hemos evaluado el principio de respeto de la persona. Todo lo argumentado por cine UVK no ha logrado desvirtuar los hechos concretos descritos. En ese sentido, se ha determinado la medida cautelar\u00bb.<\/p>\n<p style=\"text-align: justify;\">Agreg\u00f3 adem\u00e1s que la medida cautelar es preventiva, es por siete d\u00edas, m\u00e1s all\u00e1 de la sanci\u00f3n pecuniaria que tendr\u00e1n que pagar. Cabe resaltar que \u00a0este es el primer caso en el cual la comuna miraflorina resuelve en primera instancia una clausura temporal.<\/p>\n<p>  <!--more-->  <\/p>\n<p style=\"text-align: justify;\">Llerena Zegarra subray\u00f3 que la intenci\u00f3n de la municipalidad no es causar un desorden ni polarizar a la poblaci\u00f3n, simplemente quieren sentar un precedente por un principio de legalidad.<\/p>\n<p style=\"text-align: justify;\"><img decoding=\"async\" src=\"images\/stories\/11\/12\/161211\/uvk_larcomar_municipalidad_clausura_.jpg\" border=\"0\" alt=\"Comuna de Miraflores quiere sentar un precedente contra discriminaci\u00f3n, clausurando  temporalmente  cine UVK\" title=\"Comuna de Miraflores quiere sentar un precedente contra discriminaci\u00f3n, clausurando  temporalmente  cine UVK\" \/><\/p>\n","protected":false},"excerpt":{"rendered":"<p>(Aeronoticias).- Carlos Alberto Llerena Zegarra, el subgerente de Fiscalizaci\u00f3n y Control de la municipalidad de Miraflores, afirm\u00f3 que \u00abs\u00ed existi\u00f3 un acto lamentable de discriminaci\u00f3n\u00bb en contra del joven cusque\u00f1o Ricardo Apaza, al impedirle el ingreso a la sala de multicines de UVK Larcomar \u00abtras evaluar medios probatorios\u00bb, por ello se dispuso una clausura por [&hellip;]<\/p>\n","protected":false},"author":1,"featured_media":0,"comment_status":"open","ping_status":"open","sticky":false,"template":"","format":"standard","meta":{"tdm_status":"","tdm_grid_status":"","footnotes":""},"categories":[38],"tags":[],"class_list":{"0":"post-21645","1":"post","2":"type-post","3":"status-publish","4":"format-standard","6":"category-nacionales"},"yoast_head":"<!-- This site is optimized with the Yoast SEO plugin v25.1 - https:\/\/yoast.com\/wordpress\/plugins\/seo\/ -->\n<title>Comuna de Miraflores quiere sentar un precedente contra discriminaci\u00f3n, clausurando temporalmente cine UVK<\/title>\n<meta name=\"description\" content=\"Portal de noticias del Per\u00fa sobre el transporte a\u00e9reo, aviaci\u00f3n, turismo, hoteleria, actualidad.\" \/>\n<meta name=\"robots\" content=\"index, follow, max-snippet:-1, max-image-preview:large, max-video-preview:-1\" \/>\n<link rel=\"canonical\" href=\"https:\/\/aeronoticias.com.pe\/noticiero\/nacionales\/comuna-de-miraflores-quiere-sentar-un-precedente-contra-discriminacion-clausurando-temporalmente-cine-uvk\/\" \/>\n<meta property=\"og:locale\" content=\"es_ES\" \/>\n<meta property=\"og:type\" content=\"article\" \/>\n<meta property=\"og:title\" content=\"Comuna de Miraflores quiere sentar un precedente contra discriminaci\u00f3n, clausurando temporalmente cine UVK\" \/>\n<meta property=\"og:description\" content=\"Portal de noticias del Per\u00fa sobre el transporte a\u00e9reo, aviaci\u00f3n, turismo, hoteleria, actualidad.\" \/>\n<meta property=\"og:url\" content=\"https:\/\/aeronoticias.com.pe\/noticiero\/nacionales\/comuna-de-miraflores-quiere-sentar-un-precedente-contra-discriminacion-clausurando-temporalmente-cine-uvk\/\" \/>\n<meta property=\"og:site_name\" content=\"Aeronoticias.com.pe\" \/>\n<meta property=\"article:publisher\" content=\"https:\/\/www.facebook.com\/Aeronoticias.com.pe\/\" \/>\n<meta property=\"article:published_time\" content=\"2011-12-16T15:08:54+00:00\" \/>\n<meta name=\"author\" content=\"Redacci\u00f3n Aeronoticias\" \/>\n<meta name=\"twitter:card\" content=\"summary_large_image\" \/>\n<meta name=\"twitter:creator\" content=\"@aeronoticias\" \/>\n<meta name=\"twitter:site\" content=\"@aeronoticias\" \/>\n<meta name=\"twitter:label1\" content=\"Escrito por\" \/>\n\t<meta name=\"twitter:data1\" content=\"Redacci\u00f3n Aeronoticias\" \/>\n\t<meta name=\"twitter:label2\" content=\"Tiempo de lectura\" \/>\n\t<meta name=\"twitter:data2\" content=\"1 minuto\" \/>\n<script type=\"application\/ld+json\" class=\"yoast-schema-graph\">{\"@context\":\"https:\/\/schema.org\",\"@graph\":[{\"@type\":\"WebPage\",\"@id\":\"https:\/\/aeronoticias.com.pe\/noticiero\/nacionales\/comuna-de-miraflores-quiere-sentar-un-precedente-contra-discriminacion-clausurando-temporalmente-cine-uvk\/\",\"url\":\"https:\/\/aeronoticias.com.pe\/noticiero\/nacionales\/comuna-de-miraflores-quiere-sentar-un-precedente-contra-discriminacion-clausurando-temporalmente-cine-uvk\/\",\"name\":\"Comuna de Miraflores quiere sentar un precedente contra discriminaci\u00f3n, clausurando temporalmente cine UVK\",\"isPartOf\":{\"@id\":\"https:\/\/aeronoticias.com.pe\/noticiero\/#website\"},\"datePublished\":\"2011-12-16T15:08:54+00:00\",\"author\":{\"@id\":\"https:\/\/aeronoticias.com.pe\/noticiero\/#\/schema\/person\/fc1e5d578f4b62ba1cf7ac2bba1170a0\"},\"description\":\"Portal de noticias del Per\u00fa sobre el transporte a\u00e9reo, aviaci\u00f3n, turismo, hoteleria, actualidad.\",\"breadcrumb\":{\"@id\":\"https:\/\/aeronoticias.com.pe\/noticiero\/nacionales\/comuna-de-miraflores-quiere-sentar-un-precedente-contra-discriminacion-clausurando-temporalmente-cine-uvk\/#breadcrumb\"},\"inLanguage\":\"es\",\"potentialAction\":[{\"@type\":\"ReadAction\",\"target\":[\"https:\/\/aeronoticias.com.pe\/noticiero\/nacionales\/comuna-de-miraflores-quiere-sentar-un-precedente-contra-discriminacion-clausurando-temporalmente-cine-uvk\/\"]}]},{\"@type\":\"BreadcrumbList\",\"@id\":\"https:\/\/aeronoticias.com.pe\/noticiero\/nacionales\/comuna-de-miraflores-quiere-sentar-un-precedente-contra-discriminacion-clausurando-temporalmente-cine-uvk\/#breadcrumb\",\"itemListElement\":[{\"@type\":\"ListItem\",\"position\":1,\"name\":\"Portada\",\"item\":\"https:\/\/aeronoticias.com.pe\/noticiero\/\"},{\"@type\":\"ListItem\",\"position\":2,\"name\":\"Comuna de Miraflores quiere sentar un precedente contra discriminaci\u00f3n, clausurando temporalmente cine UVK\"}]},{\"@type\":\"WebSite\",\"@id\":\"https:\/\/aeronoticias.com.pe\/noticiero\/#website\",\"url\":\"https:\/\/aeronoticias.com.pe\/noticiero\/\",\"name\":\"Aeronoticias.com.pe\",\"description\":\"Noticias de tranporte aereo, turismo, hoteles, gastronomia, actualidad, internacional\",\"potentialAction\":[{\"@type\":\"SearchAction\",\"target\":{\"@type\":\"EntryPoint\",\"urlTemplate\":\"https:\/\/aeronoticias.com.pe\/noticiero\/?s={search_term_string}\"},\"query-input\":{\"@type\":\"PropertyValueSpecification\",\"valueRequired\":true,\"valueName\":\"search_term_string\"}}],\"inLanguage\":\"es\"},{\"@type\":\"Person\",\"@id\":\"https:\/\/aeronoticias.com.pe\/noticiero\/#\/schema\/person\/fc1e5d578f4b62ba1cf7ac2bba1170a0\",\"name\":\"Redacci\u00f3n Aeronoticias\",\"url\":\"https:\/\/aeronoticias.com.pe\/noticiero\/author\/piloto\/\"}]}<\/script>\n<!-- \/ Yoast SEO plugin. -->","yoast_head_json":{"title":"Comuna de Miraflores quiere sentar un precedente contra discriminaci\u00f3n, clausurando temporalmente cine UVK","description":"Portal de noticias del Per\u00fa sobre el transporte a\u00e9reo, aviaci\u00f3n, turismo, hoteleria, actualidad.","robots":{"index":"index","follow":"follow","max-snippet":"max-snippet:-1","max-image-preview":"max-image-preview:large","max-video-preview":"max-video-preview:-1"},"canonical":"https:\/\/aeronoticias.com.pe\/noticiero\/nacionales\/comuna-de-miraflores-quiere-sentar-un-precedente-contra-discriminacion-clausurando-temporalmente-cine-uvk\/","og_locale":"es_ES","og_type":"article","og_title":"Comuna de Miraflores quiere sentar un precedente contra discriminaci\u00f3n, clausurando temporalmente cine UVK","og_description":"Portal de noticias del Per\u00fa sobre el transporte a\u00e9reo, aviaci\u00f3n, turismo, hoteleria, actualidad.","og_url":"https:\/\/aeronoticias.com.pe\/noticiero\/nacionales\/comuna-de-miraflores-quiere-sentar-un-precedente-contra-discriminacion-clausurando-temporalmente-cine-uvk\/","og_site_name":"Aeronoticias.com.pe","article_publisher":"https:\/\/www.facebook.com\/Aeronoticias.com.pe\/","article_published_time":"2011-12-16T15:08:54+00:00","author":"Redacci\u00f3n Aeronoticias","twitter_card":"summary_large_image","twitter_creator":"@aeronoticias","twitter_site":"@aeronoticias","twitter_misc":{"Escrito por":"Redacci\u00f3n Aeronoticias","Tiempo de lectura":"1 minuto"},"schema":{"@context":"https:\/\/schema.org","@graph":[{"@type":"WebPage","@id":"https:\/\/aeronoticias.com.pe\/noticiero\/nacionales\/comuna-de-miraflores-quiere-sentar-un-precedente-contra-discriminacion-clausurando-temporalmente-cine-uvk\/","url":"https:\/\/aeronoticias.com.pe\/noticiero\/nacionales\/comuna-de-miraflores-quiere-sentar-un-precedente-contra-discriminacion-clausurando-temporalmente-cine-uvk\/","name":"Comuna de Miraflores quiere sentar un precedente contra discriminaci\u00f3n, clausurando temporalmente cine UVK","isPartOf":{"@id":"https:\/\/aeronoticias.com.pe\/noticiero\/#website"},"datePublished":"2011-12-16T15:08:54+00:00","author":{"@id":"https:\/\/aeronoticias.com.pe\/noticiero\/#\/schema\/person\/fc1e5d578f4b62ba1cf7ac2bba1170a0"},"description":"Portal de noticias del Per\u00fa sobre el transporte a\u00e9reo, aviaci\u00f3n, turismo, hoteleria, actualidad.","breadcrumb":{"@id":"https:\/\/aeronoticias.com.pe\/noticiero\/nacionales\/comuna-de-miraflores-quiere-sentar-un-precedente-contra-discriminacion-clausurando-temporalmente-cine-uvk\/#breadcrumb"},"inLanguage":"es","potentialAction":[{"@type":"ReadAction","target":["https:\/\/aeronoticias.com.pe\/noticiero\/nacionales\/comuna-de-miraflores-quiere-sentar-un-precedente-contra-discriminacion-clausurando-temporalmente-cine-uvk\/"]}]},{"@type":"BreadcrumbList","@id":"https:\/\/aeronoticias.com.pe\/noticiero\/nacionales\/comuna-de-miraflores-quiere-sentar-un-precedente-contra-discriminacion-clausurando-temporalmente-cine-uvk\/#breadcrumb","itemListElement":[{"@type":"ListItem","position":1,"name":"Portada","item":"https:\/\/aeronoticias.com.pe\/noticiero\/"},{"@type":"ListItem","position":2,"name":"Comuna de Miraflores quiere sentar un precedente contra discriminaci\u00f3n, clausurando temporalmente cine UVK"}]},{"@type":"WebSite","@id":"https:\/\/aeronoticias.com.pe\/noticiero\/#website","url":"https:\/\/aeronoticias.com.pe\/noticiero\/","name":"Aeronoticias.com.pe","description":"Noticias de tranporte aereo, turismo, hoteles, gastronomia, actualidad, internacional","potentialAction":[{"@type":"SearchAction","target":{"@type":"EntryPoint","urlTemplate":"https:\/\/aeronoticias.com.pe\/noticiero\/?s={search_term_string}"},"query-input":{"@type":"PropertyValueSpecification","valueRequired":true,"valueName":"search_term_string"}}],"inLanguage":"es"},{"@type":"Person","@id":"https:\/\/aeronoticias.com.pe\/noticiero\/#\/schema\/person\/fc1e5d578f4b62ba1cf7ac2bba1170a0","name":"Redacci\u00f3n Aeronoticias","url":"https:\/\/aeronoticias.com.pe\/noticiero\/author\/piloto\/"}]}},"_links":{"self":[{"href":"https:\/\/aeronoticias.com.pe\/noticiero\/wp-json\/wp\/v2\/posts\/21645","targetHints":{"allow":["GET"]}}],"collection":[{"href":"https:\/\/aeronoticias.com.pe\/noticiero\/wp-json\/wp\/v2\/posts"}],"about":[{"href":"https:\/\/aeronoticias.com.pe\/noticiero\/wp-json\/wp\/v2\/types\/post"}],"author":[{"embeddable":true,"href":"https:\/\/aeronoticias.com.pe\/noticiero\/wp-json\/wp\/v2\/users\/1"}],"replies":[{"embeddable":true,"href":"https:\/\/aeronoticias.com.pe\/noticiero\/wp-json\/wp\/v2\/comments?post=21645"}],"version-history":[{"count":0,"href":"https:\/\/aeronoticias.com.pe\/noticiero\/wp-json\/wp\/v2\/posts\/21645\/revisions"}],"wp:attachment":[{"href":"https:\/\/aeronoticias.com.pe\/noticiero\/wp-json\/wp\/v2\/media?parent=21645"}],"wp:term":[{"taxonomy":"category","embeddable":true,"href":"https:\/\/aeronoticias.com.pe\/noticiero\/wp-json\/wp\/v2\/categories?post=21645"},{"taxonomy":"post_tag","embeddable":true,"href":"https:\/\/aeronoticias.com.pe\/noticiero\/wp-json\/wp\/v2\/tags?post=21645"}],"curies":[{"name":"wp","href":"https:\/\/api.w.org\/{rel}","templated":true}]}}