{"id":21650,"date":"2011-12-16T15:24:24","date_gmt":"2011-12-16T15:24:24","guid":{"rendered":"http:\/\/desarrollo.mcvicious.com\/aero2020\/2011\/12\/16\/delegacion-de-piura-se-corona-campeon-en-atletismo-en-los-juegos-binacionales\/"},"modified":"2011-12-16T15:24:24","modified_gmt":"2011-12-16T15:24:24","slug":"delegacion-de-piura-se-corona-campeon-en-atletismo-en-los-juegos-binacionales","status":"publish","type":"post","link":"https:\/\/aeronoticias.com.pe\/noticiero\/deportes\/delegacion-de-piura-se-corona-campeon-en-atletismo-en-los-juegos-binacionales\/","title":{"rendered":"Delegaci\u00f3n de Piura se corona campe\u00f3n en atletismo en los Juegos Binacionales"},"content":{"rendered":"<p style=\"text-align: justify;\"><strong>(Aeronoticias)<\/strong> La delegaci\u00f3n de Piura se coron\u00f3 campe\u00f3n en el puntaje general en la disciplina de Atletismo, con 409 puntos, relegando al segundo puesto a la representaci\u00f3n de Loja (Ecuador) con 385 puntos, en el marco de los Juegos Binacionales, que se viene realizando en la ciudad de Piura. <strong><br \/><\/strong><\/p>\n<p style=\"text-align: justify;\">Piura destac\u00f3 en Octatlon con Kevin Ram\u00edrez Cedamano que hizo 3853 puntos, logrando la medalla de plata. <\/p>\n<p>En Salto Largo Varones, Willi\u00e1n Morales Yabar, medalla de oro, y Pedro Mauricio, medalla de plata.<\/p>\n<p>  <!--more-->  <\/p>\n<p style=\"text-align: justify;\">En 800 metros varones, Maico Pati\u00f1o, medalla de bronce, 200 metros varones, Luis Saavedra, medalla de oro y Pedro Mauricio, medalla de bronce, la posta 4&#215;100 Varones, C\u00e9sar Meca, Luis Saavedra, Pedro Mauricio y Fabricio Carranza, medalla de oro con 45&#8243;03.<\/p>\n<p>Postas 4&#215;100 damas, Luc\u00eda Loayza, Vanesa Garavito, Mar\u00eda Zapata y Mery Casta\u00f1eda, medalla de oro con 54&#8243;91, salto largo damas, Mar\u00eda Zapata.<\/p>\n<p> Quinientos metros marcha varones, Jos\u00e9 Cerro, medalla de bronce, 110 con valla varones, Luis Acosta, medalla de oro y Kevin Yaguano, medalla de plata, 400 con vallas damas, Leslie Zapata, medalla de plata; Yadira Escobar, medalla de bronce, 400 con vallas varones, Pedro Lozada, medalla de plata y Luis Acosta, medalla de bronce, y 200 metros damas, Luc\u00eda Loayza, medalla de oro.<\/p>\n<p style=\"text-align: justify;\">El Puntaje fue el siguiente:<br \/>Categor\u00eda Damas: Campe\u00f3n: Loja 197 puntos.<br \/>Subcampe\u00f3n: Piura 193 Puntos.<br \/>Categor\u00eda Varones:<br \/>Campe\u00f3n: Piura \u00a0216 Puntos.<br \/>Subcampe\u00f3n: Loja \u00a0188 Puntos.<\/p>\n<p style=\"text-align: justify;\">Fuente: Andina \/ Foto referencial<\/p>\n<p style=\"text-align: justify;\"><img decoding=\"async\" src=\"images\/stories\/11\/12\/161211\/deporte.jpg\" border=\"0\" alt=\"Delegaci\u00f3n de Piura se corona campe\u00f3n en atletismo en los Juegos Binacionales \" title=\"Delegaci\u00f3n de Piura se corona campe\u00f3n en atletismo en los Juegos Binacionales \" \/><\/p>\n","protected":false},"excerpt":{"rendered":"<p>(Aeronoticias) La delegaci\u00f3n de Piura se coron\u00f3 campe\u00f3n en el puntaje general en la disciplina de Atletismo, con 409 puntos, relegando al segundo puesto a la representaci\u00f3n de Loja (Ecuador) con 385 puntos, en el marco de los Juegos Binacionales, que se viene realizando en la ciudad de Piura. Piura destac\u00f3 en Octatlon con Kevin [&hellip;]<\/p>\n","protected":false},"author":1,"featured_media":0,"comment_status":"open","ping_status":"open","sticky":false,"template":"","format":"standard","meta":{"tdm_status":"","tdm_grid_status":"","footnotes":""},"categories":[40],"tags":[],"class_list":{"0":"post-21650","1":"post","2":"type-post","3":"status-publish","4":"format-standard","6":"category-deportes"},"yoast_head":"<!-- This site is optimized with the Yoast SEO plugin v25.1 - https:\/\/yoast.com\/wordpress\/plugins\/seo\/ -->\n<title>Delegaci\u00f3n de Piura se corona campe\u00f3n en atletismo en los Juegos Binacionales<\/title>\n<meta name=\"description\" content=\"Portal de noticias del Per\u00fa sobre el transporte a\u00e9reo, aviaci\u00f3n, turismo, hoteleria, actualidad.\" \/>\n<meta name=\"robots\" content=\"index, follow, max-snippet:-1, max-image-preview:large, max-video-preview:-1\" \/>\n<link rel=\"canonical\" href=\"https:\/\/aeronoticias.com.pe\/noticiero\/deportes\/delegacion-de-piura-se-corona-campeon-en-atletismo-en-los-juegos-binacionales\/\" \/>\n<meta property=\"og:locale\" content=\"es_ES\" \/>\n<meta property=\"og:type\" content=\"article\" \/>\n<meta property=\"og:title\" content=\"Delegaci\u00f3n de Piura se corona campe\u00f3n en atletismo en los Juegos Binacionales\" \/>\n<meta property=\"og:description\" content=\"Portal de noticias del Per\u00fa sobre el transporte a\u00e9reo, aviaci\u00f3n, turismo, hoteleria, actualidad.\" \/>\n<meta property=\"og:url\" content=\"https:\/\/aeronoticias.com.pe\/noticiero\/deportes\/delegacion-de-piura-se-corona-campeon-en-atletismo-en-los-juegos-binacionales\/\" \/>\n<meta property=\"og:site_name\" content=\"Aeronoticias.com.pe\" \/>\n<meta property=\"article:publisher\" content=\"https:\/\/www.facebook.com\/Aeronoticias.com.pe\/\" \/>\n<meta property=\"article:published_time\" content=\"2011-12-16T15:24:24+00:00\" \/>\n<meta name=\"author\" content=\"Redacci\u00f3n Aeronoticias\" \/>\n<meta name=\"twitter:card\" content=\"summary_large_image\" \/>\n<meta name=\"twitter:creator\" content=\"@aeronoticias\" \/>\n<meta name=\"twitter:site\" content=\"@aeronoticias\" \/>\n<meta name=\"twitter:label1\" content=\"Escrito por\" \/>\n\t<meta name=\"twitter:data1\" content=\"Redacci\u00f3n Aeronoticias\" \/>\n\t<meta name=\"twitter:label2\" content=\"Tiempo de lectura\" \/>\n\t<meta name=\"twitter:data2\" content=\"1 minuto\" \/>\n<script type=\"application\/ld+json\" class=\"yoast-schema-graph\">{\"@context\":\"https:\/\/schema.org\",\"@graph\":[{\"@type\":\"WebPage\",\"@id\":\"https:\/\/aeronoticias.com.pe\/noticiero\/deportes\/delegacion-de-piura-se-corona-campeon-en-atletismo-en-los-juegos-binacionales\/\",\"url\":\"https:\/\/aeronoticias.com.pe\/noticiero\/deportes\/delegacion-de-piura-se-corona-campeon-en-atletismo-en-los-juegos-binacionales\/\",\"name\":\"Delegaci\u00f3n de Piura se corona campe\u00f3n en atletismo en los Juegos Binacionales\",\"isPartOf\":{\"@id\":\"https:\/\/aeronoticias.com.pe\/noticiero\/#website\"},\"datePublished\":\"2011-12-16T15:24:24+00:00\",\"author\":{\"@id\":\"https:\/\/aeronoticias.com.pe\/noticiero\/#\/schema\/person\/fc1e5d578f4b62ba1cf7ac2bba1170a0\"},\"description\":\"Portal de noticias del Per\u00fa sobre el transporte a\u00e9reo, aviaci\u00f3n, turismo, hoteleria, actualidad.\",\"breadcrumb\":{\"@id\":\"https:\/\/aeronoticias.com.pe\/noticiero\/deportes\/delegacion-de-piura-se-corona-campeon-en-atletismo-en-los-juegos-binacionales\/#breadcrumb\"},\"inLanguage\":\"es\",\"potentialAction\":[{\"@type\":\"ReadAction\",\"target\":[\"https:\/\/aeronoticias.com.pe\/noticiero\/deportes\/delegacion-de-piura-se-corona-campeon-en-atletismo-en-los-juegos-binacionales\/\"]}]},{\"@type\":\"BreadcrumbList\",\"@id\":\"https:\/\/aeronoticias.com.pe\/noticiero\/deportes\/delegacion-de-piura-se-corona-campeon-en-atletismo-en-los-juegos-binacionales\/#breadcrumb\",\"itemListElement\":[{\"@type\":\"ListItem\",\"position\":1,\"name\":\"Portada\",\"item\":\"https:\/\/aeronoticias.com.pe\/noticiero\/\"},{\"@type\":\"ListItem\",\"position\":2,\"name\":\"Delegaci\u00f3n de Piura se corona campe\u00f3n en atletismo en los Juegos Binacionales\"}]},{\"@type\":\"WebSite\",\"@id\":\"https:\/\/aeronoticias.com.pe\/noticiero\/#website\",\"url\":\"https:\/\/aeronoticias.com.pe\/noticiero\/\",\"name\":\"Aeronoticias.com.pe\",\"description\":\"Noticias de tranporte aereo, turismo, hoteles, gastronomia, actualidad, internacional\",\"potentialAction\":[{\"@type\":\"SearchAction\",\"target\":{\"@type\":\"EntryPoint\",\"urlTemplate\":\"https:\/\/aeronoticias.com.pe\/noticiero\/?s={search_term_string}\"},\"query-input\":{\"@type\":\"PropertyValueSpecification\",\"valueRequired\":true,\"valueName\":\"search_term_string\"}}],\"inLanguage\":\"es\"},{\"@type\":\"Person\",\"@id\":\"https:\/\/aeronoticias.com.pe\/noticiero\/#\/schema\/person\/fc1e5d578f4b62ba1cf7ac2bba1170a0\",\"name\":\"Redacci\u00f3n Aeronoticias\",\"url\":\"https:\/\/aeronoticias.com.pe\/noticiero\/author\/piloto\/\"}]}<\/script>\n<!-- \/ Yoast SEO plugin. -->","yoast_head_json":{"title":"Delegaci\u00f3n de Piura se corona campe\u00f3n en atletismo en los Juegos Binacionales","description":"Portal de noticias del Per\u00fa sobre el transporte a\u00e9reo, aviaci\u00f3n, turismo, hoteleria, actualidad.","robots":{"index":"index","follow":"follow","max-snippet":"max-snippet:-1","max-image-preview":"max-image-preview:large","max-video-preview":"max-video-preview:-1"},"canonical":"https:\/\/aeronoticias.com.pe\/noticiero\/deportes\/delegacion-de-piura-se-corona-campeon-en-atletismo-en-los-juegos-binacionales\/","og_locale":"es_ES","og_type":"article","og_title":"Delegaci\u00f3n de Piura se corona campe\u00f3n en atletismo en los Juegos Binacionales","og_description":"Portal de noticias del Per\u00fa sobre el transporte a\u00e9reo, aviaci\u00f3n, turismo, hoteleria, actualidad.","og_url":"https:\/\/aeronoticias.com.pe\/noticiero\/deportes\/delegacion-de-piura-se-corona-campeon-en-atletismo-en-los-juegos-binacionales\/","og_site_name":"Aeronoticias.com.pe","article_publisher":"https:\/\/www.facebook.com\/Aeronoticias.com.pe\/","article_published_time":"2011-12-16T15:24:24+00:00","author":"Redacci\u00f3n Aeronoticias","twitter_card":"summary_large_image","twitter_creator":"@aeronoticias","twitter_site":"@aeronoticias","twitter_misc":{"Escrito por":"Redacci\u00f3n Aeronoticias","Tiempo de lectura":"1 minuto"},"schema":{"@context":"https:\/\/schema.org","@graph":[{"@type":"WebPage","@id":"https:\/\/aeronoticias.com.pe\/noticiero\/deportes\/delegacion-de-piura-se-corona-campeon-en-atletismo-en-los-juegos-binacionales\/","url":"https:\/\/aeronoticias.com.pe\/noticiero\/deportes\/delegacion-de-piura-se-corona-campeon-en-atletismo-en-los-juegos-binacionales\/","name":"Delegaci\u00f3n de Piura se corona campe\u00f3n en atletismo en los Juegos Binacionales","isPartOf":{"@id":"https:\/\/aeronoticias.com.pe\/noticiero\/#website"},"datePublished":"2011-12-16T15:24:24+00:00","author":{"@id":"https:\/\/aeronoticias.com.pe\/noticiero\/#\/schema\/person\/fc1e5d578f4b62ba1cf7ac2bba1170a0"},"description":"Portal de noticias del Per\u00fa sobre el transporte a\u00e9reo, aviaci\u00f3n, turismo, hoteleria, actualidad.","breadcrumb":{"@id":"https:\/\/aeronoticias.com.pe\/noticiero\/deportes\/delegacion-de-piura-se-corona-campeon-en-atletismo-en-los-juegos-binacionales\/#breadcrumb"},"inLanguage":"es","potentialAction":[{"@type":"ReadAction","target":["https:\/\/aeronoticias.com.pe\/noticiero\/deportes\/delegacion-de-piura-se-corona-campeon-en-atletismo-en-los-juegos-binacionales\/"]}]},{"@type":"BreadcrumbList","@id":"https:\/\/aeronoticias.com.pe\/noticiero\/deportes\/delegacion-de-piura-se-corona-campeon-en-atletismo-en-los-juegos-binacionales\/#breadcrumb","itemListElement":[{"@type":"ListItem","position":1,"name":"Portada","item":"https:\/\/aeronoticias.com.pe\/noticiero\/"},{"@type":"ListItem","position":2,"name":"Delegaci\u00f3n de Piura se corona campe\u00f3n en atletismo en los Juegos Binacionales"}]},{"@type":"WebSite","@id":"https:\/\/aeronoticias.com.pe\/noticiero\/#website","url":"https:\/\/aeronoticias.com.pe\/noticiero\/","name":"Aeronoticias.com.pe","description":"Noticias de tranporte aereo, turismo, hoteles, gastronomia, actualidad, internacional","potentialAction":[{"@type":"SearchAction","target":{"@type":"EntryPoint","urlTemplate":"https:\/\/aeronoticias.com.pe\/noticiero\/?s={search_term_string}"},"query-input":{"@type":"PropertyValueSpecification","valueRequired":true,"valueName":"search_term_string"}}],"inLanguage":"es"},{"@type":"Person","@id":"https:\/\/aeronoticias.com.pe\/noticiero\/#\/schema\/person\/fc1e5d578f4b62ba1cf7ac2bba1170a0","name":"Redacci\u00f3n Aeronoticias","url":"https:\/\/aeronoticias.com.pe\/noticiero\/author\/piloto\/"}]}},"_links":{"self":[{"href":"https:\/\/aeronoticias.com.pe\/noticiero\/wp-json\/wp\/v2\/posts\/21650","targetHints":{"allow":["GET"]}}],"collection":[{"href":"https:\/\/aeronoticias.com.pe\/noticiero\/wp-json\/wp\/v2\/posts"}],"about":[{"href":"https:\/\/aeronoticias.com.pe\/noticiero\/wp-json\/wp\/v2\/types\/post"}],"author":[{"embeddable":true,"href":"https:\/\/aeronoticias.com.pe\/noticiero\/wp-json\/wp\/v2\/users\/1"}],"replies":[{"embeddable":true,"href":"https:\/\/aeronoticias.com.pe\/noticiero\/wp-json\/wp\/v2\/comments?post=21650"}],"version-history":[{"count":0,"href":"https:\/\/aeronoticias.com.pe\/noticiero\/wp-json\/wp\/v2\/posts\/21650\/revisions"}],"wp:attachment":[{"href":"https:\/\/aeronoticias.com.pe\/noticiero\/wp-json\/wp\/v2\/media?parent=21650"}],"wp:term":[{"taxonomy":"category","embeddable":true,"href":"https:\/\/aeronoticias.com.pe\/noticiero\/wp-json\/wp\/v2\/categories?post=21650"},{"taxonomy":"post_tag","embeddable":true,"href":"https:\/\/aeronoticias.com.pe\/noticiero\/wp-json\/wp\/v2\/tags?post=21650"}],"curies":[{"name":"wp","href":"https:\/\/api.w.org\/{rel}","templated":true}]}}