{"id":217,"date":"2008-08-12T17:01:36","date_gmt":"2008-08-12T17:01:36","guid":{"rendered":"http:\/\/desarrollo.mcvicious.com\/aero2020\/2008\/08\/12\/fap-firma-contrato-con-federaciusa-para-reparar-mig29\/"},"modified":"2008-08-12T17:01:36","modified_gmt":"2008-08-12T17:01:36","slug":"fap-firma-contrato-con-federaciusa-para-reparar-mig29","status":"publish","type":"post","link":"https:\/\/aeronoticias.com.pe\/noticiero\/ultimas\/1\/fap-firma-contrato-con-federaciusa-para-reparar-mig29\/","title":{"rendered":"FAP firma contrato con Federaci"},"content":{"rendered":"<blockquote>\n<p style=\"font: medium Arial, Helvetica, sans-serif; color: #3366ff; text-decoration: blink\" align=\"justify\">El ministro de Defensa, Antero Flores-Ar&aacute;oz, acompa&ntilde;ado de autoridades civiles y militares, presenci&oacute; hoy la firma del contrato de reparaci&oacute;n de los aviones MIG29 suscrito entre la Fuerza A&eacute;rea (FAP) y la Federaci&oacute;n Rusa. La ceremonia de suscripci&oacute;n se llev&oacute; a cabo en la base FAP de Chiclayo &#8211; Grupo A&eacute;reo N&ordm; 6, a donde tambi&eacute;n asistieron personal de dicho instituto armado que recibi&oacute; con gran entusiasmo la noticia. <br \/>&nbsp;<br \/>&ldquo;Hemos iniciado con buen pie la recuperaci&oacute;n de la capacidad operativa de las Fuerzas Armadas y este contrato es la mejor muestra de ello&rdquo;, sostuvo el ministro de Defensa, tras la firma del contrato.<\/p>\n<div style=\"text-align: center\"><img loading=\"lazy\" decoding=\"async\" src=\"http:\/\/aeronoticias.com.pe\/fotonoticias\/agosto\/mig29.JPG\" alt=\" \" title=\"La FAP suscribe contrato con Federaci&oacute;n Rusa para reparaci&oacute;n de MIG29. (Foto: Internet)\" hspace=\"5\" vspace=\"5\" width=\"219\" height=\"230\" \/><\/div>\n<\/blockquote>\n<p> <!--more--> <\/p>\n<blockquote>\n<p style=\"font: medium Arial, Helvetica, sans-serif; color: #3366ff; text-decoration: blink\" align=\"justify\">El titular de Defensa resalt&oacute; que el acuerdo, suscrito por US$ 106 millones, se concret&oacute; tras una ardua negociaci&oacute;n del contexto contractual. &ldquo;Hemos logrado excelentes condiciones en este acuerdo y, por ello, no dudo que nuestros pilotos, nuestro personal t&eacute;cnico y, en general, el Per&uacute;, se sentir&aacute; orgulloso de este paso que nos pone nuevamente en el carril de tener Fuerzas Armadas en condiciones adecuadas de operaci&oacute;n&rdquo;, subray&oacute; Flores-Ar&aacute;oz.<br \/>&nbsp;<br \/>La Fuerza A&eacute;rea del Per&uacute; cuenta con 19 aviones de caza MIG 29, los cuales ser&aacute;n repotenciados y puestos en operaci&oacute;n en el marco del llamado &ldquo;N&uacute;cleo B&aacute;sico de la Defensa&rdquo; que alcanza una inversi&oacute;n total de US 654 millones hasta el 2011.<br \/>&nbsp;<br \/>Gran parte de de los trabajos de reparaci&oacute;n y mantenimiento se realizar&aacute;n en la ciudad de Chiclayo, lo cual permitir&aacute; la transferencia tecnol&oacute;gica y traer&aacute; gran impacto econ&oacute;mico a la regi&oacute;n.<\/p>\n<\/blockquote>\n","protected":false},"excerpt":{"rendered":"<p>El ministro de Defensa, Antero Flores-Ar&aacute;oz, acompa&ntilde;ado de autoridades civiles y militares, presenci&oacute; hoy la firma del contrato de reparaci&oacute;n de los aviones MIG29 suscrito entre la Fuerza A&eacute;rea (FAP) y la Federaci&oacute;n Rusa. La ceremonia de suscripci&oacute;n se llev&oacute; a cabo en la base FAP de Chiclayo &#8211; Grupo A&eacute;reo N&ordm; 6, a donde [&hellip;]<\/p>\n","protected":false},"author":1,"featured_media":0,"comment_status":"open","ping_status":"open","sticky":false,"template":"","format":"standard","meta":{"tdm_status":"","tdm_grid_status":"","footnotes":""},"categories":[30],"tags":[],"class_list":{"0":"post-217","1":"post","2":"type-post","3":"status-publish","4":"format-standard","6":"category-30"},"yoast_head":"<!-- This site is optimized with the Yoast SEO plugin v25.1 - https:\/\/yoast.com\/wordpress\/plugins\/seo\/ -->\n<title>FAP firma contrato con Federaci<\/title>\n<meta name=\"description\" content=\"Portal de noticias del Per\u00fa sobre el transporte a\u00e9reo, aviaci\u00f3n, turismo, hoteleria, actualidad.\" \/>\n<meta name=\"robots\" content=\"index, follow, max-snippet:-1, max-image-preview:large, max-video-preview:-1\" \/>\n<link rel=\"canonical\" href=\"https:\/\/aeronoticias.com.pe\/noticiero\/ultimas\/1\/fap-firma-contrato-con-federaciusa-para-reparar-mig29\/\" \/>\n<meta property=\"og:locale\" content=\"es_ES\" \/>\n<meta property=\"og:type\" content=\"article\" \/>\n<meta property=\"og:title\" content=\"FAP firma contrato con Federaci\" \/>\n<meta property=\"og:description\" content=\"Portal de noticias del Per\u00fa sobre el transporte a\u00e9reo, aviaci\u00f3n, turismo, hoteleria, actualidad.\" \/>\n<meta property=\"og:url\" content=\"https:\/\/aeronoticias.com.pe\/noticiero\/ultimas\/1\/fap-firma-contrato-con-federaciusa-para-reparar-mig29\/\" \/>\n<meta property=\"og:site_name\" content=\"Aeronoticias.com.pe\" \/>\n<meta property=\"article:publisher\" content=\"https:\/\/www.facebook.com\/Aeronoticias.com.pe\/\" \/>\n<meta property=\"article:published_time\" content=\"2008-08-12T17:01:36+00:00\" \/>\n<meta property=\"og:image\" content=\"http:\/\/aeronoticias.com.pe\/fotonoticias\/agosto\/mig29.JPG\" \/>\n<meta name=\"author\" content=\"Redacci\u00f3n Aeronoticias\" \/>\n<meta name=\"twitter:card\" content=\"summary_large_image\" \/>\n<meta name=\"twitter:creator\" content=\"@aeronoticias\" \/>\n<meta name=\"twitter:site\" content=\"@aeronoticias\" \/>\n<meta name=\"twitter:label1\" content=\"Escrito por\" \/>\n\t<meta name=\"twitter:data1\" content=\"Redacci\u00f3n Aeronoticias\" \/>\n\t<meta name=\"twitter:label2\" content=\"Tiempo de lectura\" \/>\n\t<meta name=\"twitter:data2\" content=\"2 minutos\" \/>\n<script type=\"application\/ld+json\" class=\"yoast-schema-graph\">{\"@context\":\"https:\/\/schema.org\",\"@graph\":[{\"@type\":\"WebPage\",\"@id\":\"https:\/\/aeronoticias.com.pe\/noticiero\/ultimas\/1\/fap-firma-contrato-con-federaciusa-para-reparar-mig29\/\",\"url\":\"https:\/\/aeronoticias.com.pe\/noticiero\/ultimas\/1\/fap-firma-contrato-con-federaciusa-para-reparar-mig29\/\",\"name\":\"FAP firma contrato con Federaci\",\"isPartOf\":{\"@id\":\"https:\/\/aeronoticias.com.pe\/noticiero\/#website\"},\"primaryImageOfPage\":{\"@id\":\"https:\/\/aeronoticias.com.pe\/noticiero\/ultimas\/1\/fap-firma-contrato-con-federaciusa-para-reparar-mig29\/#primaryimage\"},\"image\":{\"@id\":\"https:\/\/aeronoticias.com.pe\/noticiero\/ultimas\/1\/fap-firma-contrato-con-federaciusa-para-reparar-mig29\/#primaryimage\"},\"thumbnailUrl\":\"http:\/\/aeronoticias.com.pe\/fotonoticias\/agosto\/mig29.JPG\",\"datePublished\":\"2008-08-12T17:01:36+00:00\",\"author\":{\"@id\":\"https:\/\/aeronoticias.com.pe\/noticiero\/#\/schema\/person\/fc1e5d578f4b62ba1cf7ac2bba1170a0\"},\"description\":\"Portal de noticias del Per\u00fa sobre el transporte a\u00e9reo, aviaci\u00f3n, turismo, hoteleria, actualidad.\",\"breadcrumb\":{\"@id\":\"https:\/\/aeronoticias.com.pe\/noticiero\/ultimas\/1\/fap-firma-contrato-con-federaciusa-para-reparar-mig29\/#breadcrumb\"},\"inLanguage\":\"es\",\"potentialAction\":[{\"@type\":\"ReadAction\",\"target\":[\"https:\/\/aeronoticias.com.pe\/noticiero\/ultimas\/1\/fap-firma-contrato-con-federaciusa-para-reparar-mig29\/\"]}]},{\"@type\":\"ImageObject\",\"inLanguage\":\"es\",\"@id\":\"https:\/\/aeronoticias.com.pe\/noticiero\/ultimas\/1\/fap-firma-contrato-con-federaciusa-para-reparar-mig29\/#primaryimage\",\"url\":\"http:\/\/aeronoticias.com.pe\/fotonoticias\/agosto\/mig29.JPG\",\"contentUrl\":\"http:\/\/aeronoticias.com.pe\/fotonoticias\/agosto\/mig29.JPG\"},{\"@type\":\"BreadcrumbList\",\"@id\":\"https:\/\/aeronoticias.com.pe\/noticiero\/ultimas\/1\/fap-firma-contrato-con-federaciusa-para-reparar-mig29\/#breadcrumb\",\"itemListElement\":[{\"@type\":\"ListItem\",\"position\":1,\"name\":\"Portada\",\"item\":\"https:\/\/aeronoticias.com.pe\/noticiero\/\"},{\"@type\":\"ListItem\",\"position\":2,\"name\":\"FAP firma contrato con Federaci\"}]},{\"@type\":\"WebSite\",\"@id\":\"https:\/\/aeronoticias.com.pe\/noticiero\/#website\",\"url\":\"https:\/\/aeronoticias.com.pe\/noticiero\/\",\"name\":\"Aeronoticias.com.pe\",\"description\":\"Noticias de tranporte aereo, turismo, hoteles, gastronomia, actualidad, internacional\",\"potentialAction\":[{\"@type\":\"SearchAction\",\"target\":{\"@type\":\"EntryPoint\",\"urlTemplate\":\"https:\/\/aeronoticias.com.pe\/noticiero\/?s={search_term_string}\"},\"query-input\":{\"@type\":\"PropertyValueSpecification\",\"valueRequired\":true,\"valueName\":\"search_term_string\"}}],\"inLanguage\":\"es\"},{\"@type\":\"Person\",\"@id\":\"https:\/\/aeronoticias.com.pe\/noticiero\/#\/schema\/person\/fc1e5d578f4b62ba1cf7ac2bba1170a0\",\"name\":\"Redacci\u00f3n Aeronoticias\",\"url\":\"https:\/\/aeronoticias.com.pe\/noticiero\/author\/piloto\/\"}]}<\/script>\n<!-- \/ Yoast SEO plugin. -->","yoast_head_json":{"title":"FAP firma contrato con Federaci","description":"Portal de noticias del Per\u00fa sobre el transporte a\u00e9reo, aviaci\u00f3n, turismo, hoteleria, actualidad.","robots":{"index":"index","follow":"follow","max-snippet":"max-snippet:-1","max-image-preview":"max-image-preview:large","max-video-preview":"max-video-preview:-1"},"canonical":"https:\/\/aeronoticias.com.pe\/noticiero\/ultimas\/1\/fap-firma-contrato-con-federaciusa-para-reparar-mig29\/","og_locale":"es_ES","og_type":"article","og_title":"FAP firma contrato con Federaci","og_description":"Portal de noticias del Per\u00fa sobre el transporte a\u00e9reo, aviaci\u00f3n, turismo, hoteleria, actualidad.","og_url":"https:\/\/aeronoticias.com.pe\/noticiero\/ultimas\/1\/fap-firma-contrato-con-federaciusa-para-reparar-mig29\/","og_site_name":"Aeronoticias.com.pe","article_publisher":"https:\/\/www.facebook.com\/Aeronoticias.com.pe\/","article_published_time":"2008-08-12T17:01:36+00:00","og_image":[{"url":"http:\/\/aeronoticias.com.pe\/fotonoticias\/agosto\/mig29.JPG","type":"","width":"","height":""}],"author":"Redacci\u00f3n Aeronoticias","twitter_card":"summary_large_image","twitter_creator":"@aeronoticias","twitter_site":"@aeronoticias","twitter_misc":{"Escrito por":"Redacci\u00f3n Aeronoticias","Tiempo de lectura":"2 minutos"},"schema":{"@context":"https:\/\/schema.org","@graph":[{"@type":"WebPage","@id":"https:\/\/aeronoticias.com.pe\/noticiero\/ultimas\/1\/fap-firma-contrato-con-federaciusa-para-reparar-mig29\/","url":"https:\/\/aeronoticias.com.pe\/noticiero\/ultimas\/1\/fap-firma-contrato-con-federaciusa-para-reparar-mig29\/","name":"FAP firma contrato con Federaci","isPartOf":{"@id":"https:\/\/aeronoticias.com.pe\/noticiero\/#website"},"primaryImageOfPage":{"@id":"https:\/\/aeronoticias.com.pe\/noticiero\/ultimas\/1\/fap-firma-contrato-con-federaciusa-para-reparar-mig29\/#primaryimage"},"image":{"@id":"https:\/\/aeronoticias.com.pe\/noticiero\/ultimas\/1\/fap-firma-contrato-con-federaciusa-para-reparar-mig29\/#primaryimage"},"thumbnailUrl":"http:\/\/aeronoticias.com.pe\/fotonoticias\/agosto\/mig29.JPG","datePublished":"2008-08-12T17:01:36+00:00","author":{"@id":"https:\/\/aeronoticias.com.pe\/noticiero\/#\/schema\/person\/fc1e5d578f4b62ba1cf7ac2bba1170a0"},"description":"Portal de noticias del Per\u00fa sobre el transporte a\u00e9reo, aviaci\u00f3n, turismo, hoteleria, actualidad.","breadcrumb":{"@id":"https:\/\/aeronoticias.com.pe\/noticiero\/ultimas\/1\/fap-firma-contrato-con-federaciusa-para-reparar-mig29\/#breadcrumb"},"inLanguage":"es","potentialAction":[{"@type":"ReadAction","target":["https:\/\/aeronoticias.com.pe\/noticiero\/ultimas\/1\/fap-firma-contrato-con-federaciusa-para-reparar-mig29\/"]}]},{"@type":"ImageObject","inLanguage":"es","@id":"https:\/\/aeronoticias.com.pe\/noticiero\/ultimas\/1\/fap-firma-contrato-con-federaciusa-para-reparar-mig29\/#primaryimage","url":"http:\/\/aeronoticias.com.pe\/fotonoticias\/agosto\/mig29.JPG","contentUrl":"http:\/\/aeronoticias.com.pe\/fotonoticias\/agosto\/mig29.JPG"},{"@type":"BreadcrumbList","@id":"https:\/\/aeronoticias.com.pe\/noticiero\/ultimas\/1\/fap-firma-contrato-con-federaciusa-para-reparar-mig29\/#breadcrumb","itemListElement":[{"@type":"ListItem","position":1,"name":"Portada","item":"https:\/\/aeronoticias.com.pe\/noticiero\/"},{"@type":"ListItem","position":2,"name":"FAP firma contrato con Federaci"}]},{"@type":"WebSite","@id":"https:\/\/aeronoticias.com.pe\/noticiero\/#website","url":"https:\/\/aeronoticias.com.pe\/noticiero\/","name":"Aeronoticias.com.pe","description":"Noticias de tranporte aereo, turismo, hoteles, gastronomia, actualidad, internacional","potentialAction":[{"@type":"SearchAction","target":{"@type":"EntryPoint","urlTemplate":"https:\/\/aeronoticias.com.pe\/noticiero\/?s={search_term_string}"},"query-input":{"@type":"PropertyValueSpecification","valueRequired":true,"valueName":"search_term_string"}}],"inLanguage":"es"},{"@type":"Person","@id":"https:\/\/aeronoticias.com.pe\/noticiero\/#\/schema\/person\/fc1e5d578f4b62ba1cf7ac2bba1170a0","name":"Redacci\u00f3n Aeronoticias","url":"https:\/\/aeronoticias.com.pe\/noticiero\/author\/piloto\/"}]}},"_links":{"self":[{"href":"https:\/\/aeronoticias.com.pe\/noticiero\/wp-json\/wp\/v2\/posts\/217","targetHints":{"allow":["GET"]}}],"collection":[{"href":"https:\/\/aeronoticias.com.pe\/noticiero\/wp-json\/wp\/v2\/posts"}],"about":[{"href":"https:\/\/aeronoticias.com.pe\/noticiero\/wp-json\/wp\/v2\/types\/post"}],"author":[{"embeddable":true,"href":"https:\/\/aeronoticias.com.pe\/noticiero\/wp-json\/wp\/v2\/users\/1"}],"replies":[{"embeddable":true,"href":"https:\/\/aeronoticias.com.pe\/noticiero\/wp-json\/wp\/v2\/comments?post=217"}],"version-history":[{"count":0,"href":"https:\/\/aeronoticias.com.pe\/noticiero\/wp-json\/wp\/v2\/posts\/217\/revisions"}],"wp:attachment":[{"href":"https:\/\/aeronoticias.com.pe\/noticiero\/wp-json\/wp\/v2\/media?parent=217"}],"wp:term":[{"taxonomy":"category","embeddable":true,"href":"https:\/\/aeronoticias.com.pe\/noticiero\/wp-json\/wp\/v2\/categories?post=217"},{"taxonomy":"post_tag","embeddable":true,"href":"https:\/\/aeronoticias.com.pe\/noticiero\/wp-json\/wp\/v2\/tags?post=217"}],"curies":[{"name":"wp","href":"https:\/\/api.w.org\/{rel}","templated":true}]}}