{"id":21998,"date":"2011-12-30T14:35:11","date_gmt":"2011-12-30T14:35:11","guid":{"rendered":"http:\/\/desarrollo.mcvicious.com\/aero2020\/2011\/12\/30\/en-naufragio-de-carguero-vietnamita-hay-22-personas-desaparecidas\/"},"modified":"2011-12-30T14:35:11","modified_gmt":"2011-12-30T14:35:11","slug":"en-naufragio-de-carguero-vietnamita-hay-22-personas-desaparecidas","status":"publish","type":"post","link":"https:\/\/aeronoticias.com.pe\/noticiero\/internacionales\/en-naufragio-de-carguero-vietnamita-hay-22-personas-desaparecidas\/","title":{"rendered":"En naufragio de carguero vietnamita hay 22 personas desaparecidas"},"content":{"rendered":"<p style=\"text-align: justify;\"><strong>(Aeronoticias).-<\/strong> El director del Centro Coordinador de Salvamento Marino de Vietnam, Nguyen Anh Vu, declar\u00f3 a Efe que en el Vinalines Queen viajaban 23 personas y que se perdi\u00f3 contacto con el barco el pasado domingo, cuando navegaba al noroeste de la isla filipina de Luz\u00f3n.<\/p>\n<p style=\"text-align: justify;\">Cabe precisar que las autoridades mar\u00edtimas de Vietnam informaron que una persona fue rescatada con vida y otras 22 han desaparecido tras el naufragio de un carguero vietnamita que transportaba 54.400 toneladas de n\u00edquel de Indonesia a China.<\/p>\n<p style=\"text-align: justify;\">The London Courage, una nave brit\u00e1nica que navegaba por la zona, rescat\u00f3 al \u00a0\u00fanico superviviente y lo traslada en estos momentos a Singapur.<\/p>\n<p>  <!--more-->  <\/p>\n<p style=\"text-align: justify;\">El n\u00e1ufrago relat\u00f3 los dif\u00edciles \u00a0momentos \u00a0por los que pas\u00f3, y se\u00f1al\u00f3 que el carguero se hundi\u00f3 r\u00e1pidamente y solo le dio tiempo a lanzar al agua una lancha salvavidas y subirse a ella.<\/p>\n<p style=\"text-align: justify;\">Al parecer todo sucedi\u00f3 tan r\u00e1pido que no dio tiempo a que los dem\u00e1s tripulantes treparan a la embarcaci\u00f3n, y se cree que se hundieron con el Vinalines Queen.<\/p>\n<p style=\"text-align: justify;\">El Centro Coordinador de Salvamentos Marinos de Vietnam indic\u00f3 que mientras no encuentren los cad\u00e1veres los tendr\u00e1n como desaparecidos.<\/p>\n<p style=\"text-align: justify;\"><img decoding=\"async\" src=\"images\/stories\/11\/12\/301211\/naufragio_vietnamita.jpg\" border=\"0\" alt=\"En naufragio de carguero vietnamita hay 22 personas desaparecidas\" title=\"En naufragio de carguero vietnamita hay 22 personas desaparecidas\" \/><\/p>\n","protected":false},"excerpt":{"rendered":"<p>(Aeronoticias).- El director del Centro Coordinador de Salvamento Marino de Vietnam, Nguyen Anh Vu, declar\u00f3 a Efe que en el Vinalines Queen viajaban 23 personas y que se perdi\u00f3 contacto con el barco el pasado domingo, cuando navegaba al noroeste de la isla filipina de Luz\u00f3n. Cabe precisar que las autoridades mar\u00edtimas de Vietnam informaron [&hellip;]<\/p>\n","protected":false},"author":1,"featured_media":0,"comment_status":"open","ping_status":"open","sticky":false,"template":"","format":"standard","meta":{"tdm_status":"","tdm_grid_status":"","footnotes":""},"categories":[34],"tags":[],"class_list":{"0":"post-21998","1":"post","2":"type-post","3":"status-publish","4":"format-standard","6":"category-internacionales"},"yoast_head":"<!-- This site is optimized with the Yoast SEO plugin v25.1 - https:\/\/yoast.com\/wordpress\/plugins\/seo\/ -->\n<title>En naufragio de carguero vietnamita hay 22 personas desaparecidas<\/title>\n<meta name=\"description\" content=\"Portal de noticias del Per\u00fa sobre el transporte a\u00e9reo, aviaci\u00f3n, turismo, hoteleria, actualidad.\" \/>\n<meta name=\"robots\" content=\"index, follow, max-snippet:-1, max-image-preview:large, max-video-preview:-1\" \/>\n<link rel=\"canonical\" href=\"https:\/\/aeronoticias.com.pe\/noticiero\/internacionales\/en-naufragio-de-carguero-vietnamita-hay-22-personas-desaparecidas\/\" \/>\n<meta property=\"og:locale\" content=\"es_ES\" \/>\n<meta property=\"og:type\" content=\"article\" \/>\n<meta property=\"og:title\" content=\"En naufragio de carguero vietnamita hay 22 personas desaparecidas\" \/>\n<meta property=\"og:description\" content=\"Portal de noticias del Per\u00fa sobre el transporte a\u00e9reo, aviaci\u00f3n, turismo, hoteleria, actualidad.\" \/>\n<meta property=\"og:url\" content=\"https:\/\/aeronoticias.com.pe\/noticiero\/internacionales\/en-naufragio-de-carguero-vietnamita-hay-22-personas-desaparecidas\/\" \/>\n<meta property=\"og:site_name\" content=\"Aeronoticias.com.pe\" \/>\n<meta property=\"article:publisher\" content=\"https:\/\/www.facebook.com\/Aeronoticias.com.pe\/\" \/>\n<meta property=\"article:published_time\" content=\"2011-12-30T14:35:11+00:00\" \/>\n<meta name=\"author\" content=\"Redacci\u00f3n Aeronoticias\" \/>\n<meta name=\"twitter:card\" content=\"summary_large_image\" \/>\n<meta name=\"twitter:creator\" content=\"@aeronoticias\" \/>\n<meta name=\"twitter:site\" content=\"@aeronoticias\" \/>\n<meta name=\"twitter:label1\" content=\"Escrito por\" \/>\n\t<meta name=\"twitter:data1\" content=\"Redacci\u00f3n Aeronoticias\" \/>\n\t<meta name=\"twitter:label2\" content=\"Tiempo de lectura\" \/>\n\t<meta name=\"twitter:data2\" content=\"1 minuto\" \/>\n<script type=\"application\/ld+json\" class=\"yoast-schema-graph\">{\"@context\":\"https:\/\/schema.org\",\"@graph\":[{\"@type\":\"WebPage\",\"@id\":\"https:\/\/aeronoticias.com.pe\/noticiero\/internacionales\/en-naufragio-de-carguero-vietnamita-hay-22-personas-desaparecidas\/\",\"url\":\"https:\/\/aeronoticias.com.pe\/noticiero\/internacionales\/en-naufragio-de-carguero-vietnamita-hay-22-personas-desaparecidas\/\",\"name\":\"En naufragio de carguero vietnamita hay 22 personas desaparecidas\",\"isPartOf\":{\"@id\":\"https:\/\/aeronoticias.com.pe\/noticiero\/#website\"},\"datePublished\":\"2011-12-30T14:35:11+00:00\",\"author\":{\"@id\":\"https:\/\/aeronoticias.com.pe\/noticiero\/#\/schema\/person\/fc1e5d578f4b62ba1cf7ac2bba1170a0\"},\"description\":\"Portal de noticias del Per\u00fa sobre el transporte a\u00e9reo, aviaci\u00f3n, turismo, hoteleria, actualidad.\",\"breadcrumb\":{\"@id\":\"https:\/\/aeronoticias.com.pe\/noticiero\/internacionales\/en-naufragio-de-carguero-vietnamita-hay-22-personas-desaparecidas\/#breadcrumb\"},\"inLanguage\":\"es\",\"potentialAction\":[{\"@type\":\"ReadAction\",\"target\":[\"https:\/\/aeronoticias.com.pe\/noticiero\/internacionales\/en-naufragio-de-carguero-vietnamita-hay-22-personas-desaparecidas\/\"]}]},{\"@type\":\"BreadcrumbList\",\"@id\":\"https:\/\/aeronoticias.com.pe\/noticiero\/internacionales\/en-naufragio-de-carguero-vietnamita-hay-22-personas-desaparecidas\/#breadcrumb\",\"itemListElement\":[{\"@type\":\"ListItem\",\"position\":1,\"name\":\"Portada\",\"item\":\"https:\/\/aeronoticias.com.pe\/noticiero\/\"},{\"@type\":\"ListItem\",\"position\":2,\"name\":\"En naufragio de carguero vietnamita hay 22 personas desaparecidas\"}]},{\"@type\":\"WebSite\",\"@id\":\"https:\/\/aeronoticias.com.pe\/noticiero\/#website\",\"url\":\"https:\/\/aeronoticias.com.pe\/noticiero\/\",\"name\":\"Aeronoticias.com.pe\",\"description\":\"Noticias de tranporte aereo, turismo, hoteles, gastronomia, actualidad, internacional\",\"potentialAction\":[{\"@type\":\"SearchAction\",\"target\":{\"@type\":\"EntryPoint\",\"urlTemplate\":\"https:\/\/aeronoticias.com.pe\/noticiero\/?s={search_term_string}\"},\"query-input\":{\"@type\":\"PropertyValueSpecification\",\"valueRequired\":true,\"valueName\":\"search_term_string\"}}],\"inLanguage\":\"es\"},{\"@type\":\"Person\",\"@id\":\"https:\/\/aeronoticias.com.pe\/noticiero\/#\/schema\/person\/fc1e5d578f4b62ba1cf7ac2bba1170a0\",\"name\":\"Redacci\u00f3n Aeronoticias\",\"url\":\"https:\/\/aeronoticias.com.pe\/noticiero\/author\/piloto\/\"}]}<\/script>\n<!-- \/ Yoast SEO plugin. -->","yoast_head_json":{"title":"En naufragio de carguero vietnamita hay 22 personas desaparecidas","description":"Portal de noticias del Per\u00fa sobre el transporte a\u00e9reo, aviaci\u00f3n, turismo, hoteleria, actualidad.","robots":{"index":"index","follow":"follow","max-snippet":"max-snippet:-1","max-image-preview":"max-image-preview:large","max-video-preview":"max-video-preview:-1"},"canonical":"https:\/\/aeronoticias.com.pe\/noticiero\/internacionales\/en-naufragio-de-carguero-vietnamita-hay-22-personas-desaparecidas\/","og_locale":"es_ES","og_type":"article","og_title":"En naufragio de carguero vietnamita hay 22 personas desaparecidas","og_description":"Portal de noticias del Per\u00fa sobre el transporte a\u00e9reo, aviaci\u00f3n, turismo, hoteleria, actualidad.","og_url":"https:\/\/aeronoticias.com.pe\/noticiero\/internacionales\/en-naufragio-de-carguero-vietnamita-hay-22-personas-desaparecidas\/","og_site_name":"Aeronoticias.com.pe","article_publisher":"https:\/\/www.facebook.com\/Aeronoticias.com.pe\/","article_published_time":"2011-12-30T14:35:11+00:00","author":"Redacci\u00f3n Aeronoticias","twitter_card":"summary_large_image","twitter_creator":"@aeronoticias","twitter_site":"@aeronoticias","twitter_misc":{"Escrito por":"Redacci\u00f3n Aeronoticias","Tiempo de lectura":"1 minuto"},"schema":{"@context":"https:\/\/schema.org","@graph":[{"@type":"WebPage","@id":"https:\/\/aeronoticias.com.pe\/noticiero\/internacionales\/en-naufragio-de-carguero-vietnamita-hay-22-personas-desaparecidas\/","url":"https:\/\/aeronoticias.com.pe\/noticiero\/internacionales\/en-naufragio-de-carguero-vietnamita-hay-22-personas-desaparecidas\/","name":"En naufragio de carguero vietnamita hay 22 personas desaparecidas","isPartOf":{"@id":"https:\/\/aeronoticias.com.pe\/noticiero\/#website"},"datePublished":"2011-12-30T14:35:11+00:00","author":{"@id":"https:\/\/aeronoticias.com.pe\/noticiero\/#\/schema\/person\/fc1e5d578f4b62ba1cf7ac2bba1170a0"},"description":"Portal de noticias del Per\u00fa sobre el transporte a\u00e9reo, aviaci\u00f3n, turismo, hoteleria, actualidad.","breadcrumb":{"@id":"https:\/\/aeronoticias.com.pe\/noticiero\/internacionales\/en-naufragio-de-carguero-vietnamita-hay-22-personas-desaparecidas\/#breadcrumb"},"inLanguage":"es","potentialAction":[{"@type":"ReadAction","target":["https:\/\/aeronoticias.com.pe\/noticiero\/internacionales\/en-naufragio-de-carguero-vietnamita-hay-22-personas-desaparecidas\/"]}]},{"@type":"BreadcrumbList","@id":"https:\/\/aeronoticias.com.pe\/noticiero\/internacionales\/en-naufragio-de-carguero-vietnamita-hay-22-personas-desaparecidas\/#breadcrumb","itemListElement":[{"@type":"ListItem","position":1,"name":"Portada","item":"https:\/\/aeronoticias.com.pe\/noticiero\/"},{"@type":"ListItem","position":2,"name":"En naufragio de carguero vietnamita hay 22 personas desaparecidas"}]},{"@type":"WebSite","@id":"https:\/\/aeronoticias.com.pe\/noticiero\/#website","url":"https:\/\/aeronoticias.com.pe\/noticiero\/","name":"Aeronoticias.com.pe","description":"Noticias de tranporte aereo, turismo, hoteles, gastronomia, actualidad, internacional","potentialAction":[{"@type":"SearchAction","target":{"@type":"EntryPoint","urlTemplate":"https:\/\/aeronoticias.com.pe\/noticiero\/?s={search_term_string}"},"query-input":{"@type":"PropertyValueSpecification","valueRequired":true,"valueName":"search_term_string"}}],"inLanguage":"es"},{"@type":"Person","@id":"https:\/\/aeronoticias.com.pe\/noticiero\/#\/schema\/person\/fc1e5d578f4b62ba1cf7ac2bba1170a0","name":"Redacci\u00f3n Aeronoticias","url":"https:\/\/aeronoticias.com.pe\/noticiero\/author\/piloto\/"}]}},"_links":{"self":[{"href":"https:\/\/aeronoticias.com.pe\/noticiero\/wp-json\/wp\/v2\/posts\/21998","targetHints":{"allow":["GET"]}}],"collection":[{"href":"https:\/\/aeronoticias.com.pe\/noticiero\/wp-json\/wp\/v2\/posts"}],"about":[{"href":"https:\/\/aeronoticias.com.pe\/noticiero\/wp-json\/wp\/v2\/types\/post"}],"author":[{"embeddable":true,"href":"https:\/\/aeronoticias.com.pe\/noticiero\/wp-json\/wp\/v2\/users\/1"}],"replies":[{"embeddable":true,"href":"https:\/\/aeronoticias.com.pe\/noticiero\/wp-json\/wp\/v2\/comments?post=21998"}],"version-history":[{"count":0,"href":"https:\/\/aeronoticias.com.pe\/noticiero\/wp-json\/wp\/v2\/posts\/21998\/revisions"}],"wp:attachment":[{"href":"https:\/\/aeronoticias.com.pe\/noticiero\/wp-json\/wp\/v2\/media?parent=21998"}],"wp:term":[{"taxonomy":"category","embeddable":true,"href":"https:\/\/aeronoticias.com.pe\/noticiero\/wp-json\/wp\/v2\/categories?post=21998"},{"taxonomy":"post_tag","embeddable":true,"href":"https:\/\/aeronoticias.com.pe\/noticiero\/wp-json\/wp\/v2\/tags?post=21998"}],"curies":[{"name":"wp","href":"https:\/\/api.w.org\/{rel}","templated":true}]}}