{"id":22002,"date":"2011-12-30T15:30:36","date_gmt":"2011-12-30T15:30:36","guid":{"rendered":"http:\/\/desarrollo.mcvicious.com\/aero2020\/2011\/12\/30\/aeropuerto-jorge-chavez-cumple-48-anos\/"},"modified":"2011-12-30T15:30:36","modified_gmt":"2011-12-30T15:30:36","slug":"aeropuerto-jorge-chavez-cumple-48-anos","status":"publish","type":"post","link":"https:\/\/aeronoticias.com.pe\/noticiero\/transporte-aereo\/nacional\/aeropuerto-jorge-chavez-cumple-48-anos\/","title":{"rendered":"Aeropuerto Jorge Ch\u00e1vez cumple 48 a\u00f1os"},"content":{"rendered":"<p style=\"text-align: justify;\"><strong>(Aeronoticias).-<\/strong> Hoy celebra su 48\u00ba aniversario de fundaci\u00f3n el Aeropuerto Internacional \u201cJorge Ch\u00e1vez\u201d manteniendo inc\u00f3lume su prestancia pues desde su creaci\u00f3n se erigi\u00f3 como uno de los m\u00e1s importantes de Sudam\u00e9rica, siendo considerado de hecho \u00a0el l\u00edder desde hace tres a\u00f1os consecutivos.<\/p>\n<p style=\"text-align: justify;\">Inaugurado por el presidente Fernando Belaunde Terry el 30 de Diciembre de 1963 este terminal, que es el m\u00e1s importante del Per\u00fa ,estuvo bajo la administraci\u00f3n de la Corporaci\u00f3n Peruana de Aeropuertos y Aviaci\u00f3n Comercial (CORPAC) hasta el a\u00f1o 2001 \u00e9poca que fue concesionado al consorcio Flughafen Franfurt, ( alemana) Bechtel Enterprises International \u00a0Limited \u00a0(norteamericana) y COSAPI ( peruana) que luego se convirti\u00f3 en Lima Airport Partners (LAP), que tendr\u00e1 dominio sobre este aeropuerto.<\/p>\n<p>  <!--more-->  <\/p>\n<p style=\"text-align: justify;\">Sin duda LAP ha logrado poner en buen sitial al \u00abJorge Ch\u00e1vez\u00bb con la modernidad que exhiben sus magn\u00edficas obras, como el Centro Comercial Per\u00fa Plaza, pero al mismo tiempo est\u00e1n pendiente a\u00fan la construcci\u00f3n de una segunda pista, que se calcul\u00f3 hacer el 2012, es decir el pr\u00f3ximo a\u00f1o , seg\u00fan una addenda del contrato.<\/p>\n<p style=\"text-align: justify;\">Mientras tanto sigue vigente el despojo que sufri\u00f3 el periodismo al desmantelarse la Sala de Prensa del Aeropuerto \u201cJorge Ch\u00e1vez\u201d \u00a0por disposici\u00f3n de LAP, despojo que motiv\u00f3 la protesta y reclamo de las instituciones tutelares del gremio nacional y tambi\u00e9n de la Federaci\u00f3n Internacional de Periodistas \u00a0(FIP) que tiene su sede en Bruselas, B\u00e9lgica, hasta donde viajo el presidente de la Uni\u00f3n de Periodistas de Aviaci\u00f3n (UPA), Raymundo Hurtado Mart\u00ednez el 2005.<\/p>\n<p style=\"text-align: justify;\"><img decoding=\"async\" src=\"images\/stories\/11\/12\/301211\/aeropuerto_jorge_chavez_aniversario.jpg\" border=\"0\" alt=\"Aeropuerto Jorge Ch\u00e1vez cumple 48 a\u00f1os\" title=\"Aeropuerto Jorge Ch\u00e1vez cumple 48 a\u00f1os\" \/><\/p>\n","protected":false},"excerpt":{"rendered":"<p>(Aeronoticias).- Hoy celebra su 48\u00ba aniversario de fundaci\u00f3n el Aeropuerto Internacional \u201cJorge Ch\u00e1vez\u201d manteniendo inc\u00f3lume su prestancia pues desde su creaci\u00f3n se erigi\u00f3 como uno de los m\u00e1s importantes de Sudam\u00e9rica, siendo considerado de hecho \u00a0el l\u00edder desde hace tres a\u00f1os consecutivos. Inaugurado por el presidente Fernando Belaunde Terry el 30 de Diciembre de 1963 [&hellip;]<\/p>\n","protected":false},"author":1,"featured_media":0,"comment_status":"open","ping_status":"open","sticky":false,"template":"","format":"standard","meta":{"tdm_status":"","tdm_grid_status":"","footnotes":""},"categories":[51],"tags":[],"class_list":{"0":"post-22002","1":"post","2":"type-post","3":"status-publish","4":"format-standard","6":"category-nacional"},"yoast_head":"<!-- This site is optimized with the Yoast SEO plugin v25.1 - https:\/\/yoast.com\/wordpress\/plugins\/seo\/ -->\n<title>Aeropuerto Jorge Ch\u00e1vez cumple 48 a\u00f1os<\/title>\n<meta name=\"description\" content=\"Portal de noticias del Per\u00fa sobre el transporte a\u00e9reo, aviaci\u00f3n, turismo, hoteleria, actualidad.\" \/>\n<meta name=\"robots\" content=\"index, follow, max-snippet:-1, max-image-preview:large, max-video-preview:-1\" \/>\n<link rel=\"canonical\" href=\"https:\/\/aeronoticias.com.pe\/noticiero\/transporte-aereo\/nacional\/aeropuerto-jorge-chavez-cumple-48-anos\/\" \/>\n<meta property=\"og:locale\" content=\"es_ES\" \/>\n<meta property=\"og:type\" content=\"article\" \/>\n<meta property=\"og:title\" content=\"Aeropuerto Jorge Ch\u00e1vez cumple 48 a\u00f1os\" \/>\n<meta property=\"og:description\" content=\"Portal de noticias del Per\u00fa sobre el transporte a\u00e9reo, aviaci\u00f3n, turismo, hoteleria, actualidad.\" \/>\n<meta property=\"og:url\" content=\"https:\/\/aeronoticias.com.pe\/noticiero\/transporte-aereo\/nacional\/aeropuerto-jorge-chavez-cumple-48-anos\/\" \/>\n<meta property=\"og:site_name\" content=\"Aeronoticias.com.pe\" \/>\n<meta property=\"article:publisher\" content=\"https:\/\/www.facebook.com\/Aeronoticias.com.pe\/\" \/>\n<meta property=\"article:published_time\" content=\"2011-12-30T15:30:36+00:00\" \/>\n<meta name=\"author\" content=\"Redacci\u00f3n Aeronoticias\" \/>\n<meta name=\"twitter:card\" content=\"summary_large_image\" \/>\n<meta name=\"twitter:creator\" content=\"@aeronoticias\" \/>\n<meta name=\"twitter:site\" content=\"@aeronoticias\" \/>\n<meta name=\"twitter:label1\" content=\"Escrito por\" \/>\n\t<meta name=\"twitter:data1\" content=\"Redacci\u00f3n Aeronoticias\" \/>\n\t<meta name=\"twitter:label2\" content=\"Tiempo de lectura\" \/>\n\t<meta name=\"twitter:data2\" content=\"1 minuto\" \/>\n<script type=\"application\/ld+json\" class=\"yoast-schema-graph\">{\"@context\":\"https:\/\/schema.org\",\"@graph\":[{\"@type\":\"WebPage\",\"@id\":\"https:\/\/aeronoticias.com.pe\/noticiero\/transporte-aereo\/nacional\/aeropuerto-jorge-chavez-cumple-48-anos\/\",\"url\":\"https:\/\/aeronoticias.com.pe\/noticiero\/transporte-aereo\/nacional\/aeropuerto-jorge-chavez-cumple-48-anos\/\",\"name\":\"Aeropuerto Jorge Ch\u00e1vez cumple 48 a\u00f1os\",\"isPartOf\":{\"@id\":\"https:\/\/aeronoticias.com.pe\/noticiero\/#website\"},\"datePublished\":\"2011-12-30T15:30:36+00:00\",\"author\":{\"@id\":\"https:\/\/aeronoticias.com.pe\/noticiero\/#\/schema\/person\/fc1e5d578f4b62ba1cf7ac2bba1170a0\"},\"description\":\"Portal de noticias del Per\u00fa sobre el transporte a\u00e9reo, aviaci\u00f3n, turismo, hoteleria, actualidad.\",\"breadcrumb\":{\"@id\":\"https:\/\/aeronoticias.com.pe\/noticiero\/transporte-aereo\/nacional\/aeropuerto-jorge-chavez-cumple-48-anos\/#breadcrumb\"},\"inLanguage\":\"es\",\"potentialAction\":[{\"@type\":\"ReadAction\",\"target\":[\"https:\/\/aeronoticias.com.pe\/noticiero\/transporte-aereo\/nacional\/aeropuerto-jorge-chavez-cumple-48-anos\/\"]}]},{\"@type\":\"BreadcrumbList\",\"@id\":\"https:\/\/aeronoticias.com.pe\/noticiero\/transporte-aereo\/nacional\/aeropuerto-jorge-chavez-cumple-48-anos\/#breadcrumb\",\"itemListElement\":[{\"@type\":\"ListItem\",\"position\":1,\"name\":\"Portada\",\"item\":\"https:\/\/aeronoticias.com.pe\/noticiero\/\"},{\"@type\":\"ListItem\",\"position\":2,\"name\":\"Aeropuerto Jorge Ch\u00e1vez cumple 48 a\u00f1os\"}]},{\"@type\":\"WebSite\",\"@id\":\"https:\/\/aeronoticias.com.pe\/noticiero\/#website\",\"url\":\"https:\/\/aeronoticias.com.pe\/noticiero\/\",\"name\":\"Aeronoticias.com.pe\",\"description\":\"Noticias de tranporte aereo, turismo, hoteles, gastronomia, actualidad, internacional\",\"potentialAction\":[{\"@type\":\"SearchAction\",\"target\":{\"@type\":\"EntryPoint\",\"urlTemplate\":\"https:\/\/aeronoticias.com.pe\/noticiero\/?s={search_term_string}\"},\"query-input\":{\"@type\":\"PropertyValueSpecification\",\"valueRequired\":true,\"valueName\":\"search_term_string\"}}],\"inLanguage\":\"es\"},{\"@type\":\"Person\",\"@id\":\"https:\/\/aeronoticias.com.pe\/noticiero\/#\/schema\/person\/fc1e5d578f4b62ba1cf7ac2bba1170a0\",\"name\":\"Redacci\u00f3n Aeronoticias\",\"url\":\"https:\/\/aeronoticias.com.pe\/noticiero\/author\/piloto\/\"}]}<\/script>\n<!-- \/ Yoast SEO plugin. -->","yoast_head_json":{"title":"Aeropuerto Jorge Ch\u00e1vez cumple 48 a\u00f1os","description":"Portal de noticias del Per\u00fa sobre el transporte a\u00e9reo, aviaci\u00f3n, turismo, hoteleria, actualidad.","robots":{"index":"index","follow":"follow","max-snippet":"max-snippet:-1","max-image-preview":"max-image-preview:large","max-video-preview":"max-video-preview:-1"},"canonical":"https:\/\/aeronoticias.com.pe\/noticiero\/transporte-aereo\/nacional\/aeropuerto-jorge-chavez-cumple-48-anos\/","og_locale":"es_ES","og_type":"article","og_title":"Aeropuerto Jorge Ch\u00e1vez cumple 48 a\u00f1os","og_description":"Portal de noticias del Per\u00fa sobre el transporte a\u00e9reo, aviaci\u00f3n, turismo, hoteleria, actualidad.","og_url":"https:\/\/aeronoticias.com.pe\/noticiero\/transporte-aereo\/nacional\/aeropuerto-jorge-chavez-cumple-48-anos\/","og_site_name":"Aeronoticias.com.pe","article_publisher":"https:\/\/www.facebook.com\/Aeronoticias.com.pe\/","article_published_time":"2011-12-30T15:30:36+00:00","author":"Redacci\u00f3n Aeronoticias","twitter_card":"summary_large_image","twitter_creator":"@aeronoticias","twitter_site":"@aeronoticias","twitter_misc":{"Escrito por":"Redacci\u00f3n Aeronoticias","Tiempo de lectura":"1 minuto"},"schema":{"@context":"https:\/\/schema.org","@graph":[{"@type":"WebPage","@id":"https:\/\/aeronoticias.com.pe\/noticiero\/transporte-aereo\/nacional\/aeropuerto-jorge-chavez-cumple-48-anos\/","url":"https:\/\/aeronoticias.com.pe\/noticiero\/transporte-aereo\/nacional\/aeropuerto-jorge-chavez-cumple-48-anos\/","name":"Aeropuerto Jorge Ch\u00e1vez cumple 48 a\u00f1os","isPartOf":{"@id":"https:\/\/aeronoticias.com.pe\/noticiero\/#website"},"datePublished":"2011-12-30T15:30:36+00:00","author":{"@id":"https:\/\/aeronoticias.com.pe\/noticiero\/#\/schema\/person\/fc1e5d578f4b62ba1cf7ac2bba1170a0"},"description":"Portal de noticias del Per\u00fa sobre el transporte a\u00e9reo, aviaci\u00f3n, turismo, hoteleria, actualidad.","breadcrumb":{"@id":"https:\/\/aeronoticias.com.pe\/noticiero\/transporte-aereo\/nacional\/aeropuerto-jorge-chavez-cumple-48-anos\/#breadcrumb"},"inLanguage":"es","potentialAction":[{"@type":"ReadAction","target":["https:\/\/aeronoticias.com.pe\/noticiero\/transporte-aereo\/nacional\/aeropuerto-jorge-chavez-cumple-48-anos\/"]}]},{"@type":"BreadcrumbList","@id":"https:\/\/aeronoticias.com.pe\/noticiero\/transporte-aereo\/nacional\/aeropuerto-jorge-chavez-cumple-48-anos\/#breadcrumb","itemListElement":[{"@type":"ListItem","position":1,"name":"Portada","item":"https:\/\/aeronoticias.com.pe\/noticiero\/"},{"@type":"ListItem","position":2,"name":"Aeropuerto Jorge Ch\u00e1vez cumple 48 a\u00f1os"}]},{"@type":"WebSite","@id":"https:\/\/aeronoticias.com.pe\/noticiero\/#website","url":"https:\/\/aeronoticias.com.pe\/noticiero\/","name":"Aeronoticias.com.pe","description":"Noticias de tranporte aereo, turismo, hoteles, gastronomia, actualidad, internacional","potentialAction":[{"@type":"SearchAction","target":{"@type":"EntryPoint","urlTemplate":"https:\/\/aeronoticias.com.pe\/noticiero\/?s={search_term_string}"},"query-input":{"@type":"PropertyValueSpecification","valueRequired":true,"valueName":"search_term_string"}}],"inLanguage":"es"},{"@type":"Person","@id":"https:\/\/aeronoticias.com.pe\/noticiero\/#\/schema\/person\/fc1e5d578f4b62ba1cf7ac2bba1170a0","name":"Redacci\u00f3n Aeronoticias","url":"https:\/\/aeronoticias.com.pe\/noticiero\/author\/piloto\/"}]}},"_links":{"self":[{"href":"https:\/\/aeronoticias.com.pe\/noticiero\/wp-json\/wp\/v2\/posts\/22002","targetHints":{"allow":["GET"]}}],"collection":[{"href":"https:\/\/aeronoticias.com.pe\/noticiero\/wp-json\/wp\/v2\/posts"}],"about":[{"href":"https:\/\/aeronoticias.com.pe\/noticiero\/wp-json\/wp\/v2\/types\/post"}],"author":[{"embeddable":true,"href":"https:\/\/aeronoticias.com.pe\/noticiero\/wp-json\/wp\/v2\/users\/1"}],"replies":[{"embeddable":true,"href":"https:\/\/aeronoticias.com.pe\/noticiero\/wp-json\/wp\/v2\/comments?post=22002"}],"version-history":[{"count":0,"href":"https:\/\/aeronoticias.com.pe\/noticiero\/wp-json\/wp\/v2\/posts\/22002\/revisions"}],"wp:attachment":[{"href":"https:\/\/aeronoticias.com.pe\/noticiero\/wp-json\/wp\/v2\/media?parent=22002"}],"wp:term":[{"taxonomy":"category","embeddable":true,"href":"https:\/\/aeronoticias.com.pe\/noticiero\/wp-json\/wp\/v2\/categories?post=22002"},{"taxonomy":"post_tag","embeddable":true,"href":"https:\/\/aeronoticias.com.pe\/noticiero\/wp-json\/wp\/v2\/tags?post=22002"}],"curies":[{"name":"wp","href":"https:\/\/api.w.org\/{rel}","templated":true}]}}