{"id":22003,"date":"2011-12-30T15:42:00","date_gmt":"2011-12-30T15:42:00","guid":{"rendered":"http:\/\/desarrollo.mcvicious.com\/aero2020\/2011\/12\/30\/mercado-laboral-de-eeuu-da-mas-senales-de-mejora\/"},"modified":"2011-12-30T15:42:00","modified_gmt":"2011-12-30T15:42:00","slug":"mercado-laboral-de-eeuu-da-mas-senales-de-mejora","status":"publish","type":"post","link":"https:\/\/aeronoticias.com.pe\/noticiero\/economia\/mercado-laboral-de-eeuu-da-mas-senales-de-mejora\/","title":{"rendered":"Mercado laboral de EE.UU. da m\u00e1s se\u00f1ales de mejora"},"content":{"rendered":"<p style=\"text-align: justify;\"><strong>(Aeronoticias)<\/strong> La cifra de estadounidense que pidieron subsidio de desempleo por primera vez subi\u00f3 m\u00e1s de los esperado la semana pasada, aunque la tendencia subyacente continuo apuntado a una mejor\u00eda en las condiciones del mercado laboral, al tiempo que el sector fabril del centro del pa\u00eds se mantuvo firme en diciembre.<\/p>\n<p>El panorama de crecimiento fue reforzado por otros datos que mostraron que las ventas pendientes de casas usadas subieron a un m\u00e1ximo de un a\u00f1o y medio en noviembre, sum\u00e1ndose a las se\u00f1ales de un probable recuperaci\u00f3n en el mercado de la vivienda.<\/p>\n<p>Las solicitudes iniciales de beneficios estatales para desempleados se incrementaron en 15,000 a una tasa ajustada estacionalmente de 381,000, dijo el Departamento de Trabajo.<\/p>\n<p>\u201cLos datos de solicitudes de desempleo siguen indicando que el ritmo de mejora en el mercado laboral podr\u00eda estar ganando impulso\u201d, dijo John Ryding, economista en jefe de RDQ Economics en Nueva York.<\/p>\n<p>  <!--more-->  <\/p>\n<p><img decoding=\"async\" src=\"images\/stories\/11\/12\/301211\/mercado.jpg\" border=\"0\" alt=\"mercado\" title=\"mercado\" \/><\/p>\n","protected":false},"excerpt":{"rendered":"<p>(Aeronoticias) La cifra de estadounidense que pidieron subsidio de desempleo por primera vez subi\u00f3 m\u00e1s de los esperado la semana pasada, aunque la tendencia subyacente continuo apuntado a una mejor\u00eda en las condiciones del mercado laboral, al tiempo que el sector fabril del centro del pa\u00eds se mantuvo firme en diciembre. El panorama de crecimiento [&hellip;]<\/p>\n","protected":false},"author":1,"featured_media":0,"comment_status":"open","ping_status":"open","sticky":false,"template":"","format":"standard","meta":{"tdm_status":"","tdm_grid_status":"","footnotes":""},"categories":[33],"tags":[],"class_list":{"0":"post-22003","1":"post","2":"type-post","3":"status-publish","4":"format-standard","6":"category-economia"},"yoast_head":"<!-- This site is optimized with the Yoast SEO plugin v25.1 - https:\/\/yoast.com\/wordpress\/plugins\/seo\/ -->\n<title>Mercado laboral de EE.UU. da m\u00e1s se\u00f1ales de mejora<\/title>\n<meta name=\"description\" content=\"Portal de noticias del Per\u00fa sobre el transporte a\u00e9reo, aviaci\u00f3n, turismo, hoteleria, actualidad.\" \/>\n<meta name=\"robots\" content=\"index, follow, max-snippet:-1, max-image-preview:large, max-video-preview:-1\" \/>\n<link rel=\"canonical\" href=\"https:\/\/aeronoticias.com.pe\/noticiero\/economia\/mercado-laboral-de-eeuu-da-mas-senales-de-mejora\/\" \/>\n<meta property=\"og:locale\" content=\"es_ES\" \/>\n<meta property=\"og:type\" content=\"article\" \/>\n<meta property=\"og:title\" content=\"Mercado laboral de EE.UU. da m\u00e1s se\u00f1ales de mejora\" \/>\n<meta property=\"og:description\" content=\"Portal de noticias del Per\u00fa sobre el transporte a\u00e9reo, aviaci\u00f3n, turismo, hoteleria, actualidad.\" \/>\n<meta property=\"og:url\" content=\"https:\/\/aeronoticias.com.pe\/noticiero\/economia\/mercado-laboral-de-eeuu-da-mas-senales-de-mejora\/\" \/>\n<meta property=\"og:site_name\" content=\"Aeronoticias.com.pe\" \/>\n<meta property=\"article:publisher\" content=\"https:\/\/www.facebook.com\/Aeronoticias.com.pe\/\" \/>\n<meta property=\"article:published_time\" content=\"2011-12-30T15:42:00+00:00\" \/>\n<meta name=\"author\" content=\"Redacci\u00f3n Aeronoticias\" \/>\n<meta name=\"twitter:card\" content=\"summary_large_image\" \/>\n<meta name=\"twitter:creator\" content=\"@aeronoticias\" \/>\n<meta name=\"twitter:site\" content=\"@aeronoticias\" \/>\n<meta name=\"twitter:label1\" content=\"Escrito por\" \/>\n\t<meta name=\"twitter:data1\" content=\"Redacci\u00f3n Aeronoticias\" \/>\n\t<meta name=\"twitter:label2\" content=\"Tiempo de lectura\" \/>\n\t<meta name=\"twitter:data2\" content=\"1 minuto\" \/>\n<script type=\"application\/ld+json\" class=\"yoast-schema-graph\">{\"@context\":\"https:\/\/schema.org\",\"@graph\":[{\"@type\":\"WebPage\",\"@id\":\"https:\/\/aeronoticias.com.pe\/noticiero\/economia\/mercado-laboral-de-eeuu-da-mas-senales-de-mejora\/\",\"url\":\"https:\/\/aeronoticias.com.pe\/noticiero\/economia\/mercado-laboral-de-eeuu-da-mas-senales-de-mejora\/\",\"name\":\"Mercado laboral de EE.UU. da m\u00e1s se\u00f1ales de mejora\",\"isPartOf\":{\"@id\":\"https:\/\/aeronoticias.com.pe\/noticiero\/#website\"},\"datePublished\":\"2011-12-30T15:42:00+00:00\",\"author\":{\"@id\":\"https:\/\/aeronoticias.com.pe\/noticiero\/#\/schema\/person\/fc1e5d578f4b62ba1cf7ac2bba1170a0\"},\"description\":\"Portal de noticias del Per\u00fa sobre el transporte a\u00e9reo, aviaci\u00f3n, turismo, hoteleria, actualidad.\",\"breadcrumb\":{\"@id\":\"https:\/\/aeronoticias.com.pe\/noticiero\/economia\/mercado-laboral-de-eeuu-da-mas-senales-de-mejora\/#breadcrumb\"},\"inLanguage\":\"es\",\"potentialAction\":[{\"@type\":\"ReadAction\",\"target\":[\"https:\/\/aeronoticias.com.pe\/noticiero\/economia\/mercado-laboral-de-eeuu-da-mas-senales-de-mejora\/\"]}]},{\"@type\":\"BreadcrumbList\",\"@id\":\"https:\/\/aeronoticias.com.pe\/noticiero\/economia\/mercado-laboral-de-eeuu-da-mas-senales-de-mejora\/#breadcrumb\",\"itemListElement\":[{\"@type\":\"ListItem\",\"position\":1,\"name\":\"Portada\",\"item\":\"https:\/\/aeronoticias.com.pe\/noticiero\/\"},{\"@type\":\"ListItem\",\"position\":2,\"name\":\"Mercado laboral de EE.UU. da m\u00e1s se\u00f1ales de mejora\"}]},{\"@type\":\"WebSite\",\"@id\":\"https:\/\/aeronoticias.com.pe\/noticiero\/#website\",\"url\":\"https:\/\/aeronoticias.com.pe\/noticiero\/\",\"name\":\"Aeronoticias.com.pe\",\"description\":\"Noticias de tranporte aereo, turismo, hoteles, gastronomia, actualidad, internacional\",\"potentialAction\":[{\"@type\":\"SearchAction\",\"target\":{\"@type\":\"EntryPoint\",\"urlTemplate\":\"https:\/\/aeronoticias.com.pe\/noticiero\/?s={search_term_string}\"},\"query-input\":{\"@type\":\"PropertyValueSpecification\",\"valueRequired\":true,\"valueName\":\"search_term_string\"}}],\"inLanguage\":\"es\"},{\"@type\":\"Person\",\"@id\":\"https:\/\/aeronoticias.com.pe\/noticiero\/#\/schema\/person\/fc1e5d578f4b62ba1cf7ac2bba1170a0\",\"name\":\"Redacci\u00f3n Aeronoticias\",\"url\":\"https:\/\/aeronoticias.com.pe\/noticiero\/author\/piloto\/\"}]}<\/script>\n<!-- \/ Yoast SEO plugin. -->","yoast_head_json":{"title":"Mercado laboral de EE.UU. da m\u00e1s se\u00f1ales de mejora","description":"Portal de noticias del Per\u00fa sobre el transporte a\u00e9reo, aviaci\u00f3n, turismo, hoteleria, actualidad.","robots":{"index":"index","follow":"follow","max-snippet":"max-snippet:-1","max-image-preview":"max-image-preview:large","max-video-preview":"max-video-preview:-1"},"canonical":"https:\/\/aeronoticias.com.pe\/noticiero\/economia\/mercado-laboral-de-eeuu-da-mas-senales-de-mejora\/","og_locale":"es_ES","og_type":"article","og_title":"Mercado laboral de EE.UU. da m\u00e1s se\u00f1ales de mejora","og_description":"Portal de noticias del Per\u00fa sobre el transporte a\u00e9reo, aviaci\u00f3n, turismo, hoteleria, actualidad.","og_url":"https:\/\/aeronoticias.com.pe\/noticiero\/economia\/mercado-laboral-de-eeuu-da-mas-senales-de-mejora\/","og_site_name":"Aeronoticias.com.pe","article_publisher":"https:\/\/www.facebook.com\/Aeronoticias.com.pe\/","article_published_time":"2011-12-30T15:42:00+00:00","author":"Redacci\u00f3n Aeronoticias","twitter_card":"summary_large_image","twitter_creator":"@aeronoticias","twitter_site":"@aeronoticias","twitter_misc":{"Escrito por":"Redacci\u00f3n Aeronoticias","Tiempo de lectura":"1 minuto"},"schema":{"@context":"https:\/\/schema.org","@graph":[{"@type":"WebPage","@id":"https:\/\/aeronoticias.com.pe\/noticiero\/economia\/mercado-laboral-de-eeuu-da-mas-senales-de-mejora\/","url":"https:\/\/aeronoticias.com.pe\/noticiero\/economia\/mercado-laboral-de-eeuu-da-mas-senales-de-mejora\/","name":"Mercado laboral de EE.UU. da m\u00e1s se\u00f1ales de mejora","isPartOf":{"@id":"https:\/\/aeronoticias.com.pe\/noticiero\/#website"},"datePublished":"2011-12-30T15:42:00+00:00","author":{"@id":"https:\/\/aeronoticias.com.pe\/noticiero\/#\/schema\/person\/fc1e5d578f4b62ba1cf7ac2bba1170a0"},"description":"Portal de noticias del Per\u00fa sobre el transporte a\u00e9reo, aviaci\u00f3n, turismo, hoteleria, actualidad.","breadcrumb":{"@id":"https:\/\/aeronoticias.com.pe\/noticiero\/economia\/mercado-laboral-de-eeuu-da-mas-senales-de-mejora\/#breadcrumb"},"inLanguage":"es","potentialAction":[{"@type":"ReadAction","target":["https:\/\/aeronoticias.com.pe\/noticiero\/economia\/mercado-laboral-de-eeuu-da-mas-senales-de-mejora\/"]}]},{"@type":"BreadcrumbList","@id":"https:\/\/aeronoticias.com.pe\/noticiero\/economia\/mercado-laboral-de-eeuu-da-mas-senales-de-mejora\/#breadcrumb","itemListElement":[{"@type":"ListItem","position":1,"name":"Portada","item":"https:\/\/aeronoticias.com.pe\/noticiero\/"},{"@type":"ListItem","position":2,"name":"Mercado laboral de EE.UU. da m\u00e1s se\u00f1ales de mejora"}]},{"@type":"WebSite","@id":"https:\/\/aeronoticias.com.pe\/noticiero\/#website","url":"https:\/\/aeronoticias.com.pe\/noticiero\/","name":"Aeronoticias.com.pe","description":"Noticias de tranporte aereo, turismo, hoteles, gastronomia, actualidad, internacional","potentialAction":[{"@type":"SearchAction","target":{"@type":"EntryPoint","urlTemplate":"https:\/\/aeronoticias.com.pe\/noticiero\/?s={search_term_string}"},"query-input":{"@type":"PropertyValueSpecification","valueRequired":true,"valueName":"search_term_string"}}],"inLanguage":"es"},{"@type":"Person","@id":"https:\/\/aeronoticias.com.pe\/noticiero\/#\/schema\/person\/fc1e5d578f4b62ba1cf7ac2bba1170a0","name":"Redacci\u00f3n Aeronoticias","url":"https:\/\/aeronoticias.com.pe\/noticiero\/author\/piloto\/"}]}},"_links":{"self":[{"href":"https:\/\/aeronoticias.com.pe\/noticiero\/wp-json\/wp\/v2\/posts\/22003","targetHints":{"allow":["GET"]}}],"collection":[{"href":"https:\/\/aeronoticias.com.pe\/noticiero\/wp-json\/wp\/v2\/posts"}],"about":[{"href":"https:\/\/aeronoticias.com.pe\/noticiero\/wp-json\/wp\/v2\/types\/post"}],"author":[{"embeddable":true,"href":"https:\/\/aeronoticias.com.pe\/noticiero\/wp-json\/wp\/v2\/users\/1"}],"replies":[{"embeddable":true,"href":"https:\/\/aeronoticias.com.pe\/noticiero\/wp-json\/wp\/v2\/comments?post=22003"}],"version-history":[{"count":0,"href":"https:\/\/aeronoticias.com.pe\/noticiero\/wp-json\/wp\/v2\/posts\/22003\/revisions"}],"wp:attachment":[{"href":"https:\/\/aeronoticias.com.pe\/noticiero\/wp-json\/wp\/v2\/media?parent=22003"}],"wp:term":[{"taxonomy":"category","embeddable":true,"href":"https:\/\/aeronoticias.com.pe\/noticiero\/wp-json\/wp\/v2\/categories?post=22003"},{"taxonomy":"post_tag","embeddable":true,"href":"https:\/\/aeronoticias.com.pe\/noticiero\/wp-json\/wp\/v2\/tags?post=22003"}],"curies":[{"name":"wp","href":"https:\/\/api.w.org\/{rel}","templated":true}]}}