{"id":22004,"date":"2011-12-30T16:00:10","date_gmt":"2011-12-30T16:00:10","guid":{"rendered":"http:\/\/desarrollo.mcvicious.com\/aero2020\/2011\/12\/30\/american-airlines-dejara-de-cotizar-en-la-bolsa-de-nueva-york-en-enero\/"},"modified":"2011-12-30T16:00:10","modified_gmt":"2011-12-30T16:00:10","slug":"american-airlines-dejara-de-cotizar-en-la-bolsa-de-nueva-york-en-enero","status":"publish","type":"post","link":"https:\/\/aeronoticias.com.pe\/noticiero\/transporte-aereo\/internacional\/american-airlines-dejara-de-cotizar-en-la-bolsa-de-nueva-york-en-enero\/","title":{"rendered":"American Airlines dejar\u00e1 de cotizar en la Bolsa de Nueva York en enero"},"content":{"rendered":"<p style=\"text-align: justify;\"><strong>(Aeronoticias).-<\/strong> La Bolsa de Nueva York (NYSE) anunci\u00f3 hoy que las acciones comunes de AMR, la matriz de la recientemente declarada en suspensi\u00f3n de pagos American Airlines, as\u00ed como los otros valores ligados a la aerol\u00ednea, dejar\u00e1n de cotizar en ese mercado a partir del pr\u00f3ximo 5 de enero. \u00abEl regulador del NYSE ha determinado que la compa\u00f1\u00eda ya no es apta para ser incluida en nuestro listado de valores\u00bb, afirm\u00f3 hoy el NYSE en un comunicado, en el que detall\u00f3 que los t\u00edtulos afectados por esa decisi\u00f3n ser\u00e1n los que cotizan hasta ahora bajo las siglas \u00abAMR\u00bb, \u00abAAR\u00bb y \u00abAMR16\u00bb.<\/p>\n<p style=\"text-align: justify;\">Las acciones de la matriz de la tercera mayor aerol\u00ednea de Estados Unidos no alcanzan los est\u00e1ndares m\u00ednimos que establece el NYSE para las compa\u00f1\u00edas que cotizan en el parqu\u00e9 neoyorquino, ya que la media del precio de cierre de sus t\u00edtulos ha sido inferior al d\u00f3lar durante el \u00faltimo mes. \u00abAMR no se opone a la suspensi\u00f3n y retirada de sus valores\u00bb del NYSE, afirm\u00f3 por su parte en un comunicado la compa\u00f1\u00eda, que declar\u00f3 que espera que sus t\u00edtulos comiencen a cotizar el propio 5 de enero en los mercados secundarios. Mientras tanto, el regulador del NYSE advirti\u00f3 \u00abde la incertidumbre por los efectos y el momento en el que se ha realizado el proceso de suspensi\u00f3n de pagos, as\u00ed como el efecto \u00faltimo que tendr\u00e1 sobre los accionistas de la compa\u00f1\u00eda\u00bb.<\/p>\n<p>  <!--more-->  <\/p>\n<p style=\"text-align: justify;\">La expulsi\u00f3n de American Airlines del NYSE debe a\u00fan recibir el visto bueno de la Comisi\u00f3n del Mercado de Valores de Estados Unidos (SEC, por su sigla en ingl\u00e9s), detall\u00f3 el organismo regulador del parqu\u00e9 neoyorquino. Esa aerol\u00ednea, alguna vez la mayor de EE.UU. y relegada ahora al tercer puesto del sector mientras se fortalecen sus competidoras, recurri\u00f3 el pasado 29 de noviembre a la suspensi\u00f3n de pagos para reestructurar su abultada deuda, reducir sus costes y tratar de volver a ser competitiva.<\/p>\n<p style=\"text-align: justify;\">Seg\u00fan los documentos presentados al acogerse al Cap\u00edtulo 11 de la Ley de Bancarrotas estadounidense, la deuda de AMR aumenta hasta los 29.550 millones de d\u00f3lares, mientras que sus activos se reducen a los 24.720 millones. Las acciones de AMR cerraron hoy en la Bolsa de Nueva York con una ca\u00edda del 5,17 % para cambiarse por unos \u00ednfimos 0,51 d\u00f3lares, mientras que en las operaciones electr\u00f3nicas posteriores al cierre se desplomaban el 34,35 %. Desde enero han perdido casi todo su valor en bolsa, el 93,38 %. Fuente:<strong> EFE<\/strong><\/p>\n<p style=\"text-align: justify;\"><strong><img decoding=\"async\" src=\"images\/stories\/11\/12\/301211\/american.jpg\" border=\"0\" alt=\"American Airlines dejar\u00e1 de cotizar en la Bolsa de Nueva York en enero \" title=\"American Airlines dejar\u00e1 de cotizar en la Bolsa de Nueva York en enero \" \/><br \/><\/strong><\/p>\n","protected":false},"excerpt":{"rendered":"<p>(Aeronoticias).- La Bolsa de Nueva York (NYSE) anunci\u00f3 hoy que las acciones comunes de AMR, la matriz de la recientemente declarada en suspensi\u00f3n de pagos American Airlines, as\u00ed como los otros valores ligados a la aerol\u00ednea, dejar\u00e1n de cotizar en ese mercado a partir del pr\u00f3ximo 5 de enero. \u00abEl regulador del NYSE ha determinado [&hellip;]<\/p>\n","protected":false},"author":1,"featured_media":0,"comment_status":"open","ping_status":"open","sticky":false,"template":"","format":"standard","meta":{"tdm_status":"","tdm_grid_status":"","footnotes":""},"categories":[32],"tags":[],"class_list":{"0":"post-22004","1":"post","2":"type-post","3":"status-publish","4":"format-standard","6":"category-internacional"},"yoast_head":"<!-- This site is optimized with the Yoast SEO plugin v25.1 - https:\/\/yoast.com\/wordpress\/plugins\/seo\/ -->\n<title>American Airlines dejar\u00e1 de cotizar en la Bolsa de Nueva York en enero<\/title>\n<meta name=\"description\" content=\"Portal de noticias del Per\u00fa sobre el transporte a\u00e9reo, aviaci\u00f3n, turismo, hoteleria, actualidad.\" \/>\n<meta name=\"robots\" content=\"index, follow, max-snippet:-1, max-image-preview:large, max-video-preview:-1\" \/>\n<link rel=\"canonical\" href=\"https:\/\/aeronoticias.com.pe\/noticiero\/transporte-aereo\/internacional\/american-airlines-dejara-de-cotizar-en-la-bolsa-de-nueva-york-en-enero\/\" \/>\n<meta property=\"og:locale\" content=\"es_ES\" \/>\n<meta property=\"og:type\" content=\"article\" \/>\n<meta property=\"og:title\" content=\"American Airlines dejar\u00e1 de cotizar en la Bolsa de Nueva York en enero\" \/>\n<meta property=\"og:description\" content=\"Portal de noticias del Per\u00fa sobre el transporte a\u00e9reo, aviaci\u00f3n, turismo, hoteleria, actualidad.\" \/>\n<meta property=\"og:url\" content=\"https:\/\/aeronoticias.com.pe\/noticiero\/transporte-aereo\/internacional\/american-airlines-dejara-de-cotizar-en-la-bolsa-de-nueva-york-en-enero\/\" \/>\n<meta property=\"og:site_name\" content=\"Aeronoticias.com.pe\" \/>\n<meta property=\"article:publisher\" content=\"https:\/\/www.facebook.com\/Aeronoticias.com.pe\/\" \/>\n<meta property=\"article:published_time\" content=\"2011-12-30T16:00:10+00:00\" \/>\n<meta name=\"author\" content=\"Redacci\u00f3n Aeronoticias\" \/>\n<meta name=\"twitter:card\" content=\"summary_large_image\" \/>\n<meta name=\"twitter:creator\" content=\"@aeronoticias\" \/>\n<meta name=\"twitter:site\" content=\"@aeronoticias\" \/>\n<meta name=\"twitter:label1\" content=\"Escrito por\" \/>\n\t<meta name=\"twitter:data1\" content=\"Redacci\u00f3n Aeronoticias\" \/>\n\t<meta name=\"twitter:label2\" content=\"Tiempo de lectura\" \/>\n\t<meta name=\"twitter:data2\" content=\"2 minutos\" \/>\n<script type=\"application\/ld+json\" class=\"yoast-schema-graph\">{\"@context\":\"https:\/\/schema.org\",\"@graph\":[{\"@type\":\"WebPage\",\"@id\":\"https:\/\/aeronoticias.com.pe\/noticiero\/transporte-aereo\/internacional\/american-airlines-dejara-de-cotizar-en-la-bolsa-de-nueva-york-en-enero\/\",\"url\":\"https:\/\/aeronoticias.com.pe\/noticiero\/transporte-aereo\/internacional\/american-airlines-dejara-de-cotizar-en-la-bolsa-de-nueva-york-en-enero\/\",\"name\":\"American Airlines dejar\u00e1 de cotizar en la Bolsa de Nueva York en enero\",\"isPartOf\":{\"@id\":\"https:\/\/aeronoticias.com.pe\/noticiero\/#website\"},\"datePublished\":\"2011-12-30T16:00:10+00:00\",\"author\":{\"@id\":\"https:\/\/aeronoticias.com.pe\/noticiero\/#\/schema\/person\/fc1e5d578f4b62ba1cf7ac2bba1170a0\"},\"description\":\"Portal de noticias del Per\u00fa sobre el transporte a\u00e9reo, aviaci\u00f3n, turismo, hoteleria, actualidad.\",\"breadcrumb\":{\"@id\":\"https:\/\/aeronoticias.com.pe\/noticiero\/transporte-aereo\/internacional\/american-airlines-dejara-de-cotizar-en-la-bolsa-de-nueva-york-en-enero\/#breadcrumb\"},\"inLanguage\":\"es\",\"potentialAction\":[{\"@type\":\"ReadAction\",\"target\":[\"https:\/\/aeronoticias.com.pe\/noticiero\/transporte-aereo\/internacional\/american-airlines-dejara-de-cotizar-en-la-bolsa-de-nueva-york-en-enero\/\"]}]},{\"@type\":\"BreadcrumbList\",\"@id\":\"https:\/\/aeronoticias.com.pe\/noticiero\/transporte-aereo\/internacional\/american-airlines-dejara-de-cotizar-en-la-bolsa-de-nueva-york-en-enero\/#breadcrumb\",\"itemListElement\":[{\"@type\":\"ListItem\",\"position\":1,\"name\":\"Portada\",\"item\":\"https:\/\/aeronoticias.com.pe\/noticiero\/\"},{\"@type\":\"ListItem\",\"position\":2,\"name\":\"American Airlines dejar\u00e1 de cotizar en la Bolsa de Nueva York en enero\"}]},{\"@type\":\"WebSite\",\"@id\":\"https:\/\/aeronoticias.com.pe\/noticiero\/#website\",\"url\":\"https:\/\/aeronoticias.com.pe\/noticiero\/\",\"name\":\"Aeronoticias.com.pe\",\"description\":\"Noticias de tranporte aereo, turismo, hoteles, gastronomia, actualidad, internacional\",\"potentialAction\":[{\"@type\":\"SearchAction\",\"target\":{\"@type\":\"EntryPoint\",\"urlTemplate\":\"https:\/\/aeronoticias.com.pe\/noticiero\/?s={search_term_string}\"},\"query-input\":{\"@type\":\"PropertyValueSpecification\",\"valueRequired\":true,\"valueName\":\"search_term_string\"}}],\"inLanguage\":\"es\"},{\"@type\":\"Person\",\"@id\":\"https:\/\/aeronoticias.com.pe\/noticiero\/#\/schema\/person\/fc1e5d578f4b62ba1cf7ac2bba1170a0\",\"name\":\"Redacci\u00f3n Aeronoticias\",\"url\":\"https:\/\/aeronoticias.com.pe\/noticiero\/author\/piloto\/\"}]}<\/script>\n<!-- \/ Yoast SEO plugin. -->","yoast_head_json":{"title":"American Airlines dejar\u00e1 de cotizar en la Bolsa de Nueva York en enero","description":"Portal de noticias del Per\u00fa sobre el transporte a\u00e9reo, aviaci\u00f3n, turismo, hoteleria, actualidad.","robots":{"index":"index","follow":"follow","max-snippet":"max-snippet:-1","max-image-preview":"max-image-preview:large","max-video-preview":"max-video-preview:-1"},"canonical":"https:\/\/aeronoticias.com.pe\/noticiero\/transporte-aereo\/internacional\/american-airlines-dejara-de-cotizar-en-la-bolsa-de-nueva-york-en-enero\/","og_locale":"es_ES","og_type":"article","og_title":"American Airlines dejar\u00e1 de cotizar en la Bolsa de Nueva York en enero","og_description":"Portal de noticias del Per\u00fa sobre el transporte a\u00e9reo, aviaci\u00f3n, turismo, hoteleria, actualidad.","og_url":"https:\/\/aeronoticias.com.pe\/noticiero\/transporte-aereo\/internacional\/american-airlines-dejara-de-cotizar-en-la-bolsa-de-nueva-york-en-enero\/","og_site_name":"Aeronoticias.com.pe","article_publisher":"https:\/\/www.facebook.com\/Aeronoticias.com.pe\/","article_published_time":"2011-12-30T16:00:10+00:00","author":"Redacci\u00f3n Aeronoticias","twitter_card":"summary_large_image","twitter_creator":"@aeronoticias","twitter_site":"@aeronoticias","twitter_misc":{"Escrito por":"Redacci\u00f3n Aeronoticias","Tiempo de lectura":"2 minutos"},"schema":{"@context":"https:\/\/schema.org","@graph":[{"@type":"WebPage","@id":"https:\/\/aeronoticias.com.pe\/noticiero\/transporte-aereo\/internacional\/american-airlines-dejara-de-cotizar-en-la-bolsa-de-nueva-york-en-enero\/","url":"https:\/\/aeronoticias.com.pe\/noticiero\/transporte-aereo\/internacional\/american-airlines-dejara-de-cotizar-en-la-bolsa-de-nueva-york-en-enero\/","name":"American Airlines dejar\u00e1 de cotizar en la Bolsa de Nueva York en enero","isPartOf":{"@id":"https:\/\/aeronoticias.com.pe\/noticiero\/#website"},"datePublished":"2011-12-30T16:00:10+00:00","author":{"@id":"https:\/\/aeronoticias.com.pe\/noticiero\/#\/schema\/person\/fc1e5d578f4b62ba1cf7ac2bba1170a0"},"description":"Portal de noticias del Per\u00fa sobre el transporte a\u00e9reo, aviaci\u00f3n, turismo, hoteleria, actualidad.","breadcrumb":{"@id":"https:\/\/aeronoticias.com.pe\/noticiero\/transporte-aereo\/internacional\/american-airlines-dejara-de-cotizar-en-la-bolsa-de-nueva-york-en-enero\/#breadcrumb"},"inLanguage":"es","potentialAction":[{"@type":"ReadAction","target":["https:\/\/aeronoticias.com.pe\/noticiero\/transporte-aereo\/internacional\/american-airlines-dejara-de-cotizar-en-la-bolsa-de-nueva-york-en-enero\/"]}]},{"@type":"BreadcrumbList","@id":"https:\/\/aeronoticias.com.pe\/noticiero\/transporte-aereo\/internacional\/american-airlines-dejara-de-cotizar-en-la-bolsa-de-nueva-york-en-enero\/#breadcrumb","itemListElement":[{"@type":"ListItem","position":1,"name":"Portada","item":"https:\/\/aeronoticias.com.pe\/noticiero\/"},{"@type":"ListItem","position":2,"name":"American Airlines dejar\u00e1 de cotizar en la Bolsa de Nueva York en enero"}]},{"@type":"WebSite","@id":"https:\/\/aeronoticias.com.pe\/noticiero\/#website","url":"https:\/\/aeronoticias.com.pe\/noticiero\/","name":"Aeronoticias.com.pe","description":"Noticias de tranporte aereo, turismo, hoteles, gastronomia, actualidad, internacional","potentialAction":[{"@type":"SearchAction","target":{"@type":"EntryPoint","urlTemplate":"https:\/\/aeronoticias.com.pe\/noticiero\/?s={search_term_string}"},"query-input":{"@type":"PropertyValueSpecification","valueRequired":true,"valueName":"search_term_string"}}],"inLanguage":"es"},{"@type":"Person","@id":"https:\/\/aeronoticias.com.pe\/noticiero\/#\/schema\/person\/fc1e5d578f4b62ba1cf7ac2bba1170a0","name":"Redacci\u00f3n Aeronoticias","url":"https:\/\/aeronoticias.com.pe\/noticiero\/author\/piloto\/"}]}},"_links":{"self":[{"href":"https:\/\/aeronoticias.com.pe\/noticiero\/wp-json\/wp\/v2\/posts\/22004","targetHints":{"allow":["GET"]}}],"collection":[{"href":"https:\/\/aeronoticias.com.pe\/noticiero\/wp-json\/wp\/v2\/posts"}],"about":[{"href":"https:\/\/aeronoticias.com.pe\/noticiero\/wp-json\/wp\/v2\/types\/post"}],"author":[{"embeddable":true,"href":"https:\/\/aeronoticias.com.pe\/noticiero\/wp-json\/wp\/v2\/users\/1"}],"replies":[{"embeddable":true,"href":"https:\/\/aeronoticias.com.pe\/noticiero\/wp-json\/wp\/v2\/comments?post=22004"}],"version-history":[{"count":0,"href":"https:\/\/aeronoticias.com.pe\/noticiero\/wp-json\/wp\/v2\/posts\/22004\/revisions"}],"wp:attachment":[{"href":"https:\/\/aeronoticias.com.pe\/noticiero\/wp-json\/wp\/v2\/media?parent=22004"}],"wp:term":[{"taxonomy":"category","embeddable":true,"href":"https:\/\/aeronoticias.com.pe\/noticiero\/wp-json\/wp\/v2\/categories?post=22004"},{"taxonomy":"post_tag","embeddable":true,"href":"https:\/\/aeronoticias.com.pe\/noticiero\/wp-json\/wp\/v2\/tags?post=22004"}],"curies":[{"name":"wp","href":"https:\/\/api.w.org\/{rel}","templated":true}]}}