{"id":22414,"date":"2012-01-16T15:15:02","date_gmt":"2012-01-16T15:15:02","guid":{"rendered":"http:\/\/desarrollo.mcvicious.com\/aero2020\/2012\/01\/16\/expulsan-a-militante-de-peru-posible-por-filiacion-con-movadef\/"},"modified":"2012-01-16T15:15:02","modified_gmt":"2012-01-16T15:15:02","slug":"expulsan-a-militante-de-peru-posible-por-filiacion-con-movadef","status":"publish","type":"post","link":"https:\/\/aeronoticias.com.pe\/noticiero\/politica\/expulsan-a-militante-de-peru-posible-por-filiacion-con-movadef\/","title":{"rendered":"Expulsan a militante de Per\u00fa Posible por filiaci\u00f3n con Movadef"},"content":{"rendered":"<p style=\"text-align: justify;\"><strong>(Aeronoticias).- <\/strong>Gilberto D\u00edaz, militante de Per\u00fa Posible y ex secretario general del mencionado partido, anunci\u00f3 que la partidaria Martha \u00a0P\u00e1ucar Carrillo, ser\u00e1 expulsada de sus filas, tras confirmar su presencia en la lista oficial de fundadores del Movimiento por la Amnist\u00eda y los Derechos Fundamentales (Movadef).<\/p>\n<p style=\"text-align: justify;\">D\u00edaz agreg\u00f3 adem\u00e1s que la pertenencia de P\u00e1ucar al movimiento vinculado al grupo terrorista Sendero Luminoso le caus\u00f3 extra\u00f1eza, quien pese a que la antes mencionada no desempe\u00f1\u00f3 alg\u00fan cargo dentro de la organizaci\u00f3n del partido de la chakana, su retiro es inminente.<\/p>\n<p style=\"text-align: justify;\">\u201cNos ha llamado la atenci\u00f3n conocer este caso, gracias a la investigaci\u00f3n de los medios. El lunes se va a tomar una decisi\u00f3n sobre un proceso interno para sacar a esta se\u00f1ora o se\u00f1orita y limpiar el padr\u00f3n. Corresponde una expulsi\u00f3n, \u201casegur\u00f3.<\/p>\n<p>  <!--more-->  <\/p>\n<p style=\"text-align: justify;\">Tambi\u00e9n manifest\u00f3 que el hecho de que est\u00e9 inscrita en sus padrones y sea a la vez personera de Movadef, contradice los principios de Per\u00fa Posible, motivo por el cual la agrupaci\u00f3n pol\u00edtica deslinda cualquier v\u00ednculo con este tipo de movimientos.<\/p>\n<p style=\"text-align: justify;\"><img decoding=\"async\" src=\"images\/stories\/12\/01\/160112\/peurposible_movadef.jpg\" border=\"0\" alt=\"Expulsan a militante de Per\u00fa Posible por filiaci\u00f3n con Movadef\" title=\"Expulsan a militante de Per\u00fa Posible por filiaci\u00f3n con Movadef\" \/><\/p>\n","protected":false},"excerpt":{"rendered":"<p>(Aeronoticias).- Gilberto D\u00edaz, militante de Per\u00fa Posible y ex secretario general del mencionado partido, anunci\u00f3 que la partidaria Martha \u00a0P\u00e1ucar Carrillo, ser\u00e1 expulsada de sus filas, tras confirmar su presencia en la lista oficial de fundadores del Movimiento por la Amnist\u00eda y los Derechos Fundamentales (Movadef). D\u00edaz agreg\u00f3 adem\u00e1s que la pertenencia de P\u00e1ucar al [&hellip;]<\/p>\n","protected":false},"author":1,"featured_media":0,"comment_status":"open","ping_status":"open","sticky":false,"template":"","format":"standard","meta":{"tdm_status":"","tdm_grid_status":"","footnotes":""},"categories":[36],"tags":[],"class_list":{"0":"post-22414","1":"post","2":"type-post","3":"status-publish","4":"format-standard","6":"category-politica"},"yoast_head":"<!-- This site is optimized with the Yoast SEO plugin v25.1 - https:\/\/yoast.com\/wordpress\/plugins\/seo\/ -->\n<title>Expulsan a militante de Per\u00fa Posible por filiaci\u00f3n con Movadef<\/title>\n<meta name=\"description\" content=\"Portal de noticias del Per\u00fa sobre el transporte a\u00e9reo, aviaci\u00f3n, turismo, hoteleria, actualidad.\" \/>\n<meta name=\"robots\" content=\"index, follow, max-snippet:-1, max-image-preview:large, max-video-preview:-1\" \/>\n<link rel=\"canonical\" href=\"https:\/\/aeronoticias.com.pe\/noticiero\/politica\/expulsan-a-militante-de-peru-posible-por-filiacion-con-movadef\/\" \/>\n<meta property=\"og:locale\" content=\"es_ES\" \/>\n<meta property=\"og:type\" content=\"article\" \/>\n<meta property=\"og:title\" content=\"Expulsan a militante de Per\u00fa Posible por filiaci\u00f3n con Movadef\" \/>\n<meta property=\"og:description\" content=\"Portal de noticias del Per\u00fa sobre el transporte a\u00e9reo, aviaci\u00f3n, turismo, hoteleria, actualidad.\" \/>\n<meta property=\"og:url\" content=\"https:\/\/aeronoticias.com.pe\/noticiero\/politica\/expulsan-a-militante-de-peru-posible-por-filiacion-con-movadef\/\" \/>\n<meta property=\"og:site_name\" content=\"Aeronoticias.com.pe\" \/>\n<meta property=\"article:publisher\" content=\"https:\/\/www.facebook.com\/Aeronoticias.com.pe\/\" \/>\n<meta property=\"article:published_time\" content=\"2012-01-16T15:15:02+00:00\" \/>\n<meta name=\"author\" content=\"Redacci\u00f3n Aeronoticias\" \/>\n<meta name=\"twitter:card\" content=\"summary_large_image\" \/>\n<meta name=\"twitter:creator\" content=\"@aeronoticias\" \/>\n<meta name=\"twitter:site\" content=\"@aeronoticias\" \/>\n<meta name=\"twitter:label1\" content=\"Escrito por\" \/>\n\t<meta name=\"twitter:data1\" content=\"Redacci\u00f3n Aeronoticias\" \/>\n\t<meta name=\"twitter:label2\" content=\"Tiempo de lectura\" \/>\n\t<meta name=\"twitter:data2\" content=\"1 minuto\" \/>\n<script type=\"application\/ld+json\" class=\"yoast-schema-graph\">{\"@context\":\"https:\/\/schema.org\",\"@graph\":[{\"@type\":\"WebPage\",\"@id\":\"https:\/\/aeronoticias.com.pe\/noticiero\/politica\/expulsan-a-militante-de-peru-posible-por-filiacion-con-movadef\/\",\"url\":\"https:\/\/aeronoticias.com.pe\/noticiero\/politica\/expulsan-a-militante-de-peru-posible-por-filiacion-con-movadef\/\",\"name\":\"Expulsan a militante de Per\u00fa Posible por filiaci\u00f3n con Movadef\",\"isPartOf\":{\"@id\":\"https:\/\/aeronoticias.com.pe\/noticiero\/#website\"},\"datePublished\":\"2012-01-16T15:15:02+00:00\",\"author\":{\"@id\":\"https:\/\/aeronoticias.com.pe\/noticiero\/#\/schema\/person\/fc1e5d578f4b62ba1cf7ac2bba1170a0\"},\"description\":\"Portal de noticias del Per\u00fa sobre el transporte a\u00e9reo, aviaci\u00f3n, turismo, hoteleria, actualidad.\",\"breadcrumb\":{\"@id\":\"https:\/\/aeronoticias.com.pe\/noticiero\/politica\/expulsan-a-militante-de-peru-posible-por-filiacion-con-movadef\/#breadcrumb\"},\"inLanguage\":\"es\",\"potentialAction\":[{\"@type\":\"ReadAction\",\"target\":[\"https:\/\/aeronoticias.com.pe\/noticiero\/politica\/expulsan-a-militante-de-peru-posible-por-filiacion-con-movadef\/\"]}]},{\"@type\":\"BreadcrumbList\",\"@id\":\"https:\/\/aeronoticias.com.pe\/noticiero\/politica\/expulsan-a-militante-de-peru-posible-por-filiacion-con-movadef\/#breadcrumb\",\"itemListElement\":[{\"@type\":\"ListItem\",\"position\":1,\"name\":\"Portada\",\"item\":\"https:\/\/aeronoticias.com.pe\/noticiero\/\"},{\"@type\":\"ListItem\",\"position\":2,\"name\":\"Expulsan a militante de Per\u00fa Posible por filiaci\u00f3n con Movadef\"}]},{\"@type\":\"WebSite\",\"@id\":\"https:\/\/aeronoticias.com.pe\/noticiero\/#website\",\"url\":\"https:\/\/aeronoticias.com.pe\/noticiero\/\",\"name\":\"Aeronoticias.com.pe\",\"description\":\"Noticias de tranporte aereo, turismo, hoteles, gastronomia, actualidad, internacional\",\"potentialAction\":[{\"@type\":\"SearchAction\",\"target\":{\"@type\":\"EntryPoint\",\"urlTemplate\":\"https:\/\/aeronoticias.com.pe\/noticiero\/?s={search_term_string}\"},\"query-input\":{\"@type\":\"PropertyValueSpecification\",\"valueRequired\":true,\"valueName\":\"search_term_string\"}}],\"inLanguage\":\"es\"},{\"@type\":\"Person\",\"@id\":\"https:\/\/aeronoticias.com.pe\/noticiero\/#\/schema\/person\/fc1e5d578f4b62ba1cf7ac2bba1170a0\",\"name\":\"Redacci\u00f3n Aeronoticias\",\"url\":\"https:\/\/aeronoticias.com.pe\/noticiero\/author\/piloto\/\"}]}<\/script>\n<!-- \/ Yoast SEO plugin. -->","yoast_head_json":{"title":"Expulsan a militante de Per\u00fa Posible por filiaci\u00f3n con Movadef","description":"Portal de noticias del Per\u00fa sobre el transporte a\u00e9reo, aviaci\u00f3n, turismo, hoteleria, actualidad.","robots":{"index":"index","follow":"follow","max-snippet":"max-snippet:-1","max-image-preview":"max-image-preview:large","max-video-preview":"max-video-preview:-1"},"canonical":"https:\/\/aeronoticias.com.pe\/noticiero\/politica\/expulsan-a-militante-de-peru-posible-por-filiacion-con-movadef\/","og_locale":"es_ES","og_type":"article","og_title":"Expulsan a militante de Per\u00fa Posible por filiaci\u00f3n con Movadef","og_description":"Portal de noticias del Per\u00fa sobre el transporte a\u00e9reo, aviaci\u00f3n, turismo, hoteleria, actualidad.","og_url":"https:\/\/aeronoticias.com.pe\/noticiero\/politica\/expulsan-a-militante-de-peru-posible-por-filiacion-con-movadef\/","og_site_name":"Aeronoticias.com.pe","article_publisher":"https:\/\/www.facebook.com\/Aeronoticias.com.pe\/","article_published_time":"2012-01-16T15:15:02+00:00","author":"Redacci\u00f3n Aeronoticias","twitter_card":"summary_large_image","twitter_creator":"@aeronoticias","twitter_site":"@aeronoticias","twitter_misc":{"Escrito por":"Redacci\u00f3n Aeronoticias","Tiempo de lectura":"1 minuto"},"schema":{"@context":"https:\/\/schema.org","@graph":[{"@type":"WebPage","@id":"https:\/\/aeronoticias.com.pe\/noticiero\/politica\/expulsan-a-militante-de-peru-posible-por-filiacion-con-movadef\/","url":"https:\/\/aeronoticias.com.pe\/noticiero\/politica\/expulsan-a-militante-de-peru-posible-por-filiacion-con-movadef\/","name":"Expulsan a militante de Per\u00fa Posible por filiaci\u00f3n con Movadef","isPartOf":{"@id":"https:\/\/aeronoticias.com.pe\/noticiero\/#website"},"datePublished":"2012-01-16T15:15:02+00:00","author":{"@id":"https:\/\/aeronoticias.com.pe\/noticiero\/#\/schema\/person\/fc1e5d578f4b62ba1cf7ac2bba1170a0"},"description":"Portal de noticias del Per\u00fa sobre el transporte a\u00e9reo, aviaci\u00f3n, turismo, hoteleria, actualidad.","breadcrumb":{"@id":"https:\/\/aeronoticias.com.pe\/noticiero\/politica\/expulsan-a-militante-de-peru-posible-por-filiacion-con-movadef\/#breadcrumb"},"inLanguage":"es","potentialAction":[{"@type":"ReadAction","target":["https:\/\/aeronoticias.com.pe\/noticiero\/politica\/expulsan-a-militante-de-peru-posible-por-filiacion-con-movadef\/"]}]},{"@type":"BreadcrumbList","@id":"https:\/\/aeronoticias.com.pe\/noticiero\/politica\/expulsan-a-militante-de-peru-posible-por-filiacion-con-movadef\/#breadcrumb","itemListElement":[{"@type":"ListItem","position":1,"name":"Portada","item":"https:\/\/aeronoticias.com.pe\/noticiero\/"},{"@type":"ListItem","position":2,"name":"Expulsan a militante de Per\u00fa Posible por filiaci\u00f3n con Movadef"}]},{"@type":"WebSite","@id":"https:\/\/aeronoticias.com.pe\/noticiero\/#website","url":"https:\/\/aeronoticias.com.pe\/noticiero\/","name":"Aeronoticias.com.pe","description":"Noticias de tranporte aereo, turismo, hoteles, gastronomia, actualidad, internacional","potentialAction":[{"@type":"SearchAction","target":{"@type":"EntryPoint","urlTemplate":"https:\/\/aeronoticias.com.pe\/noticiero\/?s={search_term_string}"},"query-input":{"@type":"PropertyValueSpecification","valueRequired":true,"valueName":"search_term_string"}}],"inLanguage":"es"},{"@type":"Person","@id":"https:\/\/aeronoticias.com.pe\/noticiero\/#\/schema\/person\/fc1e5d578f4b62ba1cf7ac2bba1170a0","name":"Redacci\u00f3n Aeronoticias","url":"https:\/\/aeronoticias.com.pe\/noticiero\/author\/piloto\/"}]}},"_links":{"self":[{"href":"https:\/\/aeronoticias.com.pe\/noticiero\/wp-json\/wp\/v2\/posts\/22414","targetHints":{"allow":["GET"]}}],"collection":[{"href":"https:\/\/aeronoticias.com.pe\/noticiero\/wp-json\/wp\/v2\/posts"}],"about":[{"href":"https:\/\/aeronoticias.com.pe\/noticiero\/wp-json\/wp\/v2\/types\/post"}],"author":[{"embeddable":true,"href":"https:\/\/aeronoticias.com.pe\/noticiero\/wp-json\/wp\/v2\/users\/1"}],"replies":[{"embeddable":true,"href":"https:\/\/aeronoticias.com.pe\/noticiero\/wp-json\/wp\/v2\/comments?post=22414"}],"version-history":[{"count":0,"href":"https:\/\/aeronoticias.com.pe\/noticiero\/wp-json\/wp\/v2\/posts\/22414\/revisions"}],"wp:attachment":[{"href":"https:\/\/aeronoticias.com.pe\/noticiero\/wp-json\/wp\/v2\/media?parent=22414"}],"wp:term":[{"taxonomy":"category","embeddable":true,"href":"https:\/\/aeronoticias.com.pe\/noticiero\/wp-json\/wp\/v2\/categories?post=22414"},{"taxonomy":"post_tag","embeddable":true,"href":"https:\/\/aeronoticias.com.pe\/noticiero\/wp-json\/wp\/v2\/tags?post=22414"}],"curies":[{"name":"wp","href":"https:\/\/api.w.org\/{rel}","templated":true}]}}