{"id":22415,"date":"2012-01-16T15:20:35","date_gmt":"2012-01-16T15:20:35","guid":{"rendered":"http:\/\/desarrollo.mcvicious.com\/aero2020\/2012\/01\/16\/presidente-humala-fungio-de-copiloto-junto-a-campeon-de-dakar-stephane-peterhansel\/"},"modified":"2012-01-16T15:20:35","modified_gmt":"2012-01-16T15:20:35","slug":"presidente-humala-fungio-de-copiloto-junto-a-campeon-de-dakar-stephane-peterhansel","status":"publish","type":"post","link":"https:\/\/aeronoticias.com.pe\/noticiero\/nacionales\/presidente-humala-fungio-de-copiloto-junto-a-campeon-de-dakar-stephane-peterhansel\/","title":{"rendered":"Presidente Humala fungi\u00f3 de copiloto junto a campe\u00f3n de Dakar St\u00e9phane Peterhansel"},"content":{"rendered":"<p style=\"text-align: justify;\"><strong>(Aeronoticias).-<\/strong> El Presidente de la Rep\u00fablica, Ollanta Humala, asisti\u00f3 a la ceremonia de clausura del Raly Dakar 2012 que se realiz\u00f3 en la Plaza de Armas de Lima. El mandatario ingres\u00f3 a la camioneta del campe\u00f3n del Dakar St\u00e9phane Peterhansel.<\/p>\n<p style=\"text-align: justify;\">\u201cEs importante la experiencia de ahora del Per\u00fa que recibe el Dakar y este es un mensaje para que no sea la \u00faltima vez, sino el inicio para que m\u00e1s competencias de car\u00e1cter internacional que permitan abrir el Per\u00fa al mundo\u201d, declar\u00f3 en exclusiva para RPP a su salida de la camioneta del campe\u00f3n.<\/p>\n<p style=\"text-align: justify;\">El jefe de Estado \u00a0habl\u00f3 sobre el coche al cual ingres\u00f3 que \u201ces un carrito peculiar, tiene una serie de GPS y n\u00fameros\u201d.<\/p>\n<p>  <!--more-->  <\/p>\n<p style=\"text-align: justify;\"><img decoding=\"async\" src=\"images\/stories\/12\/01\/160112\/presidente_peru_humala_dakar_2012.jpg\" border=\"0\" alt=\"Presidente Humala fungi\u00f3 de copiloto junto a campe\u00f3n de Dakar St\u00e9phane Peterhansel\" title=\"Presidente Humala fungi\u00f3 de copiloto junto a campe\u00f3n de Dakar St\u00e9phane Peterhansel\" \/><\/p>\n","protected":false},"excerpt":{"rendered":"<p>(Aeronoticias).- El Presidente de la Rep\u00fablica, Ollanta Humala, asisti\u00f3 a la ceremonia de clausura del Raly Dakar 2012 que se realiz\u00f3 en la Plaza de Armas de Lima. El mandatario ingres\u00f3 a la camioneta del campe\u00f3n del Dakar St\u00e9phane Peterhansel. \u201cEs importante la experiencia de ahora del Per\u00fa que recibe el Dakar y este es [&hellip;]<\/p>\n","protected":false},"author":1,"featured_media":0,"comment_status":"open","ping_status":"open","sticky":false,"template":"","format":"standard","meta":{"tdm_status":"","tdm_grid_status":"","footnotes":""},"categories":[38],"tags":[],"class_list":{"0":"post-22415","1":"post","2":"type-post","3":"status-publish","4":"format-standard","6":"category-nacionales"},"yoast_head":"<!-- This site is optimized with the Yoast SEO plugin v25.1 - https:\/\/yoast.com\/wordpress\/plugins\/seo\/ -->\n<title>Presidente Humala fungi\u00f3 de copiloto junto a campe\u00f3n de Dakar St\u00e9phane Peterhansel<\/title>\n<meta name=\"description\" content=\"Portal de noticias del Per\u00fa sobre el transporte a\u00e9reo, aviaci\u00f3n, turismo, hoteleria, actualidad.\" \/>\n<meta name=\"robots\" content=\"index, follow, max-snippet:-1, max-image-preview:large, max-video-preview:-1\" \/>\n<link rel=\"canonical\" href=\"https:\/\/aeronoticias.com.pe\/noticiero\/nacionales\/presidente-humala-fungio-de-copiloto-junto-a-campeon-de-dakar-stephane-peterhansel\/\" \/>\n<meta property=\"og:locale\" content=\"es_ES\" \/>\n<meta property=\"og:type\" content=\"article\" \/>\n<meta property=\"og:title\" content=\"Presidente Humala fungi\u00f3 de copiloto junto a campe\u00f3n de Dakar St\u00e9phane Peterhansel\" \/>\n<meta property=\"og:description\" content=\"Portal de noticias del Per\u00fa sobre el transporte a\u00e9reo, aviaci\u00f3n, turismo, hoteleria, actualidad.\" \/>\n<meta property=\"og:url\" content=\"https:\/\/aeronoticias.com.pe\/noticiero\/nacionales\/presidente-humala-fungio-de-copiloto-junto-a-campeon-de-dakar-stephane-peterhansel\/\" \/>\n<meta property=\"og:site_name\" content=\"Aeronoticias.com.pe\" \/>\n<meta property=\"article:publisher\" content=\"https:\/\/www.facebook.com\/Aeronoticias.com.pe\/\" \/>\n<meta property=\"article:published_time\" content=\"2012-01-16T15:20:35+00:00\" \/>\n<meta name=\"author\" content=\"Redacci\u00f3n Aeronoticias\" \/>\n<meta name=\"twitter:card\" content=\"summary_large_image\" \/>\n<meta name=\"twitter:creator\" content=\"@aeronoticias\" \/>\n<meta name=\"twitter:site\" content=\"@aeronoticias\" \/>\n<meta name=\"twitter:label1\" content=\"Escrito por\" \/>\n\t<meta name=\"twitter:data1\" content=\"Redacci\u00f3n Aeronoticias\" \/>\n\t<meta name=\"twitter:label2\" content=\"Tiempo de lectura\" \/>\n\t<meta name=\"twitter:data2\" content=\"1 minuto\" \/>\n<script type=\"application\/ld+json\" class=\"yoast-schema-graph\">{\"@context\":\"https:\/\/schema.org\",\"@graph\":[{\"@type\":\"WebPage\",\"@id\":\"https:\/\/aeronoticias.com.pe\/noticiero\/nacionales\/presidente-humala-fungio-de-copiloto-junto-a-campeon-de-dakar-stephane-peterhansel\/\",\"url\":\"https:\/\/aeronoticias.com.pe\/noticiero\/nacionales\/presidente-humala-fungio-de-copiloto-junto-a-campeon-de-dakar-stephane-peterhansel\/\",\"name\":\"Presidente Humala fungi\u00f3 de copiloto junto a campe\u00f3n de Dakar St\u00e9phane Peterhansel\",\"isPartOf\":{\"@id\":\"https:\/\/aeronoticias.com.pe\/noticiero\/#website\"},\"datePublished\":\"2012-01-16T15:20:35+00:00\",\"author\":{\"@id\":\"https:\/\/aeronoticias.com.pe\/noticiero\/#\/schema\/person\/fc1e5d578f4b62ba1cf7ac2bba1170a0\"},\"description\":\"Portal de noticias del Per\u00fa sobre el transporte a\u00e9reo, aviaci\u00f3n, turismo, hoteleria, actualidad.\",\"breadcrumb\":{\"@id\":\"https:\/\/aeronoticias.com.pe\/noticiero\/nacionales\/presidente-humala-fungio-de-copiloto-junto-a-campeon-de-dakar-stephane-peterhansel\/#breadcrumb\"},\"inLanguage\":\"es\",\"potentialAction\":[{\"@type\":\"ReadAction\",\"target\":[\"https:\/\/aeronoticias.com.pe\/noticiero\/nacionales\/presidente-humala-fungio-de-copiloto-junto-a-campeon-de-dakar-stephane-peterhansel\/\"]}]},{\"@type\":\"BreadcrumbList\",\"@id\":\"https:\/\/aeronoticias.com.pe\/noticiero\/nacionales\/presidente-humala-fungio-de-copiloto-junto-a-campeon-de-dakar-stephane-peterhansel\/#breadcrumb\",\"itemListElement\":[{\"@type\":\"ListItem\",\"position\":1,\"name\":\"Portada\",\"item\":\"https:\/\/aeronoticias.com.pe\/noticiero\/\"},{\"@type\":\"ListItem\",\"position\":2,\"name\":\"Presidente Humala fungi\u00f3 de copiloto junto a campe\u00f3n de Dakar St\u00e9phane Peterhansel\"}]},{\"@type\":\"WebSite\",\"@id\":\"https:\/\/aeronoticias.com.pe\/noticiero\/#website\",\"url\":\"https:\/\/aeronoticias.com.pe\/noticiero\/\",\"name\":\"Aeronoticias.com.pe\",\"description\":\"Noticias de tranporte aereo, turismo, hoteles, gastronomia, actualidad, internacional\",\"potentialAction\":[{\"@type\":\"SearchAction\",\"target\":{\"@type\":\"EntryPoint\",\"urlTemplate\":\"https:\/\/aeronoticias.com.pe\/noticiero\/?s={search_term_string}\"},\"query-input\":{\"@type\":\"PropertyValueSpecification\",\"valueRequired\":true,\"valueName\":\"search_term_string\"}}],\"inLanguage\":\"es\"},{\"@type\":\"Person\",\"@id\":\"https:\/\/aeronoticias.com.pe\/noticiero\/#\/schema\/person\/fc1e5d578f4b62ba1cf7ac2bba1170a0\",\"name\":\"Redacci\u00f3n Aeronoticias\",\"url\":\"https:\/\/aeronoticias.com.pe\/noticiero\/author\/piloto\/\"}]}<\/script>\n<!-- \/ Yoast SEO plugin. -->","yoast_head_json":{"title":"Presidente Humala fungi\u00f3 de copiloto junto a campe\u00f3n de Dakar St\u00e9phane Peterhansel","description":"Portal de noticias del Per\u00fa sobre el transporte a\u00e9reo, aviaci\u00f3n, turismo, hoteleria, actualidad.","robots":{"index":"index","follow":"follow","max-snippet":"max-snippet:-1","max-image-preview":"max-image-preview:large","max-video-preview":"max-video-preview:-1"},"canonical":"https:\/\/aeronoticias.com.pe\/noticiero\/nacionales\/presidente-humala-fungio-de-copiloto-junto-a-campeon-de-dakar-stephane-peterhansel\/","og_locale":"es_ES","og_type":"article","og_title":"Presidente Humala fungi\u00f3 de copiloto junto a campe\u00f3n de Dakar St\u00e9phane Peterhansel","og_description":"Portal de noticias del Per\u00fa sobre el transporte a\u00e9reo, aviaci\u00f3n, turismo, hoteleria, actualidad.","og_url":"https:\/\/aeronoticias.com.pe\/noticiero\/nacionales\/presidente-humala-fungio-de-copiloto-junto-a-campeon-de-dakar-stephane-peterhansel\/","og_site_name":"Aeronoticias.com.pe","article_publisher":"https:\/\/www.facebook.com\/Aeronoticias.com.pe\/","article_published_time":"2012-01-16T15:20:35+00:00","author":"Redacci\u00f3n Aeronoticias","twitter_card":"summary_large_image","twitter_creator":"@aeronoticias","twitter_site":"@aeronoticias","twitter_misc":{"Escrito por":"Redacci\u00f3n Aeronoticias","Tiempo de lectura":"1 minuto"},"schema":{"@context":"https:\/\/schema.org","@graph":[{"@type":"WebPage","@id":"https:\/\/aeronoticias.com.pe\/noticiero\/nacionales\/presidente-humala-fungio-de-copiloto-junto-a-campeon-de-dakar-stephane-peterhansel\/","url":"https:\/\/aeronoticias.com.pe\/noticiero\/nacionales\/presidente-humala-fungio-de-copiloto-junto-a-campeon-de-dakar-stephane-peterhansel\/","name":"Presidente Humala fungi\u00f3 de copiloto junto a campe\u00f3n de Dakar St\u00e9phane Peterhansel","isPartOf":{"@id":"https:\/\/aeronoticias.com.pe\/noticiero\/#website"},"datePublished":"2012-01-16T15:20:35+00:00","author":{"@id":"https:\/\/aeronoticias.com.pe\/noticiero\/#\/schema\/person\/fc1e5d578f4b62ba1cf7ac2bba1170a0"},"description":"Portal de noticias del Per\u00fa sobre el transporte a\u00e9reo, aviaci\u00f3n, turismo, hoteleria, actualidad.","breadcrumb":{"@id":"https:\/\/aeronoticias.com.pe\/noticiero\/nacionales\/presidente-humala-fungio-de-copiloto-junto-a-campeon-de-dakar-stephane-peterhansel\/#breadcrumb"},"inLanguage":"es","potentialAction":[{"@type":"ReadAction","target":["https:\/\/aeronoticias.com.pe\/noticiero\/nacionales\/presidente-humala-fungio-de-copiloto-junto-a-campeon-de-dakar-stephane-peterhansel\/"]}]},{"@type":"BreadcrumbList","@id":"https:\/\/aeronoticias.com.pe\/noticiero\/nacionales\/presidente-humala-fungio-de-copiloto-junto-a-campeon-de-dakar-stephane-peterhansel\/#breadcrumb","itemListElement":[{"@type":"ListItem","position":1,"name":"Portada","item":"https:\/\/aeronoticias.com.pe\/noticiero\/"},{"@type":"ListItem","position":2,"name":"Presidente Humala fungi\u00f3 de copiloto junto a campe\u00f3n de Dakar St\u00e9phane Peterhansel"}]},{"@type":"WebSite","@id":"https:\/\/aeronoticias.com.pe\/noticiero\/#website","url":"https:\/\/aeronoticias.com.pe\/noticiero\/","name":"Aeronoticias.com.pe","description":"Noticias de tranporte aereo, turismo, hoteles, gastronomia, actualidad, internacional","potentialAction":[{"@type":"SearchAction","target":{"@type":"EntryPoint","urlTemplate":"https:\/\/aeronoticias.com.pe\/noticiero\/?s={search_term_string}"},"query-input":{"@type":"PropertyValueSpecification","valueRequired":true,"valueName":"search_term_string"}}],"inLanguage":"es"},{"@type":"Person","@id":"https:\/\/aeronoticias.com.pe\/noticiero\/#\/schema\/person\/fc1e5d578f4b62ba1cf7ac2bba1170a0","name":"Redacci\u00f3n Aeronoticias","url":"https:\/\/aeronoticias.com.pe\/noticiero\/author\/piloto\/"}]}},"_links":{"self":[{"href":"https:\/\/aeronoticias.com.pe\/noticiero\/wp-json\/wp\/v2\/posts\/22415","targetHints":{"allow":["GET"]}}],"collection":[{"href":"https:\/\/aeronoticias.com.pe\/noticiero\/wp-json\/wp\/v2\/posts"}],"about":[{"href":"https:\/\/aeronoticias.com.pe\/noticiero\/wp-json\/wp\/v2\/types\/post"}],"author":[{"embeddable":true,"href":"https:\/\/aeronoticias.com.pe\/noticiero\/wp-json\/wp\/v2\/users\/1"}],"replies":[{"embeddable":true,"href":"https:\/\/aeronoticias.com.pe\/noticiero\/wp-json\/wp\/v2\/comments?post=22415"}],"version-history":[{"count":0,"href":"https:\/\/aeronoticias.com.pe\/noticiero\/wp-json\/wp\/v2\/posts\/22415\/revisions"}],"wp:attachment":[{"href":"https:\/\/aeronoticias.com.pe\/noticiero\/wp-json\/wp\/v2\/media?parent=22415"}],"wp:term":[{"taxonomy":"category","embeddable":true,"href":"https:\/\/aeronoticias.com.pe\/noticiero\/wp-json\/wp\/v2\/categories?post=22415"},{"taxonomy":"post_tag","embeddable":true,"href":"https:\/\/aeronoticias.com.pe\/noticiero\/wp-json\/wp\/v2\/tags?post=22415"}],"curies":[{"name":"wp","href":"https:\/\/api.w.org\/{rel}","templated":true}]}}