{"id":22420,"date":"2012-01-16T16:30:58","date_gmt":"2012-01-16T16:30:58","guid":{"rendered":"http:\/\/desarrollo.mcvicious.com\/aero2020\/2012\/01\/16\/air-europa-inicio-vuelos-de-codigo-compartido-con-delta-air-lines\/"},"modified":"2012-01-16T16:30:58","modified_gmt":"2012-01-16T16:30:58","slug":"air-europa-inicio-vuelos-de-codigo-compartido-con-delta-air-lines","status":"publish","type":"post","link":"https:\/\/aeronoticias.com.pe\/noticiero\/transporte-aereo\/internacional\/air-europa-inicio-vuelos-de-codigo-compartido-con-delta-air-lines\/","title":{"rendered":"Air Europa inici\u00f3 vuelos de c\u00f3digo compartido con Delta Air Lines"},"content":{"rendered":"<p style=\"text-align: justify;\"><strong>(Aeronoticias).-<\/strong> Air Europa y Delta Air Lines iniciaron el jueves un acuerdo de c\u00f3digo compartido para vuelos trasatl\u00e1nticos entre Madrid y Nueva York, que permitir\u00e1 conexi\u00f3n con cuatro ciudades espa\u00f1olas y que, en el caso de los pasajeros de la aerol\u00ednea espa\u00f1ola, conectar\u00e1 en Nueva York-JFK hacia Orlando, Las Vegas, Los \u00c1ngeles, San Francisco y Fort Lauderdale.<\/p>\n<p>Por su parte, los pasajeros que arriben a Madrid podr\u00e1n proseguir hacia destinos tan populares como Barcelona, Las Palmas, Mallorca y Vigo. \u201cEste acuerdo que comenzamos hoy con Air Europa ampl\u00eda las opciones de elecci\u00f3n para los pasajeros de las dos aerol\u00edneas\u201d, destac\u00f3 Perry Cantarutti, vicepresidente senior de Delta para Europa, Oriente Medio y \u00c1frica. \u201cEn Delta estamos encantados de entrar en este c\u00f3digo compartido con Air Europa\u201d, subray\u00f3.<\/p>\n<p>  <!--more-->  <\/p>\n<p style=\"text-align: justify;\">Por su parte, Jos\u00e9 Mar\u00eda Hoyos, subdirector general de Air Europa, dijo que \u201ceste convenio permitir\u00e1 a los pasajeros de Air Europa gozar de unas buenas conexiones para llegar a diversos puntos de los Estados Unidos a trav\u00e9s de Nueva York y suponen un gran paso adelante en la expansi\u00f3n de la cooperaci\u00f3n con Delta, compa\u00f1\u00eda que es, como la nuestra, socia de la alianza SkyTeam, y una de las aerol\u00edneas l\u00edderes en el mundo\u201d.<\/p>\n<p>Los vuelos de Delta entre Espa\u00f1a y Estados Unidos est\u00e1n disponibles a trav\u00e9s de las agencias de viajes, Delta y el equipo de Air France y KLM que se encarga de las reservas en espa\u00f1ol en el 900 800 743 o a trav\u00e9s de la web delta.com o airfrance.fr. Las reservas para los vuelos de Air Europa entre Espa\u00f1a y Estados Unidos se pueden hacer en el 902 401 501 o a trav\u00e9s de la web aireuropa.com. Fuente: www.caribbeannewsdigital.com<\/p>\n<p style=\"text-align: justify;\"><img decoding=\"async\" src=\"images\/stories\/12\/01\/160112\/delta_codigo_compartido.jpg\" border=\"0\" alt=\"Air Europa inici\u00f3 vuelos de c\u00f3digo compartido con Delta Air Lines\" title=\"Air Europa inici\u00f3 vuelos de c\u00f3digo compartido con Delta Air Lines\" \/><\/p>\n","protected":false},"excerpt":{"rendered":"<p>(Aeronoticias).- Air Europa y Delta Air Lines iniciaron el jueves un acuerdo de c\u00f3digo compartido para vuelos trasatl\u00e1nticos entre Madrid y Nueva York, que permitir\u00e1 conexi\u00f3n con cuatro ciudades espa\u00f1olas y que, en el caso de los pasajeros de la aerol\u00ednea espa\u00f1ola, conectar\u00e1 en Nueva York-JFK hacia Orlando, Las Vegas, Los \u00c1ngeles, San Francisco y [&hellip;]<\/p>\n","protected":false},"author":1,"featured_media":0,"comment_status":"open","ping_status":"open","sticky":false,"template":"","format":"standard","meta":{"tdm_status":"","tdm_grid_status":"","footnotes":""},"categories":[32],"tags":[],"class_list":{"0":"post-22420","1":"post","2":"type-post","3":"status-publish","4":"format-standard","6":"category-internacional"},"yoast_head":"<!-- This site is optimized with the Yoast SEO plugin v25.1 - https:\/\/yoast.com\/wordpress\/plugins\/seo\/ -->\n<title>Air Europa inici\u00f3 vuelos de c\u00f3digo compartido con Delta Air Lines<\/title>\n<meta name=\"description\" content=\"Portal de noticias del Per\u00fa sobre el transporte a\u00e9reo, aviaci\u00f3n, turismo, hoteleria, actualidad.\" \/>\n<meta name=\"robots\" content=\"index, follow, max-snippet:-1, max-image-preview:large, max-video-preview:-1\" \/>\n<link rel=\"canonical\" href=\"https:\/\/aeronoticias.com.pe\/noticiero\/transporte-aereo\/internacional\/air-europa-inicio-vuelos-de-codigo-compartido-con-delta-air-lines\/\" \/>\n<meta property=\"og:locale\" content=\"es_ES\" \/>\n<meta property=\"og:type\" content=\"article\" \/>\n<meta property=\"og:title\" content=\"Air Europa inici\u00f3 vuelos de c\u00f3digo compartido con Delta Air Lines\" \/>\n<meta property=\"og:description\" content=\"Portal de noticias del Per\u00fa sobre el transporte a\u00e9reo, aviaci\u00f3n, turismo, hoteleria, actualidad.\" \/>\n<meta property=\"og:url\" content=\"https:\/\/aeronoticias.com.pe\/noticiero\/transporte-aereo\/internacional\/air-europa-inicio-vuelos-de-codigo-compartido-con-delta-air-lines\/\" \/>\n<meta property=\"og:site_name\" content=\"Aeronoticias.com.pe\" \/>\n<meta property=\"article:publisher\" content=\"https:\/\/www.facebook.com\/Aeronoticias.com.pe\/\" \/>\n<meta property=\"article:published_time\" content=\"2012-01-16T16:30:58+00:00\" \/>\n<meta name=\"author\" content=\"Redacci\u00f3n Aeronoticias\" \/>\n<meta name=\"twitter:card\" content=\"summary_large_image\" \/>\n<meta name=\"twitter:creator\" content=\"@aeronoticias\" \/>\n<meta name=\"twitter:site\" content=\"@aeronoticias\" \/>\n<meta name=\"twitter:label1\" content=\"Escrito por\" \/>\n\t<meta name=\"twitter:data1\" content=\"Redacci\u00f3n Aeronoticias\" \/>\n\t<meta name=\"twitter:label2\" content=\"Tiempo de lectura\" \/>\n\t<meta name=\"twitter:data2\" content=\"2 minutos\" \/>\n<script type=\"application\/ld+json\" class=\"yoast-schema-graph\">{\"@context\":\"https:\/\/schema.org\",\"@graph\":[{\"@type\":\"WebPage\",\"@id\":\"https:\/\/aeronoticias.com.pe\/noticiero\/transporte-aereo\/internacional\/air-europa-inicio-vuelos-de-codigo-compartido-con-delta-air-lines\/\",\"url\":\"https:\/\/aeronoticias.com.pe\/noticiero\/transporte-aereo\/internacional\/air-europa-inicio-vuelos-de-codigo-compartido-con-delta-air-lines\/\",\"name\":\"Air Europa inici\u00f3 vuelos de c\u00f3digo compartido con Delta Air Lines\",\"isPartOf\":{\"@id\":\"https:\/\/aeronoticias.com.pe\/noticiero\/#website\"},\"datePublished\":\"2012-01-16T16:30:58+00:00\",\"author\":{\"@id\":\"https:\/\/aeronoticias.com.pe\/noticiero\/#\/schema\/person\/fc1e5d578f4b62ba1cf7ac2bba1170a0\"},\"description\":\"Portal de noticias del Per\u00fa sobre el transporte a\u00e9reo, aviaci\u00f3n, turismo, hoteleria, actualidad.\",\"breadcrumb\":{\"@id\":\"https:\/\/aeronoticias.com.pe\/noticiero\/transporte-aereo\/internacional\/air-europa-inicio-vuelos-de-codigo-compartido-con-delta-air-lines\/#breadcrumb\"},\"inLanguage\":\"es\",\"potentialAction\":[{\"@type\":\"ReadAction\",\"target\":[\"https:\/\/aeronoticias.com.pe\/noticiero\/transporte-aereo\/internacional\/air-europa-inicio-vuelos-de-codigo-compartido-con-delta-air-lines\/\"]}]},{\"@type\":\"BreadcrumbList\",\"@id\":\"https:\/\/aeronoticias.com.pe\/noticiero\/transporte-aereo\/internacional\/air-europa-inicio-vuelos-de-codigo-compartido-con-delta-air-lines\/#breadcrumb\",\"itemListElement\":[{\"@type\":\"ListItem\",\"position\":1,\"name\":\"Portada\",\"item\":\"https:\/\/aeronoticias.com.pe\/noticiero\/\"},{\"@type\":\"ListItem\",\"position\":2,\"name\":\"Air Europa inici\u00f3 vuelos de c\u00f3digo compartido con Delta Air Lines\"}]},{\"@type\":\"WebSite\",\"@id\":\"https:\/\/aeronoticias.com.pe\/noticiero\/#website\",\"url\":\"https:\/\/aeronoticias.com.pe\/noticiero\/\",\"name\":\"Aeronoticias.com.pe\",\"description\":\"Noticias de tranporte aereo, turismo, hoteles, gastronomia, actualidad, internacional\",\"potentialAction\":[{\"@type\":\"SearchAction\",\"target\":{\"@type\":\"EntryPoint\",\"urlTemplate\":\"https:\/\/aeronoticias.com.pe\/noticiero\/?s={search_term_string}\"},\"query-input\":{\"@type\":\"PropertyValueSpecification\",\"valueRequired\":true,\"valueName\":\"search_term_string\"}}],\"inLanguage\":\"es\"},{\"@type\":\"Person\",\"@id\":\"https:\/\/aeronoticias.com.pe\/noticiero\/#\/schema\/person\/fc1e5d578f4b62ba1cf7ac2bba1170a0\",\"name\":\"Redacci\u00f3n Aeronoticias\",\"url\":\"https:\/\/aeronoticias.com.pe\/noticiero\/author\/piloto\/\"}]}<\/script>\n<!-- \/ Yoast SEO plugin. -->","yoast_head_json":{"title":"Air Europa inici\u00f3 vuelos de c\u00f3digo compartido con Delta Air Lines","description":"Portal de noticias del Per\u00fa sobre el transporte a\u00e9reo, aviaci\u00f3n, turismo, hoteleria, actualidad.","robots":{"index":"index","follow":"follow","max-snippet":"max-snippet:-1","max-image-preview":"max-image-preview:large","max-video-preview":"max-video-preview:-1"},"canonical":"https:\/\/aeronoticias.com.pe\/noticiero\/transporte-aereo\/internacional\/air-europa-inicio-vuelos-de-codigo-compartido-con-delta-air-lines\/","og_locale":"es_ES","og_type":"article","og_title":"Air Europa inici\u00f3 vuelos de c\u00f3digo compartido con Delta Air Lines","og_description":"Portal de noticias del Per\u00fa sobre el transporte a\u00e9reo, aviaci\u00f3n, turismo, hoteleria, actualidad.","og_url":"https:\/\/aeronoticias.com.pe\/noticiero\/transporte-aereo\/internacional\/air-europa-inicio-vuelos-de-codigo-compartido-con-delta-air-lines\/","og_site_name":"Aeronoticias.com.pe","article_publisher":"https:\/\/www.facebook.com\/Aeronoticias.com.pe\/","article_published_time":"2012-01-16T16:30:58+00:00","author":"Redacci\u00f3n Aeronoticias","twitter_card":"summary_large_image","twitter_creator":"@aeronoticias","twitter_site":"@aeronoticias","twitter_misc":{"Escrito por":"Redacci\u00f3n Aeronoticias","Tiempo de lectura":"2 minutos"},"schema":{"@context":"https:\/\/schema.org","@graph":[{"@type":"WebPage","@id":"https:\/\/aeronoticias.com.pe\/noticiero\/transporte-aereo\/internacional\/air-europa-inicio-vuelos-de-codigo-compartido-con-delta-air-lines\/","url":"https:\/\/aeronoticias.com.pe\/noticiero\/transporte-aereo\/internacional\/air-europa-inicio-vuelos-de-codigo-compartido-con-delta-air-lines\/","name":"Air Europa inici\u00f3 vuelos de c\u00f3digo compartido con Delta Air Lines","isPartOf":{"@id":"https:\/\/aeronoticias.com.pe\/noticiero\/#website"},"datePublished":"2012-01-16T16:30:58+00:00","author":{"@id":"https:\/\/aeronoticias.com.pe\/noticiero\/#\/schema\/person\/fc1e5d578f4b62ba1cf7ac2bba1170a0"},"description":"Portal de noticias del Per\u00fa sobre el transporte a\u00e9reo, aviaci\u00f3n, turismo, hoteleria, actualidad.","breadcrumb":{"@id":"https:\/\/aeronoticias.com.pe\/noticiero\/transporte-aereo\/internacional\/air-europa-inicio-vuelos-de-codigo-compartido-con-delta-air-lines\/#breadcrumb"},"inLanguage":"es","potentialAction":[{"@type":"ReadAction","target":["https:\/\/aeronoticias.com.pe\/noticiero\/transporte-aereo\/internacional\/air-europa-inicio-vuelos-de-codigo-compartido-con-delta-air-lines\/"]}]},{"@type":"BreadcrumbList","@id":"https:\/\/aeronoticias.com.pe\/noticiero\/transporte-aereo\/internacional\/air-europa-inicio-vuelos-de-codigo-compartido-con-delta-air-lines\/#breadcrumb","itemListElement":[{"@type":"ListItem","position":1,"name":"Portada","item":"https:\/\/aeronoticias.com.pe\/noticiero\/"},{"@type":"ListItem","position":2,"name":"Air Europa inici\u00f3 vuelos de c\u00f3digo compartido con Delta Air Lines"}]},{"@type":"WebSite","@id":"https:\/\/aeronoticias.com.pe\/noticiero\/#website","url":"https:\/\/aeronoticias.com.pe\/noticiero\/","name":"Aeronoticias.com.pe","description":"Noticias de tranporte aereo, turismo, hoteles, gastronomia, actualidad, internacional","potentialAction":[{"@type":"SearchAction","target":{"@type":"EntryPoint","urlTemplate":"https:\/\/aeronoticias.com.pe\/noticiero\/?s={search_term_string}"},"query-input":{"@type":"PropertyValueSpecification","valueRequired":true,"valueName":"search_term_string"}}],"inLanguage":"es"},{"@type":"Person","@id":"https:\/\/aeronoticias.com.pe\/noticiero\/#\/schema\/person\/fc1e5d578f4b62ba1cf7ac2bba1170a0","name":"Redacci\u00f3n Aeronoticias","url":"https:\/\/aeronoticias.com.pe\/noticiero\/author\/piloto\/"}]}},"_links":{"self":[{"href":"https:\/\/aeronoticias.com.pe\/noticiero\/wp-json\/wp\/v2\/posts\/22420","targetHints":{"allow":["GET"]}}],"collection":[{"href":"https:\/\/aeronoticias.com.pe\/noticiero\/wp-json\/wp\/v2\/posts"}],"about":[{"href":"https:\/\/aeronoticias.com.pe\/noticiero\/wp-json\/wp\/v2\/types\/post"}],"author":[{"embeddable":true,"href":"https:\/\/aeronoticias.com.pe\/noticiero\/wp-json\/wp\/v2\/users\/1"}],"replies":[{"embeddable":true,"href":"https:\/\/aeronoticias.com.pe\/noticiero\/wp-json\/wp\/v2\/comments?post=22420"}],"version-history":[{"count":0,"href":"https:\/\/aeronoticias.com.pe\/noticiero\/wp-json\/wp\/v2\/posts\/22420\/revisions"}],"wp:attachment":[{"href":"https:\/\/aeronoticias.com.pe\/noticiero\/wp-json\/wp\/v2\/media?parent=22420"}],"wp:term":[{"taxonomy":"category","embeddable":true,"href":"https:\/\/aeronoticias.com.pe\/noticiero\/wp-json\/wp\/v2\/categories?post=22420"},{"taxonomy":"post_tag","embeddable":true,"href":"https:\/\/aeronoticias.com.pe\/noticiero\/wp-json\/wp\/v2\/tags?post=22420"}],"curies":[{"name":"wp","href":"https:\/\/api.w.org\/{rel}","templated":true}]}}