{"id":22421,"date":"2012-01-16T16:35:56","date_gmt":"2012-01-16T16:35:56","guid":{"rendered":"http:\/\/desarrollo.mcvicious.com\/aero2020\/2012\/01\/16\/mincetur-confia-que-rally-dakar-se-iniciara-en-peru-el-2013\/"},"modified":"2012-01-16T16:35:56","modified_gmt":"2012-01-16T16:35:56","slug":"mincetur-confia-que-rally-dakar-se-iniciara-en-peru-el-2013","status":"publish","type":"post","link":"https:\/\/aeronoticias.com.pe\/noticiero\/turismo\/13\/mincetur-confia-que-rally-dakar-se-iniciara-en-peru-el-2013\/","title":{"rendered":"Mincetur confia que rally Dakar se iniciar\u00e1 en Per\u00fa el 2013"},"content":{"rendered":"<p style=\"text-align: justify;\"><strong>(Aeronoticias).-<\/strong> Existe un 95 por ciento de probabilidades de que el rally Dakar 2013 tenga como punto de inicio en Per\u00fa, luego que la edici\u00f3n correspondiente al presente a\u00f1o concluy\u00f3 en Lima, inform\u00f3 hoy el Ministerio de Comercio Exterior y Turismo (Mincetur).<\/p>\n<p style=\"text-align: justify;\">\u201cEstamos trabajando para convencer a los organizadores del Dakar para que empiece en Lima y ma\u00f1ana (martes) habr\u00e1 una reuni\u00f3n para negociar esa posibilidad\u201d, agreg\u00f3 el ministro de Comercio Exterior y Turismo, Jos\u00e9 Luis Silva.<\/p>\n<p style=\"text-align: justify;\">Indic\u00f3 que los representantes de la empresa ASO, organizadora del rally Dakar, quedaron m\u00e1s que maravillados por el trato brindado a los periodistas extranjeros y a los corredores en Per\u00fa.<\/p>\n<p>  <!--more-->  <\/p>\n<p style=\"text-align: justify;\">Agreg\u00f3 que los organizadores coincidieron en se\u00f1alar que el campamento que se instal\u00f3 en Arequipa fue el mejor de toda la historia del Dakar, que se realiz\u00f3 por primera vez en 1979 en la ruta Par\u00eds (Francia) \u2013 Dakar (Senegal).<\/p>\n<p style=\"text-align: justify;\">\u201cHay que felicitar a nuestros amigos arequipe\u00f1os, a la Comisi\u00f3n de Promoci\u00f3n del Per\u00fa para la Exportaci\u00f3n y el Turismo (Promper\u00fa), al Instituto Peruano del Deporte (IPD) y a todos los que de alguna manera han estado involucrados en la organizaci\u00f3n del Dakar\u201d, dijo a RPP Noticias.<\/p>\n<p style=\"text-align: justify;\">Detall\u00f3 que 60 instituciones peruanas trabajaron de manera conjunta en la organizaci\u00f3n del rally en el territorio nacional.<\/p>\n<p style=\"text-align: justify;\">Asimismo, manifest\u00f3 que durante la visita que inici\u00f3 hoy a Madrid (Espa\u00f1a) para participar en la Feria Internacional de Turismo (Fitur) pudo conversar con el ministro de Turismo de Argentina, Enrique Meyer, sobre la organizaci\u00f3n futura del evento.<\/p>\n<p style=\"text-align: justify;\">Mencion\u00f3 que la idea de ambas autoridades es que junto a Chile hagan una promoci\u00f3n conjunta del rally a nivel internacional para atraer m\u00e1s turistas extranjeros a sus respectivos pa\u00edses.<\/p>\n<p style=\"text-align: justify;\">Tambi\u00e9n indic\u00f3 que Fitur, que se realizar\u00e1 en Madrid del 18 al 22 de enero, es una oportunidad de hacer esta promoci\u00f3n conjunta del Dakar.<\/p>\n<p style=\"text-align: justify;\">\u201cEn esta feria, que es la m\u00e1s importante de turismo de Espa\u00f1a y del mundo, vamos a poder tomar contacto con tour operadores y gente relacionada al sector\u201d, subray\u00f3.<\/p>\n<p style=\"text-align: justify;\">Finalmente, asever\u00f3 que en Espa\u00f1a se inform\u00f3 que el rally Dakar 2012 fue visto por m\u00e1s de 1,300 millones de personas en el mundo, las cuales pudieron ver los paisajes de Per\u00fa.<\/p>\n<p style=\"text-align: justify;\">(FIN) EBS\/JPC<\/p>\n<p style=\"text-align: justify;\">Agencia Andina.<\/p>\n<p style=\"text-align: justify;\"><img decoding=\"async\" src=\"images\/stories\/12\/01\/160112\/dakar_peru_2013.jpg\" border=\"0\" alt=\"Mincetur confia que rally Dakar se iniciar\u00e1 en Per\u00fa el 2013\" title=\"Mincetur confia que rally Dakar se iniciar\u00e1 en Per\u00fa el 2013\" \/><\/p>\n","protected":false},"excerpt":{"rendered":"<p>(Aeronoticias).- Existe un 95 por ciento de probabilidades de que el rally Dakar 2013 tenga como punto de inicio en Per\u00fa, luego que la edici\u00f3n correspondiente al presente a\u00f1o concluy\u00f3 en Lima, inform\u00f3 hoy el Ministerio de Comercio Exterior y Turismo (Mincetur). \u201cEstamos trabajando para convencer a los organizadores del Dakar para que empiece en [&hellip;]<\/p>\n","protected":false},"author":1,"featured_media":0,"comment_status":"open","ping_status":"open","sticky":false,"template":"","format":"standard","meta":{"tdm_status":"","tdm_grid_status":"","footnotes":""},"categories":[31],"tags":[],"class_list":{"0":"post-22421","1":"post","2":"type-post","3":"status-publish","4":"format-standard","6":"category-31"},"yoast_head":"<!-- This site is optimized with the Yoast SEO plugin v25.1 - https:\/\/yoast.com\/wordpress\/plugins\/seo\/ -->\n<title>Mincetur confia que rally Dakar se iniciar\u00e1 en Per\u00fa el 2013<\/title>\n<meta name=\"description\" content=\"Portal de noticias del Per\u00fa sobre el transporte a\u00e9reo, aviaci\u00f3n, turismo, hoteleria, actualidad.\" \/>\n<meta name=\"robots\" content=\"index, follow, max-snippet:-1, max-image-preview:large, max-video-preview:-1\" \/>\n<link rel=\"canonical\" href=\"https:\/\/aeronoticias.com.pe\/noticiero\/turismo\/13\/mincetur-confia-que-rally-dakar-se-iniciara-en-peru-el-2013\/\" \/>\n<meta property=\"og:locale\" content=\"es_ES\" \/>\n<meta property=\"og:type\" content=\"article\" \/>\n<meta property=\"og:title\" content=\"Mincetur confia que rally Dakar se iniciar\u00e1 en Per\u00fa el 2013\" \/>\n<meta property=\"og:description\" content=\"Portal de noticias del Per\u00fa sobre el transporte a\u00e9reo, aviaci\u00f3n, turismo, hoteleria, actualidad.\" \/>\n<meta property=\"og:url\" content=\"https:\/\/aeronoticias.com.pe\/noticiero\/turismo\/13\/mincetur-confia-que-rally-dakar-se-iniciara-en-peru-el-2013\/\" \/>\n<meta property=\"og:site_name\" content=\"Aeronoticias.com.pe\" \/>\n<meta property=\"article:publisher\" content=\"https:\/\/www.facebook.com\/Aeronoticias.com.pe\/\" \/>\n<meta property=\"article:published_time\" content=\"2012-01-16T16:35:56+00:00\" \/>\n<meta name=\"author\" content=\"Redacci\u00f3n Aeronoticias\" \/>\n<meta name=\"twitter:card\" content=\"summary_large_image\" \/>\n<meta name=\"twitter:creator\" content=\"@aeronoticias\" \/>\n<meta name=\"twitter:site\" content=\"@aeronoticias\" \/>\n<meta name=\"twitter:label1\" content=\"Escrito por\" \/>\n\t<meta name=\"twitter:data1\" content=\"Redacci\u00f3n Aeronoticias\" \/>\n\t<meta name=\"twitter:label2\" content=\"Tiempo de lectura\" \/>\n\t<meta name=\"twitter:data2\" content=\"2 minutos\" \/>\n<script type=\"application\/ld+json\" class=\"yoast-schema-graph\">{\"@context\":\"https:\/\/schema.org\",\"@graph\":[{\"@type\":\"WebPage\",\"@id\":\"https:\/\/aeronoticias.com.pe\/noticiero\/turismo\/13\/mincetur-confia-que-rally-dakar-se-iniciara-en-peru-el-2013\/\",\"url\":\"https:\/\/aeronoticias.com.pe\/noticiero\/turismo\/13\/mincetur-confia-que-rally-dakar-se-iniciara-en-peru-el-2013\/\",\"name\":\"Mincetur confia que rally Dakar se iniciar\u00e1 en Per\u00fa el 2013\",\"isPartOf\":{\"@id\":\"https:\/\/aeronoticias.com.pe\/noticiero\/#website\"},\"datePublished\":\"2012-01-16T16:35:56+00:00\",\"author\":{\"@id\":\"https:\/\/aeronoticias.com.pe\/noticiero\/#\/schema\/person\/fc1e5d578f4b62ba1cf7ac2bba1170a0\"},\"description\":\"Portal de noticias del Per\u00fa sobre el transporte a\u00e9reo, aviaci\u00f3n, turismo, hoteleria, actualidad.\",\"breadcrumb\":{\"@id\":\"https:\/\/aeronoticias.com.pe\/noticiero\/turismo\/13\/mincetur-confia-que-rally-dakar-se-iniciara-en-peru-el-2013\/#breadcrumb\"},\"inLanguage\":\"es\",\"potentialAction\":[{\"@type\":\"ReadAction\",\"target\":[\"https:\/\/aeronoticias.com.pe\/noticiero\/turismo\/13\/mincetur-confia-que-rally-dakar-se-iniciara-en-peru-el-2013\/\"]}]},{\"@type\":\"BreadcrumbList\",\"@id\":\"https:\/\/aeronoticias.com.pe\/noticiero\/turismo\/13\/mincetur-confia-que-rally-dakar-se-iniciara-en-peru-el-2013\/#breadcrumb\",\"itemListElement\":[{\"@type\":\"ListItem\",\"position\":1,\"name\":\"Portada\",\"item\":\"https:\/\/aeronoticias.com.pe\/noticiero\/\"},{\"@type\":\"ListItem\",\"position\":2,\"name\":\"Mincetur confia que rally Dakar se iniciar\u00e1 en Per\u00fa el 2013\"}]},{\"@type\":\"WebSite\",\"@id\":\"https:\/\/aeronoticias.com.pe\/noticiero\/#website\",\"url\":\"https:\/\/aeronoticias.com.pe\/noticiero\/\",\"name\":\"Aeronoticias.com.pe\",\"description\":\"Noticias de tranporte aereo, turismo, hoteles, gastronomia, actualidad, internacional\",\"potentialAction\":[{\"@type\":\"SearchAction\",\"target\":{\"@type\":\"EntryPoint\",\"urlTemplate\":\"https:\/\/aeronoticias.com.pe\/noticiero\/?s={search_term_string}\"},\"query-input\":{\"@type\":\"PropertyValueSpecification\",\"valueRequired\":true,\"valueName\":\"search_term_string\"}}],\"inLanguage\":\"es\"},{\"@type\":\"Person\",\"@id\":\"https:\/\/aeronoticias.com.pe\/noticiero\/#\/schema\/person\/fc1e5d578f4b62ba1cf7ac2bba1170a0\",\"name\":\"Redacci\u00f3n Aeronoticias\",\"url\":\"https:\/\/aeronoticias.com.pe\/noticiero\/author\/piloto\/\"}]}<\/script>\n<!-- \/ Yoast SEO plugin. -->","yoast_head_json":{"title":"Mincetur confia que rally Dakar se iniciar\u00e1 en Per\u00fa el 2013","description":"Portal de noticias del Per\u00fa sobre el transporte a\u00e9reo, aviaci\u00f3n, turismo, hoteleria, actualidad.","robots":{"index":"index","follow":"follow","max-snippet":"max-snippet:-1","max-image-preview":"max-image-preview:large","max-video-preview":"max-video-preview:-1"},"canonical":"https:\/\/aeronoticias.com.pe\/noticiero\/turismo\/13\/mincetur-confia-que-rally-dakar-se-iniciara-en-peru-el-2013\/","og_locale":"es_ES","og_type":"article","og_title":"Mincetur confia que rally Dakar se iniciar\u00e1 en Per\u00fa el 2013","og_description":"Portal de noticias del Per\u00fa sobre el transporte a\u00e9reo, aviaci\u00f3n, turismo, hoteleria, actualidad.","og_url":"https:\/\/aeronoticias.com.pe\/noticiero\/turismo\/13\/mincetur-confia-que-rally-dakar-se-iniciara-en-peru-el-2013\/","og_site_name":"Aeronoticias.com.pe","article_publisher":"https:\/\/www.facebook.com\/Aeronoticias.com.pe\/","article_published_time":"2012-01-16T16:35:56+00:00","author":"Redacci\u00f3n Aeronoticias","twitter_card":"summary_large_image","twitter_creator":"@aeronoticias","twitter_site":"@aeronoticias","twitter_misc":{"Escrito por":"Redacci\u00f3n Aeronoticias","Tiempo de lectura":"2 minutos"},"schema":{"@context":"https:\/\/schema.org","@graph":[{"@type":"WebPage","@id":"https:\/\/aeronoticias.com.pe\/noticiero\/turismo\/13\/mincetur-confia-que-rally-dakar-se-iniciara-en-peru-el-2013\/","url":"https:\/\/aeronoticias.com.pe\/noticiero\/turismo\/13\/mincetur-confia-que-rally-dakar-se-iniciara-en-peru-el-2013\/","name":"Mincetur confia que rally Dakar se iniciar\u00e1 en Per\u00fa el 2013","isPartOf":{"@id":"https:\/\/aeronoticias.com.pe\/noticiero\/#website"},"datePublished":"2012-01-16T16:35:56+00:00","author":{"@id":"https:\/\/aeronoticias.com.pe\/noticiero\/#\/schema\/person\/fc1e5d578f4b62ba1cf7ac2bba1170a0"},"description":"Portal de noticias del Per\u00fa sobre el transporte a\u00e9reo, aviaci\u00f3n, turismo, hoteleria, actualidad.","breadcrumb":{"@id":"https:\/\/aeronoticias.com.pe\/noticiero\/turismo\/13\/mincetur-confia-que-rally-dakar-se-iniciara-en-peru-el-2013\/#breadcrumb"},"inLanguage":"es","potentialAction":[{"@type":"ReadAction","target":["https:\/\/aeronoticias.com.pe\/noticiero\/turismo\/13\/mincetur-confia-que-rally-dakar-se-iniciara-en-peru-el-2013\/"]}]},{"@type":"BreadcrumbList","@id":"https:\/\/aeronoticias.com.pe\/noticiero\/turismo\/13\/mincetur-confia-que-rally-dakar-se-iniciara-en-peru-el-2013\/#breadcrumb","itemListElement":[{"@type":"ListItem","position":1,"name":"Portada","item":"https:\/\/aeronoticias.com.pe\/noticiero\/"},{"@type":"ListItem","position":2,"name":"Mincetur confia que rally Dakar se iniciar\u00e1 en Per\u00fa el 2013"}]},{"@type":"WebSite","@id":"https:\/\/aeronoticias.com.pe\/noticiero\/#website","url":"https:\/\/aeronoticias.com.pe\/noticiero\/","name":"Aeronoticias.com.pe","description":"Noticias de tranporte aereo, turismo, hoteles, gastronomia, actualidad, internacional","potentialAction":[{"@type":"SearchAction","target":{"@type":"EntryPoint","urlTemplate":"https:\/\/aeronoticias.com.pe\/noticiero\/?s={search_term_string}"},"query-input":{"@type":"PropertyValueSpecification","valueRequired":true,"valueName":"search_term_string"}}],"inLanguage":"es"},{"@type":"Person","@id":"https:\/\/aeronoticias.com.pe\/noticiero\/#\/schema\/person\/fc1e5d578f4b62ba1cf7ac2bba1170a0","name":"Redacci\u00f3n Aeronoticias","url":"https:\/\/aeronoticias.com.pe\/noticiero\/author\/piloto\/"}]}},"_links":{"self":[{"href":"https:\/\/aeronoticias.com.pe\/noticiero\/wp-json\/wp\/v2\/posts\/22421","targetHints":{"allow":["GET"]}}],"collection":[{"href":"https:\/\/aeronoticias.com.pe\/noticiero\/wp-json\/wp\/v2\/posts"}],"about":[{"href":"https:\/\/aeronoticias.com.pe\/noticiero\/wp-json\/wp\/v2\/types\/post"}],"author":[{"embeddable":true,"href":"https:\/\/aeronoticias.com.pe\/noticiero\/wp-json\/wp\/v2\/users\/1"}],"replies":[{"embeddable":true,"href":"https:\/\/aeronoticias.com.pe\/noticiero\/wp-json\/wp\/v2\/comments?post=22421"}],"version-history":[{"count":0,"href":"https:\/\/aeronoticias.com.pe\/noticiero\/wp-json\/wp\/v2\/posts\/22421\/revisions"}],"wp:attachment":[{"href":"https:\/\/aeronoticias.com.pe\/noticiero\/wp-json\/wp\/v2\/media?parent=22421"}],"wp:term":[{"taxonomy":"category","embeddable":true,"href":"https:\/\/aeronoticias.com.pe\/noticiero\/wp-json\/wp\/v2\/categories?post=22421"},{"taxonomy":"post_tag","embeddable":true,"href":"https:\/\/aeronoticias.com.pe\/noticiero\/wp-json\/wp\/v2\/tags?post=22421"}],"curies":[{"name":"wp","href":"https:\/\/api.w.org\/{rel}","templated":true}]}}