{"id":22424,"date":"2012-01-16T16:44:46","date_gmt":"2012-01-16T16:44:46","guid":{"rendered":"http:\/\/desarrollo.mcvicious.com\/aero2020\/2012\/01\/16\/el-18-de-enero-se-daria-el-primer-apagon-de-internet\/"},"modified":"2012-01-16T16:44:46","modified_gmt":"2012-01-16T16:44:46","slug":"el-18-de-enero-se-daria-el-primer-apagon-de-internet","status":"publish","type":"post","link":"https:\/\/aeronoticias.com.pe\/noticiero\/27\/el-18-de-enero-se-daria-el-primer-apagon-de-internet\/","title":{"rendered":"El 18 de enero se dar\u00eda el primer apag\u00f3n de Internet"},"content":{"rendered":"<p style=\"text-align: justify;\"><strong>(Aeronoticias).-<\/strong> Para el 23 de enero se prepara un apag\u00f3n de Internet apoyado por algunas de las principales empresas en este rubro, como lo son Google, Facebook, Twitter, Amazon, eBay, entre otras.<\/p>\n<p>Siguiendo este ejemplo, Reddit, el sitio donde los usuarios pueden dejar enlaces a contenidos web, ha planteado una iniciativa similar para el 18 de enero, por 12 horas. \u00bfPor qu\u00e9 esa fecha? Porque es clave: ese mismo d\u00eda se llevar\u00e1 a cabo una Audiencia en la que expertos en la red se har\u00e1n escuchar y explicar\u00e1n por qu\u00e9 la est\u00e1n en contra de la ley SOPA (Stop Online Piracy Act), la regulaci\u00f3n que pretende bloquear el acceso a cualquier sitio web que infrinja derechos de autor y obligar\u00eda a los proveedores de acceso a Internet y a los buscadores a monitorear los contenidos.<\/p>\n<p>  <!--more-->  <\/p>\n<p style=\"text-align: justify;\">Wikipedia ya hizo eco de esta proposici\u00f3n. Su fundador, James Wales, se quiere unir a la protesta. \u201cEstoy a favor de ella (\u2026) Miraremos la forma de hacerlo a trav\u00e9s de un consenso sobre c\u00f3mo llevarlo a cabo. Es una gran idea. Pido a la comunidad que tome una decisi\u00f3n y vote sobre si protestamos o no, y debe ser pronto. No tenemos el lujo del tiempo que normalmente tendr\u00edamos en t\u00e9rminos de otro tipo de negociaci\u00f3n\u201d, afirm\u00f3, en declaraciones citadas por la web especializada alt1040.com.<\/p>\n<p>As\u00ed las cosas, al parecer habr\u00edan dos fechas para la \u2018desconexi\u00f3n\u2019: el 18 de enero y el 23 del mismo. El Congreso de Estados Unidos debatir\u00e1 la ley antipirater\u00eda un d\u00eda despu\u00e9s.<strong> <\/strong>Fuente: elcomercio.com.pe<\/p>\n<p style=\"text-align: justify;\"><img decoding=\"async\" src=\"images\/stories\/12\/01\/160112\/ley_sopa_peru.jpg\" border=\"0\" alt=\" El 18 de enero se dar\u00eda el primer apag\u00f3n de Internet \" title=\" El 18 de enero se dar\u00eda el primer apag\u00f3n de Internet \" \/><\/p>\n","protected":false},"excerpt":{"rendered":"<p>(Aeronoticias).- Para el 23 de enero se prepara un apag\u00f3n de Internet apoyado por algunas de las principales empresas en este rubro, como lo son Google, Facebook, Twitter, Amazon, eBay, entre otras. Siguiendo este ejemplo, Reddit, el sitio donde los usuarios pueden dejar enlaces a contenidos web, ha planteado una iniciativa similar para el 18 [&hellip;]<\/p>\n","protected":false},"author":1,"featured_media":0,"comment_status":"open","ping_status":"open","sticky":false,"template":"","format":"standard","meta":{"tdm_status":"","tdm_grid_status":"","footnotes":""},"categories":[35],"tags":[],"class_list":{"0":"post-22424","1":"post","2":"type-post","3":"status-publish","4":"format-standard","6":"category-35"},"yoast_head":"<!-- This site is optimized with the Yoast SEO plugin v25.1 - https:\/\/yoast.com\/wordpress\/plugins\/seo\/ -->\n<title>El 18 de enero se dar\u00eda el primer apag\u00f3n de Internet<\/title>\n<meta name=\"description\" content=\"Portal de noticias del Per\u00fa sobre el transporte a\u00e9reo, aviaci\u00f3n, turismo, hoteleria, actualidad.\" \/>\n<meta name=\"robots\" content=\"index, follow, max-snippet:-1, max-image-preview:large, max-video-preview:-1\" \/>\n<link rel=\"canonical\" href=\"https:\/\/aeronoticias.com.pe\/noticiero\/27\/el-18-de-enero-se-daria-el-primer-apagon-de-internet\/\" \/>\n<meta property=\"og:locale\" content=\"es_ES\" \/>\n<meta property=\"og:type\" content=\"article\" \/>\n<meta property=\"og:title\" content=\"El 18 de enero se dar\u00eda el primer apag\u00f3n de Internet\" \/>\n<meta property=\"og:description\" content=\"Portal de noticias del Per\u00fa sobre el transporte a\u00e9reo, aviaci\u00f3n, turismo, hoteleria, actualidad.\" \/>\n<meta property=\"og:url\" content=\"https:\/\/aeronoticias.com.pe\/noticiero\/27\/el-18-de-enero-se-daria-el-primer-apagon-de-internet\/\" \/>\n<meta property=\"og:site_name\" content=\"Aeronoticias.com.pe\" \/>\n<meta property=\"article:publisher\" content=\"https:\/\/www.facebook.com\/Aeronoticias.com.pe\/\" \/>\n<meta property=\"article:published_time\" content=\"2012-01-16T16:44:46+00:00\" \/>\n<meta name=\"author\" content=\"Redacci\u00f3n Aeronoticias\" \/>\n<meta name=\"twitter:card\" content=\"summary_large_image\" \/>\n<meta name=\"twitter:creator\" content=\"@aeronoticias\" \/>\n<meta name=\"twitter:site\" content=\"@aeronoticias\" \/>\n<meta name=\"twitter:label1\" content=\"Escrito por\" \/>\n\t<meta name=\"twitter:data1\" content=\"Redacci\u00f3n Aeronoticias\" \/>\n\t<meta name=\"twitter:label2\" content=\"Tiempo de lectura\" \/>\n\t<meta name=\"twitter:data2\" content=\"1 minuto\" \/>\n<script type=\"application\/ld+json\" class=\"yoast-schema-graph\">{\"@context\":\"https:\/\/schema.org\",\"@graph\":[{\"@type\":\"WebPage\",\"@id\":\"https:\/\/aeronoticias.com.pe\/noticiero\/27\/el-18-de-enero-se-daria-el-primer-apagon-de-internet\/\",\"url\":\"https:\/\/aeronoticias.com.pe\/noticiero\/27\/el-18-de-enero-se-daria-el-primer-apagon-de-internet\/\",\"name\":\"El 18 de enero se dar\u00eda el primer apag\u00f3n de Internet\",\"isPartOf\":{\"@id\":\"https:\/\/aeronoticias.com.pe\/noticiero\/#website\"},\"datePublished\":\"2012-01-16T16:44:46+00:00\",\"author\":{\"@id\":\"https:\/\/aeronoticias.com.pe\/noticiero\/#\/schema\/person\/fc1e5d578f4b62ba1cf7ac2bba1170a0\"},\"description\":\"Portal de noticias del Per\u00fa sobre el transporte a\u00e9reo, aviaci\u00f3n, turismo, hoteleria, actualidad.\",\"breadcrumb\":{\"@id\":\"https:\/\/aeronoticias.com.pe\/noticiero\/27\/el-18-de-enero-se-daria-el-primer-apagon-de-internet\/#breadcrumb\"},\"inLanguage\":\"es\",\"potentialAction\":[{\"@type\":\"ReadAction\",\"target\":[\"https:\/\/aeronoticias.com.pe\/noticiero\/27\/el-18-de-enero-se-daria-el-primer-apagon-de-internet\/\"]}]},{\"@type\":\"BreadcrumbList\",\"@id\":\"https:\/\/aeronoticias.com.pe\/noticiero\/27\/el-18-de-enero-se-daria-el-primer-apagon-de-internet\/#breadcrumb\",\"itemListElement\":[{\"@type\":\"ListItem\",\"position\":1,\"name\":\"Portada\",\"item\":\"https:\/\/aeronoticias.com.pe\/noticiero\/\"},{\"@type\":\"ListItem\",\"position\":2,\"name\":\"El 18 de enero se dar\u00eda el primer apag\u00f3n de Internet\"}]},{\"@type\":\"WebSite\",\"@id\":\"https:\/\/aeronoticias.com.pe\/noticiero\/#website\",\"url\":\"https:\/\/aeronoticias.com.pe\/noticiero\/\",\"name\":\"Aeronoticias.com.pe\",\"description\":\"Noticias de tranporte aereo, turismo, hoteles, gastronomia, actualidad, internacional\",\"potentialAction\":[{\"@type\":\"SearchAction\",\"target\":{\"@type\":\"EntryPoint\",\"urlTemplate\":\"https:\/\/aeronoticias.com.pe\/noticiero\/?s={search_term_string}\"},\"query-input\":{\"@type\":\"PropertyValueSpecification\",\"valueRequired\":true,\"valueName\":\"search_term_string\"}}],\"inLanguage\":\"es\"},{\"@type\":\"Person\",\"@id\":\"https:\/\/aeronoticias.com.pe\/noticiero\/#\/schema\/person\/fc1e5d578f4b62ba1cf7ac2bba1170a0\",\"name\":\"Redacci\u00f3n Aeronoticias\",\"url\":\"https:\/\/aeronoticias.com.pe\/noticiero\/author\/piloto\/\"}]}<\/script>\n<!-- \/ Yoast SEO plugin. -->","yoast_head_json":{"title":"El 18 de enero se dar\u00eda el primer apag\u00f3n de Internet","description":"Portal de noticias del Per\u00fa sobre el transporte a\u00e9reo, aviaci\u00f3n, turismo, hoteleria, actualidad.","robots":{"index":"index","follow":"follow","max-snippet":"max-snippet:-1","max-image-preview":"max-image-preview:large","max-video-preview":"max-video-preview:-1"},"canonical":"https:\/\/aeronoticias.com.pe\/noticiero\/27\/el-18-de-enero-se-daria-el-primer-apagon-de-internet\/","og_locale":"es_ES","og_type":"article","og_title":"El 18 de enero se dar\u00eda el primer apag\u00f3n de Internet","og_description":"Portal de noticias del Per\u00fa sobre el transporte a\u00e9reo, aviaci\u00f3n, turismo, hoteleria, actualidad.","og_url":"https:\/\/aeronoticias.com.pe\/noticiero\/27\/el-18-de-enero-se-daria-el-primer-apagon-de-internet\/","og_site_name":"Aeronoticias.com.pe","article_publisher":"https:\/\/www.facebook.com\/Aeronoticias.com.pe\/","article_published_time":"2012-01-16T16:44:46+00:00","author":"Redacci\u00f3n Aeronoticias","twitter_card":"summary_large_image","twitter_creator":"@aeronoticias","twitter_site":"@aeronoticias","twitter_misc":{"Escrito por":"Redacci\u00f3n Aeronoticias","Tiempo de lectura":"1 minuto"},"schema":{"@context":"https:\/\/schema.org","@graph":[{"@type":"WebPage","@id":"https:\/\/aeronoticias.com.pe\/noticiero\/27\/el-18-de-enero-se-daria-el-primer-apagon-de-internet\/","url":"https:\/\/aeronoticias.com.pe\/noticiero\/27\/el-18-de-enero-se-daria-el-primer-apagon-de-internet\/","name":"El 18 de enero se dar\u00eda el primer apag\u00f3n de Internet","isPartOf":{"@id":"https:\/\/aeronoticias.com.pe\/noticiero\/#website"},"datePublished":"2012-01-16T16:44:46+00:00","author":{"@id":"https:\/\/aeronoticias.com.pe\/noticiero\/#\/schema\/person\/fc1e5d578f4b62ba1cf7ac2bba1170a0"},"description":"Portal de noticias del Per\u00fa sobre el transporte a\u00e9reo, aviaci\u00f3n, turismo, hoteleria, actualidad.","breadcrumb":{"@id":"https:\/\/aeronoticias.com.pe\/noticiero\/27\/el-18-de-enero-se-daria-el-primer-apagon-de-internet\/#breadcrumb"},"inLanguage":"es","potentialAction":[{"@type":"ReadAction","target":["https:\/\/aeronoticias.com.pe\/noticiero\/27\/el-18-de-enero-se-daria-el-primer-apagon-de-internet\/"]}]},{"@type":"BreadcrumbList","@id":"https:\/\/aeronoticias.com.pe\/noticiero\/27\/el-18-de-enero-se-daria-el-primer-apagon-de-internet\/#breadcrumb","itemListElement":[{"@type":"ListItem","position":1,"name":"Portada","item":"https:\/\/aeronoticias.com.pe\/noticiero\/"},{"@type":"ListItem","position":2,"name":"El 18 de enero se dar\u00eda el primer apag\u00f3n de Internet"}]},{"@type":"WebSite","@id":"https:\/\/aeronoticias.com.pe\/noticiero\/#website","url":"https:\/\/aeronoticias.com.pe\/noticiero\/","name":"Aeronoticias.com.pe","description":"Noticias de tranporte aereo, turismo, hoteles, gastronomia, actualidad, internacional","potentialAction":[{"@type":"SearchAction","target":{"@type":"EntryPoint","urlTemplate":"https:\/\/aeronoticias.com.pe\/noticiero\/?s={search_term_string}"},"query-input":{"@type":"PropertyValueSpecification","valueRequired":true,"valueName":"search_term_string"}}],"inLanguage":"es"},{"@type":"Person","@id":"https:\/\/aeronoticias.com.pe\/noticiero\/#\/schema\/person\/fc1e5d578f4b62ba1cf7ac2bba1170a0","name":"Redacci\u00f3n Aeronoticias","url":"https:\/\/aeronoticias.com.pe\/noticiero\/author\/piloto\/"}]}},"_links":{"self":[{"href":"https:\/\/aeronoticias.com.pe\/noticiero\/wp-json\/wp\/v2\/posts\/22424","targetHints":{"allow":["GET"]}}],"collection":[{"href":"https:\/\/aeronoticias.com.pe\/noticiero\/wp-json\/wp\/v2\/posts"}],"about":[{"href":"https:\/\/aeronoticias.com.pe\/noticiero\/wp-json\/wp\/v2\/types\/post"}],"author":[{"embeddable":true,"href":"https:\/\/aeronoticias.com.pe\/noticiero\/wp-json\/wp\/v2\/users\/1"}],"replies":[{"embeddable":true,"href":"https:\/\/aeronoticias.com.pe\/noticiero\/wp-json\/wp\/v2\/comments?post=22424"}],"version-history":[{"count":0,"href":"https:\/\/aeronoticias.com.pe\/noticiero\/wp-json\/wp\/v2\/posts\/22424\/revisions"}],"wp:attachment":[{"href":"https:\/\/aeronoticias.com.pe\/noticiero\/wp-json\/wp\/v2\/media?parent=22424"}],"wp:term":[{"taxonomy":"category","embeddable":true,"href":"https:\/\/aeronoticias.com.pe\/noticiero\/wp-json\/wp\/v2\/categories?post=22424"},{"taxonomy":"post_tag","embeddable":true,"href":"https:\/\/aeronoticias.com.pe\/noticiero\/wp-json\/wp\/v2\/tags?post=22424"}],"curies":[{"name":"wp","href":"https:\/\/api.w.org\/{rel}","templated":true}]}}