{"id":22426,"date":"2012-01-16T17:21:19","date_gmt":"2012-01-16T17:21:19","guid":{"rendered":"http:\/\/desarrollo.mcvicious.com\/aero2020\/2012\/01\/16\/gobierno-regional-de-cusco-administraria-aeropuerto-velasco-astete\/"},"modified":"2012-01-16T17:21:19","modified_gmt":"2012-01-16T17:21:19","slug":"gobierno-regional-de-cusco-administraria-aeropuerto-velasco-astete","status":"publish","type":"post","link":"https:\/\/aeronoticias.com.pe\/noticiero\/transporte-aereo\/nacional\/gobierno-regional-de-cusco-administraria-aeropuerto-velasco-astete\/","title":{"rendered":"Gobierno Regional de Cusco administrar\u00eda Aeropuerto Velasco Astete"},"content":{"rendered":"<p style=\"text-align: justify;\"><strong>(Aeronoticias).-<\/strong> Con mucho optimismo el coordinador del proyecto para la construcci\u00f3n del Aeropuerto Internacional de Chinchero, Adolfo Zegarra, anunci\u00f3 que para junio de este a\u00f1o se remover\u00edan las tierras de los terrenos que se encuentran en la provincia de Chinchero para dejarlas listas a la empresa concesionaria que se encargue de la construcci\u00f3n del aeropuerto, a fin de adelantar los trabajos lo m\u00e1s pronto posible.<\/p>\n<p style=\"text-align: justify;\">Estas afirmaciones las hizo luego de expresar que el Gobierno Regional del Cusco tiene toda la intenci\u00f3n de avanzar en la construcci\u00f3n del aeropuerto internacional y para ello incluso comprar\u00edan dichos terrenos.<\/p>\n<p>  <!--more-->  <\/p>\n<p style=\"text-align: justify;\">\u00abEl presidente regional est\u00e1 gestionando para que el Velasco Astete sea transferido al GRC, que s\u00ed es posible dentro de las normas de descentralizaci\u00f3n, y una vez logrado este prop\u00f3sito, el presidente recurrir\u00eda a pedir cr\u00e9ditos a las financieras, as\u00ed como tambi\u00e9n los propios recursos; recordemos que se tienen m\u00e1s de mil millones de nuevos soles en presupuesto que, una vez factibilizado con las etapas de pre inversi\u00f3n para que el Estado en v\u00edas de emergencias, autorice el gasto de estos montos\u00bb, dijo.<\/p>\n<p style=\"text-align: justify;\">SIN PRESIONES. Seg\u00fan inform\u00f3 el coordinador, a\u00fan se sigue trabajando en el componente social pero lamentablemente hay un retraso en el valor del terreno. \u00abDebo indicar que el 21 de octubre ProInversi\u00f3n entreg\u00f3 a los comuneros el trabajo que hizo Cofopri respecto al catastro general para esas tierras. Ante ello los comuneros pidieron un tiempo de evaluaci\u00f3n que culminaba el 21 de diciembre, sin embargo pidieron ampliaci\u00f3n, la que culminar\u00e1 en febrero\u00bb, dijo al mismo tiempo de explicar que no se puede precionar a los comuneros, sino esperarlos.<\/p>\n<p style=\"text-align: justify;\">POL\u00cdTICA. Sin embargo desde el punto de vista pol\u00edtico el tema va por buen camino, seg\u00fan indic\u00f3 Zegarra, el gobierno central ha mostrado toda la disposici\u00f3n para hacer realidad el proyecto, as\u00edmismo los congresistas, los presidentes regional y nacional, el alcalde de Chinchero y hasta los comuneros se han inmerso en el proyecto para que se realice de la manera m\u00e1s transparente.<\/p>\n<p style=\"text-align: justify;\">Diario Correo.<\/p>\n<p style=\"text-align: justify;\"><img decoding=\"async\" src=\"images\/stories\/12\/01\/160112\/aeropuerto_velasco_astete_gobieron_regional.jpg\" border=\"0\" alt=\"Gobierno Regional de Cusco administrar\u00eda Aeropuerto Velasco Astete\" title=\"Gobierno Regional de Cusco administrar\u00eda Aeropuerto Velasco Astete\" \/><\/p>\n","protected":false},"excerpt":{"rendered":"<p>(Aeronoticias).- Con mucho optimismo el coordinador del proyecto para la construcci\u00f3n del Aeropuerto Internacional de Chinchero, Adolfo Zegarra, anunci\u00f3 que para junio de este a\u00f1o se remover\u00edan las tierras de los terrenos que se encuentran en la provincia de Chinchero para dejarlas listas a la empresa concesionaria que se encargue de la construcci\u00f3n del aeropuerto, [&hellip;]<\/p>\n","protected":false},"author":1,"featured_media":0,"comment_status":"open","ping_status":"open","sticky":false,"template":"","format":"standard","meta":{"tdm_status":"","tdm_grid_status":"","footnotes":""},"categories":[51],"tags":[],"class_list":{"0":"post-22426","1":"post","2":"type-post","3":"status-publish","4":"format-standard","6":"category-nacional"},"yoast_head":"<!-- This site is optimized with the Yoast SEO plugin v25.1 - https:\/\/yoast.com\/wordpress\/plugins\/seo\/ -->\n<title>Gobierno Regional de Cusco administrar\u00eda Aeropuerto Velasco Astete<\/title>\n<meta name=\"description\" content=\"Portal de noticias del Per\u00fa sobre el transporte a\u00e9reo, aviaci\u00f3n, turismo, hoteleria, actualidad.\" \/>\n<meta name=\"robots\" content=\"index, follow, max-snippet:-1, max-image-preview:large, max-video-preview:-1\" \/>\n<link rel=\"canonical\" href=\"https:\/\/aeronoticias.com.pe\/noticiero\/transporte-aereo\/nacional\/gobierno-regional-de-cusco-administraria-aeropuerto-velasco-astete\/\" \/>\n<meta property=\"og:locale\" content=\"es_ES\" \/>\n<meta property=\"og:type\" content=\"article\" \/>\n<meta property=\"og:title\" content=\"Gobierno Regional de Cusco administrar\u00eda Aeropuerto Velasco Astete\" \/>\n<meta property=\"og:description\" content=\"Portal de noticias del Per\u00fa sobre el transporte a\u00e9reo, aviaci\u00f3n, turismo, hoteleria, actualidad.\" \/>\n<meta property=\"og:url\" content=\"https:\/\/aeronoticias.com.pe\/noticiero\/transporte-aereo\/nacional\/gobierno-regional-de-cusco-administraria-aeropuerto-velasco-astete\/\" \/>\n<meta property=\"og:site_name\" content=\"Aeronoticias.com.pe\" \/>\n<meta property=\"article:publisher\" content=\"https:\/\/www.facebook.com\/Aeronoticias.com.pe\/\" \/>\n<meta property=\"article:published_time\" content=\"2012-01-16T17:21:19+00:00\" \/>\n<meta name=\"author\" content=\"Redacci\u00f3n Aeronoticias\" \/>\n<meta name=\"twitter:card\" content=\"summary_large_image\" \/>\n<meta name=\"twitter:creator\" content=\"@aeronoticias\" \/>\n<meta name=\"twitter:site\" content=\"@aeronoticias\" \/>\n<meta name=\"twitter:label1\" content=\"Escrito por\" \/>\n\t<meta name=\"twitter:data1\" content=\"Redacci\u00f3n Aeronoticias\" \/>\n\t<meta name=\"twitter:label2\" content=\"Tiempo de lectura\" \/>\n\t<meta name=\"twitter:data2\" content=\"2 minutos\" \/>\n<script type=\"application\/ld+json\" class=\"yoast-schema-graph\">{\"@context\":\"https:\/\/schema.org\",\"@graph\":[{\"@type\":\"WebPage\",\"@id\":\"https:\/\/aeronoticias.com.pe\/noticiero\/transporte-aereo\/nacional\/gobierno-regional-de-cusco-administraria-aeropuerto-velasco-astete\/\",\"url\":\"https:\/\/aeronoticias.com.pe\/noticiero\/transporte-aereo\/nacional\/gobierno-regional-de-cusco-administraria-aeropuerto-velasco-astete\/\",\"name\":\"Gobierno Regional de Cusco administrar\u00eda Aeropuerto Velasco Astete\",\"isPartOf\":{\"@id\":\"https:\/\/aeronoticias.com.pe\/noticiero\/#website\"},\"datePublished\":\"2012-01-16T17:21:19+00:00\",\"author\":{\"@id\":\"https:\/\/aeronoticias.com.pe\/noticiero\/#\/schema\/person\/fc1e5d578f4b62ba1cf7ac2bba1170a0\"},\"description\":\"Portal de noticias del Per\u00fa sobre el transporte a\u00e9reo, aviaci\u00f3n, turismo, hoteleria, actualidad.\",\"breadcrumb\":{\"@id\":\"https:\/\/aeronoticias.com.pe\/noticiero\/transporte-aereo\/nacional\/gobierno-regional-de-cusco-administraria-aeropuerto-velasco-astete\/#breadcrumb\"},\"inLanguage\":\"es\",\"potentialAction\":[{\"@type\":\"ReadAction\",\"target\":[\"https:\/\/aeronoticias.com.pe\/noticiero\/transporte-aereo\/nacional\/gobierno-regional-de-cusco-administraria-aeropuerto-velasco-astete\/\"]}]},{\"@type\":\"BreadcrumbList\",\"@id\":\"https:\/\/aeronoticias.com.pe\/noticiero\/transporte-aereo\/nacional\/gobierno-regional-de-cusco-administraria-aeropuerto-velasco-astete\/#breadcrumb\",\"itemListElement\":[{\"@type\":\"ListItem\",\"position\":1,\"name\":\"Portada\",\"item\":\"https:\/\/aeronoticias.com.pe\/noticiero\/\"},{\"@type\":\"ListItem\",\"position\":2,\"name\":\"Gobierno Regional de Cusco administrar\u00eda Aeropuerto Velasco Astete\"}]},{\"@type\":\"WebSite\",\"@id\":\"https:\/\/aeronoticias.com.pe\/noticiero\/#website\",\"url\":\"https:\/\/aeronoticias.com.pe\/noticiero\/\",\"name\":\"Aeronoticias.com.pe\",\"description\":\"Noticias de tranporte aereo, turismo, hoteles, gastronomia, actualidad, internacional\",\"potentialAction\":[{\"@type\":\"SearchAction\",\"target\":{\"@type\":\"EntryPoint\",\"urlTemplate\":\"https:\/\/aeronoticias.com.pe\/noticiero\/?s={search_term_string}\"},\"query-input\":{\"@type\":\"PropertyValueSpecification\",\"valueRequired\":true,\"valueName\":\"search_term_string\"}}],\"inLanguage\":\"es\"},{\"@type\":\"Person\",\"@id\":\"https:\/\/aeronoticias.com.pe\/noticiero\/#\/schema\/person\/fc1e5d578f4b62ba1cf7ac2bba1170a0\",\"name\":\"Redacci\u00f3n Aeronoticias\",\"url\":\"https:\/\/aeronoticias.com.pe\/noticiero\/author\/piloto\/\"}]}<\/script>\n<!-- \/ Yoast SEO plugin. -->","yoast_head_json":{"title":"Gobierno Regional de Cusco administrar\u00eda Aeropuerto Velasco Astete","description":"Portal de noticias del Per\u00fa sobre el transporte a\u00e9reo, aviaci\u00f3n, turismo, hoteleria, actualidad.","robots":{"index":"index","follow":"follow","max-snippet":"max-snippet:-1","max-image-preview":"max-image-preview:large","max-video-preview":"max-video-preview:-1"},"canonical":"https:\/\/aeronoticias.com.pe\/noticiero\/transporte-aereo\/nacional\/gobierno-regional-de-cusco-administraria-aeropuerto-velasco-astete\/","og_locale":"es_ES","og_type":"article","og_title":"Gobierno Regional de Cusco administrar\u00eda Aeropuerto Velasco Astete","og_description":"Portal de noticias del Per\u00fa sobre el transporte a\u00e9reo, aviaci\u00f3n, turismo, hoteleria, actualidad.","og_url":"https:\/\/aeronoticias.com.pe\/noticiero\/transporte-aereo\/nacional\/gobierno-regional-de-cusco-administraria-aeropuerto-velasco-astete\/","og_site_name":"Aeronoticias.com.pe","article_publisher":"https:\/\/www.facebook.com\/Aeronoticias.com.pe\/","article_published_time":"2012-01-16T17:21:19+00:00","author":"Redacci\u00f3n Aeronoticias","twitter_card":"summary_large_image","twitter_creator":"@aeronoticias","twitter_site":"@aeronoticias","twitter_misc":{"Escrito por":"Redacci\u00f3n Aeronoticias","Tiempo de lectura":"2 minutos"},"schema":{"@context":"https:\/\/schema.org","@graph":[{"@type":"WebPage","@id":"https:\/\/aeronoticias.com.pe\/noticiero\/transporte-aereo\/nacional\/gobierno-regional-de-cusco-administraria-aeropuerto-velasco-astete\/","url":"https:\/\/aeronoticias.com.pe\/noticiero\/transporte-aereo\/nacional\/gobierno-regional-de-cusco-administraria-aeropuerto-velasco-astete\/","name":"Gobierno Regional de Cusco administrar\u00eda Aeropuerto Velasco Astete","isPartOf":{"@id":"https:\/\/aeronoticias.com.pe\/noticiero\/#website"},"datePublished":"2012-01-16T17:21:19+00:00","author":{"@id":"https:\/\/aeronoticias.com.pe\/noticiero\/#\/schema\/person\/fc1e5d578f4b62ba1cf7ac2bba1170a0"},"description":"Portal de noticias del Per\u00fa sobre el transporte a\u00e9reo, aviaci\u00f3n, turismo, hoteleria, actualidad.","breadcrumb":{"@id":"https:\/\/aeronoticias.com.pe\/noticiero\/transporte-aereo\/nacional\/gobierno-regional-de-cusco-administraria-aeropuerto-velasco-astete\/#breadcrumb"},"inLanguage":"es","potentialAction":[{"@type":"ReadAction","target":["https:\/\/aeronoticias.com.pe\/noticiero\/transporte-aereo\/nacional\/gobierno-regional-de-cusco-administraria-aeropuerto-velasco-astete\/"]}]},{"@type":"BreadcrumbList","@id":"https:\/\/aeronoticias.com.pe\/noticiero\/transporte-aereo\/nacional\/gobierno-regional-de-cusco-administraria-aeropuerto-velasco-astete\/#breadcrumb","itemListElement":[{"@type":"ListItem","position":1,"name":"Portada","item":"https:\/\/aeronoticias.com.pe\/noticiero\/"},{"@type":"ListItem","position":2,"name":"Gobierno Regional de Cusco administrar\u00eda Aeropuerto Velasco Astete"}]},{"@type":"WebSite","@id":"https:\/\/aeronoticias.com.pe\/noticiero\/#website","url":"https:\/\/aeronoticias.com.pe\/noticiero\/","name":"Aeronoticias.com.pe","description":"Noticias de tranporte aereo, turismo, hoteles, gastronomia, actualidad, internacional","potentialAction":[{"@type":"SearchAction","target":{"@type":"EntryPoint","urlTemplate":"https:\/\/aeronoticias.com.pe\/noticiero\/?s={search_term_string}"},"query-input":{"@type":"PropertyValueSpecification","valueRequired":true,"valueName":"search_term_string"}}],"inLanguage":"es"},{"@type":"Person","@id":"https:\/\/aeronoticias.com.pe\/noticiero\/#\/schema\/person\/fc1e5d578f4b62ba1cf7ac2bba1170a0","name":"Redacci\u00f3n Aeronoticias","url":"https:\/\/aeronoticias.com.pe\/noticiero\/author\/piloto\/"}]}},"_links":{"self":[{"href":"https:\/\/aeronoticias.com.pe\/noticiero\/wp-json\/wp\/v2\/posts\/22426","targetHints":{"allow":["GET"]}}],"collection":[{"href":"https:\/\/aeronoticias.com.pe\/noticiero\/wp-json\/wp\/v2\/posts"}],"about":[{"href":"https:\/\/aeronoticias.com.pe\/noticiero\/wp-json\/wp\/v2\/types\/post"}],"author":[{"embeddable":true,"href":"https:\/\/aeronoticias.com.pe\/noticiero\/wp-json\/wp\/v2\/users\/1"}],"replies":[{"embeddable":true,"href":"https:\/\/aeronoticias.com.pe\/noticiero\/wp-json\/wp\/v2\/comments?post=22426"}],"version-history":[{"count":0,"href":"https:\/\/aeronoticias.com.pe\/noticiero\/wp-json\/wp\/v2\/posts\/22426\/revisions"}],"wp:attachment":[{"href":"https:\/\/aeronoticias.com.pe\/noticiero\/wp-json\/wp\/v2\/media?parent=22426"}],"wp:term":[{"taxonomy":"category","embeddable":true,"href":"https:\/\/aeronoticias.com.pe\/noticiero\/wp-json\/wp\/v2\/categories?post=22426"},{"taxonomy":"post_tag","embeddable":true,"href":"https:\/\/aeronoticias.com.pe\/noticiero\/wp-json\/wp\/v2\/tags?post=22426"}],"curies":[{"name":"wp","href":"https:\/\/api.w.org\/{rel}","templated":true}]}}