{"id":22427,"date":"2012-01-16T19:41:49","date_gmt":"2012-01-16T19:41:49","guid":{"rendered":"http:\/\/desarrollo.mcvicious.com\/aero2020\/2012\/01\/16\/se-instala-mesa-de-dialogo-entre-pachacamac-y-lurin\/"},"modified":"2012-01-16T19:41:49","modified_gmt":"2012-01-16T19:41:49","slug":"se-instala-mesa-de-dialogo-entre-pachacamac-y-lurin","status":"publish","type":"post","link":"https:\/\/aeronoticias.com.pe\/noticiero\/nacionales\/se-instala-mesa-de-dialogo-entre-pachacamac-y-lurin\/","title":{"rendered":"Se instala Mesa de Di\u00e1logo entre Pachac\u00e1mac y Lur\u00edn"},"content":{"rendered":"<p style=\"text-align: justify;\"><strong>(Aeronoticias).<\/strong>&#8211; A fin de establecer comisiones de trabajo que permitan resolver el problema lim\u00edtrofe entre el distrito de Pachac\u00e1mac y la Municipalidad de Lur\u00edn que datan m\u00e1s de 40 a\u00f1os, qued\u00f3 instalada la mesa de di\u00e1logo entre ambas partes.. <\/p>\n<p>En la ceremonia que fue promovida por el Instituto Metropolitano de Planificaci\u00f3n (IMP) de la Municipalidad de Lima, cont\u00f3 con la presencia de la Alcaldesa Susana Villar\u00e1n, quien desea fervientemente dar una soluci\u00f3n definitiva a la referida controversia.<\/p>\n<p>Cabe precisar que los se\u00f1ores alcaldes fueron convocados a las 5:00pm y reci\u00e9n a las 6:30 debido a la demora por parte de los representantes de Lur\u00edn, se suscribi\u00f3 el Acta de Instalaci\u00f3n de la Mesa de Di\u00e1logo, lamentando que el Alcalde de Lur\u00edn no haya asistido y en su representaci\u00f3n firmo el se\u00f1or regidor Antonio Cuya Silva, manifest\u00f3 el Alcalde de Pachacamac, Hugo Ramos Lescano.<\/p>\n<p>Al respecto, el Alcalde de Pachac\u00e1mac, Hugo Ramos Lescano felicit\u00f3 la decisi\u00f3n de la alcaldesa de Lima en tomar la batuta en la instalada mesa de di\u00e1logo \u201cy ver de la mejor manera, como manda la ley, resolver las controversias entre Lur\u00edn y Pachac\u00e1mac\u201d.<\/p>\n<p>\u201cHay voluntad de solucionar los problemas, teniendo en cuenta l\u00f3gicamente, todos los antecedentes hist\u00f3ricos y legales que existen. Es por eso que he pedido que todos los actuados y propuestas que hayan presentado Pachac\u00e1mac y Lur\u00edn sean remitidos por el IMP a ambas municipalidades para una evaluaci\u00f3n concienzuda para as\u00ed poder presentar una propuesta definitiva dentro de los pr\u00f3ximos 60 d\u00edas\u201d, adelant\u00f3 Ramos Lescano.<\/p>\n<p>En ese sentido, manifest\u00f3 que Pachac\u00e1mac har\u00e1 respetar todos los antecedentes hist\u00f3ricos, t\u00e9cnicos y legales para luego llegar a un acuerdo con Lur\u00edn.<\/p>\n<p>Agreg\u00f3 que esta es una gran oportunidad para que el Alcalde de Lur\u00edn demuestre, bajo que Ley o dispositivo legal reclama el territorio que pretende, cuando la Ley N\u00b0 23605 de Creaci\u00f3n del Distrito de Villa el Salvador dada el a\u00f1o 1983 dice que limita con Pachac\u00e1mac y el Oc\u00e9ano Pac\u00edfico y en ninguno de ese extremos dice limitar con el distrito de Lur\u00edn.<\/p>\n<p><img decoding=\"async\" class=\"caption\" src=\"images\/stories\/12\/01\/160112\/municipios.jpg\" border=\"0\" alt=\"Se instala Mesa de Di\u00e1logo entre Pachac\u00e1mac y Lur\u00edn\" title=\"Se instala Mesa de Di\u00e1logo entre Pachac\u00e1mac y Lur\u00edn\" \/><\/p>\n","protected":false},"excerpt":{"rendered":"<p>(Aeronoticias).&#8211; A fin de establecer comisiones de trabajo que permitan resolver el problema lim\u00edtrofe entre el distrito de Pachac\u00e1mac y la Municipalidad de Lur\u00edn que datan m\u00e1s de 40 a\u00f1os, qued\u00f3 instalada la mesa de di\u00e1logo entre ambas partes.. En la ceremonia que fue promovida por el Instituto Metropolitano de Planificaci\u00f3n (IMP) de la Municipalidad [&hellip;]<\/p>\n","protected":false},"author":1,"featured_media":0,"comment_status":"open","ping_status":"open","sticky":false,"template":"","format":"standard","meta":{"tdm_status":"","tdm_grid_status":"","footnotes":""},"categories":[38],"tags":[],"class_list":{"0":"post-22427","1":"post","2":"type-post","3":"status-publish","4":"format-standard","6":"category-nacionales"},"yoast_head":"<!-- This site is optimized with the Yoast SEO plugin v25.1 - https:\/\/yoast.com\/wordpress\/plugins\/seo\/ -->\n<title>Se instala Mesa de Di\u00e1logo entre Pachac\u00e1mac y Lur\u00edn<\/title>\n<meta name=\"description\" content=\"Portal de noticias del Per\u00fa sobre el transporte a\u00e9reo, aviaci\u00f3n, turismo, hoteleria, actualidad.\" \/>\n<meta name=\"robots\" content=\"index, follow, max-snippet:-1, max-image-preview:large, max-video-preview:-1\" \/>\n<link rel=\"canonical\" href=\"https:\/\/aeronoticias.com.pe\/noticiero\/nacionales\/se-instala-mesa-de-dialogo-entre-pachacamac-y-lurin\/\" \/>\n<meta property=\"og:locale\" content=\"es_ES\" \/>\n<meta property=\"og:type\" content=\"article\" \/>\n<meta property=\"og:title\" content=\"Se instala Mesa de Di\u00e1logo entre Pachac\u00e1mac y Lur\u00edn\" \/>\n<meta property=\"og:description\" content=\"Portal de noticias del Per\u00fa sobre el transporte a\u00e9reo, aviaci\u00f3n, turismo, hoteleria, actualidad.\" \/>\n<meta property=\"og:url\" content=\"https:\/\/aeronoticias.com.pe\/noticiero\/nacionales\/se-instala-mesa-de-dialogo-entre-pachacamac-y-lurin\/\" \/>\n<meta property=\"og:site_name\" content=\"Aeronoticias.com.pe\" \/>\n<meta property=\"article:publisher\" content=\"https:\/\/www.facebook.com\/Aeronoticias.com.pe\/\" \/>\n<meta property=\"article:published_time\" content=\"2012-01-16T19:41:49+00:00\" \/>\n<meta name=\"author\" content=\"Redacci\u00f3n Aeronoticias\" \/>\n<meta name=\"twitter:card\" content=\"summary_large_image\" \/>\n<meta name=\"twitter:creator\" content=\"@aeronoticias\" \/>\n<meta name=\"twitter:site\" content=\"@aeronoticias\" \/>\n<meta name=\"twitter:label1\" content=\"Escrito por\" \/>\n\t<meta name=\"twitter:data1\" content=\"Redacci\u00f3n Aeronoticias\" \/>\n\t<meta name=\"twitter:label2\" content=\"Tiempo de lectura\" \/>\n\t<meta name=\"twitter:data2\" content=\"2 minutos\" \/>\n<script type=\"application\/ld+json\" class=\"yoast-schema-graph\">{\"@context\":\"https:\/\/schema.org\",\"@graph\":[{\"@type\":\"WebPage\",\"@id\":\"https:\/\/aeronoticias.com.pe\/noticiero\/nacionales\/se-instala-mesa-de-dialogo-entre-pachacamac-y-lurin\/\",\"url\":\"https:\/\/aeronoticias.com.pe\/noticiero\/nacionales\/se-instala-mesa-de-dialogo-entre-pachacamac-y-lurin\/\",\"name\":\"Se instala Mesa de Di\u00e1logo entre Pachac\u00e1mac y Lur\u00edn\",\"isPartOf\":{\"@id\":\"https:\/\/aeronoticias.com.pe\/noticiero\/#website\"},\"datePublished\":\"2012-01-16T19:41:49+00:00\",\"author\":{\"@id\":\"https:\/\/aeronoticias.com.pe\/noticiero\/#\/schema\/person\/fc1e5d578f4b62ba1cf7ac2bba1170a0\"},\"description\":\"Portal de noticias del Per\u00fa sobre el transporte a\u00e9reo, aviaci\u00f3n, turismo, hoteleria, actualidad.\",\"breadcrumb\":{\"@id\":\"https:\/\/aeronoticias.com.pe\/noticiero\/nacionales\/se-instala-mesa-de-dialogo-entre-pachacamac-y-lurin\/#breadcrumb\"},\"inLanguage\":\"es\",\"potentialAction\":[{\"@type\":\"ReadAction\",\"target\":[\"https:\/\/aeronoticias.com.pe\/noticiero\/nacionales\/se-instala-mesa-de-dialogo-entre-pachacamac-y-lurin\/\"]}]},{\"@type\":\"BreadcrumbList\",\"@id\":\"https:\/\/aeronoticias.com.pe\/noticiero\/nacionales\/se-instala-mesa-de-dialogo-entre-pachacamac-y-lurin\/#breadcrumb\",\"itemListElement\":[{\"@type\":\"ListItem\",\"position\":1,\"name\":\"Portada\",\"item\":\"https:\/\/aeronoticias.com.pe\/noticiero\/\"},{\"@type\":\"ListItem\",\"position\":2,\"name\":\"Se instala Mesa de Di\u00e1logo entre Pachac\u00e1mac y Lur\u00edn\"}]},{\"@type\":\"WebSite\",\"@id\":\"https:\/\/aeronoticias.com.pe\/noticiero\/#website\",\"url\":\"https:\/\/aeronoticias.com.pe\/noticiero\/\",\"name\":\"Aeronoticias.com.pe\",\"description\":\"Noticias de tranporte aereo, turismo, hoteles, gastronomia, actualidad, internacional\",\"potentialAction\":[{\"@type\":\"SearchAction\",\"target\":{\"@type\":\"EntryPoint\",\"urlTemplate\":\"https:\/\/aeronoticias.com.pe\/noticiero\/?s={search_term_string}\"},\"query-input\":{\"@type\":\"PropertyValueSpecification\",\"valueRequired\":true,\"valueName\":\"search_term_string\"}}],\"inLanguage\":\"es\"},{\"@type\":\"Person\",\"@id\":\"https:\/\/aeronoticias.com.pe\/noticiero\/#\/schema\/person\/fc1e5d578f4b62ba1cf7ac2bba1170a0\",\"name\":\"Redacci\u00f3n Aeronoticias\",\"url\":\"https:\/\/aeronoticias.com.pe\/noticiero\/author\/piloto\/\"}]}<\/script>\n<!-- \/ Yoast SEO plugin. -->","yoast_head_json":{"title":"Se instala Mesa de Di\u00e1logo entre Pachac\u00e1mac y Lur\u00edn","description":"Portal de noticias del Per\u00fa sobre el transporte a\u00e9reo, aviaci\u00f3n, turismo, hoteleria, actualidad.","robots":{"index":"index","follow":"follow","max-snippet":"max-snippet:-1","max-image-preview":"max-image-preview:large","max-video-preview":"max-video-preview:-1"},"canonical":"https:\/\/aeronoticias.com.pe\/noticiero\/nacionales\/se-instala-mesa-de-dialogo-entre-pachacamac-y-lurin\/","og_locale":"es_ES","og_type":"article","og_title":"Se instala Mesa de Di\u00e1logo entre Pachac\u00e1mac y Lur\u00edn","og_description":"Portal de noticias del Per\u00fa sobre el transporte a\u00e9reo, aviaci\u00f3n, turismo, hoteleria, actualidad.","og_url":"https:\/\/aeronoticias.com.pe\/noticiero\/nacionales\/se-instala-mesa-de-dialogo-entre-pachacamac-y-lurin\/","og_site_name":"Aeronoticias.com.pe","article_publisher":"https:\/\/www.facebook.com\/Aeronoticias.com.pe\/","article_published_time":"2012-01-16T19:41:49+00:00","author":"Redacci\u00f3n Aeronoticias","twitter_card":"summary_large_image","twitter_creator":"@aeronoticias","twitter_site":"@aeronoticias","twitter_misc":{"Escrito por":"Redacci\u00f3n Aeronoticias","Tiempo de lectura":"2 minutos"},"schema":{"@context":"https:\/\/schema.org","@graph":[{"@type":"WebPage","@id":"https:\/\/aeronoticias.com.pe\/noticiero\/nacionales\/se-instala-mesa-de-dialogo-entre-pachacamac-y-lurin\/","url":"https:\/\/aeronoticias.com.pe\/noticiero\/nacionales\/se-instala-mesa-de-dialogo-entre-pachacamac-y-lurin\/","name":"Se instala Mesa de Di\u00e1logo entre Pachac\u00e1mac y Lur\u00edn","isPartOf":{"@id":"https:\/\/aeronoticias.com.pe\/noticiero\/#website"},"datePublished":"2012-01-16T19:41:49+00:00","author":{"@id":"https:\/\/aeronoticias.com.pe\/noticiero\/#\/schema\/person\/fc1e5d578f4b62ba1cf7ac2bba1170a0"},"description":"Portal de noticias del Per\u00fa sobre el transporte a\u00e9reo, aviaci\u00f3n, turismo, hoteleria, actualidad.","breadcrumb":{"@id":"https:\/\/aeronoticias.com.pe\/noticiero\/nacionales\/se-instala-mesa-de-dialogo-entre-pachacamac-y-lurin\/#breadcrumb"},"inLanguage":"es","potentialAction":[{"@type":"ReadAction","target":["https:\/\/aeronoticias.com.pe\/noticiero\/nacionales\/se-instala-mesa-de-dialogo-entre-pachacamac-y-lurin\/"]}]},{"@type":"BreadcrumbList","@id":"https:\/\/aeronoticias.com.pe\/noticiero\/nacionales\/se-instala-mesa-de-dialogo-entre-pachacamac-y-lurin\/#breadcrumb","itemListElement":[{"@type":"ListItem","position":1,"name":"Portada","item":"https:\/\/aeronoticias.com.pe\/noticiero\/"},{"@type":"ListItem","position":2,"name":"Se instala Mesa de Di\u00e1logo entre Pachac\u00e1mac y Lur\u00edn"}]},{"@type":"WebSite","@id":"https:\/\/aeronoticias.com.pe\/noticiero\/#website","url":"https:\/\/aeronoticias.com.pe\/noticiero\/","name":"Aeronoticias.com.pe","description":"Noticias de tranporte aereo, turismo, hoteles, gastronomia, actualidad, internacional","potentialAction":[{"@type":"SearchAction","target":{"@type":"EntryPoint","urlTemplate":"https:\/\/aeronoticias.com.pe\/noticiero\/?s={search_term_string}"},"query-input":{"@type":"PropertyValueSpecification","valueRequired":true,"valueName":"search_term_string"}}],"inLanguage":"es"},{"@type":"Person","@id":"https:\/\/aeronoticias.com.pe\/noticiero\/#\/schema\/person\/fc1e5d578f4b62ba1cf7ac2bba1170a0","name":"Redacci\u00f3n Aeronoticias","url":"https:\/\/aeronoticias.com.pe\/noticiero\/author\/piloto\/"}]}},"_links":{"self":[{"href":"https:\/\/aeronoticias.com.pe\/noticiero\/wp-json\/wp\/v2\/posts\/22427","targetHints":{"allow":["GET"]}}],"collection":[{"href":"https:\/\/aeronoticias.com.pe\/noticiero\/wp-json\/wp\/v2\/posts"}],"about":[{"href":"https:\/\/aeronoticias.com.pe\/noticiero\/wp-json\/wp\/v2\/types\/post"}],"author":[{"embeddable":true,"href":"https:\/\/aeronoticias.com.pe\/noticiero\/wp-json\/wp\/v2\/users\/1"}],"replies":[{"embeddable":true,"href":"https:\/\/aeronoticias.com.pe\/noticiero\/wp-json\/wp\/v2\/comments?post=22427"}],"version-history":[{"count":0,"href":"https:\/\/aeronoticias.com.pe\/noticiero\/wp-json\/wp\/v2\/posts\/22427\/revisions"}],"wp:attachment":[{"href":"https:\/\/aeronoticias.com.pe\/noticiero\/wp-json\/wp\/v2\/media?parent=22427"}],"wp:term":[{"taxonomy":"category","embeddable":true,"href":"https:\/\/aeronoticias.com.pe\/noticiero\/wp-json\/wp\/v2\/categories?post=22427"},{"taxonomy":"post_tag","embeddable":true,"href":"https:\/\/aeronoticias.com.pe\/noticiero\/wp-json\/wp\/v2\/tags?post=22427"}],"curies":[{"name":"wp","href":"https:\/\/api.w.org\/{rel}","templated":true}]}}