{"id":22558,"date":"2012-01-20T13:55:51","date_gmt":"2012-01-20T13:55:51","guid":{"rendered":"http:\/\/desarrollo.mcvicious.com\/aero2020\/2012\/01\/20\/adex-rechaza-proyecto-de-ley-que-establece-limites-a-la-tenencia-de-tierras-agricolas\/"},"modified":"2012-01-20T13:55:51","modified_gmt":"2012-01-20T13:55:51","slug":"adex-rechaza-proyecto-de-ley-que-establece-limites-a-la-tenencia-de-tierras-agricolas","status":"publish","type":"post","link":"https:\/\/aeronoticias.com.pe\/noticiero\/economia\/adex-rechaza-proyecto-de-ley-que-establece-limites-a-la-tenencia-de-tierras-agricolas\/","title":{"rendered":"Adex rechaza proyecto de ley que establece l\u00edmites a la tenencia de tierras agr\u00edcolas"},"content":{"rendered":"<p style=\"text-align: justify;\"><strong>(Aeronoticias).-<\/strong> El presidente de la Asociaci\u00f3n de Exportadores (ADEX), Juan Varilias Vel\u00e1squez, manifest\u00f3 su rechazo a la intenci\u00f3n de establecer como l\u00edmite m\u00e1ximo del derecho de propiedad de tierras agr\u00edcolas la extensi\u00f3n de 25,000 hect\u00e1reas, como lo indica el art\u00edculo 4 del proyecto de Ley N\u00b0 545\/2011-CR, el cual se encuentra en la Comisi\u00f3n Agraria del Congreso de la Rep\u00fablica.<\/p>\n<p>Varilias Vel\u00e1squez consider\u00f3 que el art\u00edculo 4\u00ba del proyecto de Ley resulta contraproducente y reducir\u00e1\u00a0 dr\u00e1sticamente la competitividad del sector agrario. Adem\u00e1s constituir\u00eda un precedente nefasto para el futuro de las econom\u00eda del pa\u00eds, pues se generar\u00e1n iniciativas similares para establecer l\u00edmites a la propiedad de las tierras en el desarrollo de otras actividades como las mineras, petroleras, forestales, entre otras.<\/p>\n<p>\u201cSolicitamos a la Comisi\u00f3n Agraria del Congreso archivar el proyecto de Ley, pues dictar una norma de este tipo resulta perjudicial para la econom\u00eda del pa\u00eds en general y para el desarrollo del sector agrario en particular\u201d, expres\u00f3.<\/p>\n<p>Explic\u00f3 que la competitividad y el desarrollo del sector agrario va muy de la mano con la extensi\u00f3n de las tierras, pues en muchos cultivos la aplicaci\u00f3n de nuevas tecnolog\u00edas, el incremento de la productividad y la reducci\u00f3n de costos solo son posibles si se tiene un tama\u00f1o tierras \u00f3ptimo. <\/p>\n<p>Agreg\u00f3 que se debe considerar que si hubiera l\u00edmites a la tenencia de tierras agr\u00edcolas, no se hubiese desarrollado el sector agroexportador que durante los \u00faltimos a\u00f1os (2000-2010) permiti\u00f3 la exportaci\u00f3n de 309 productos nuevos a 64 de destinos.<\/p>\n<p>Asimismo, el presidente de ADEX mostr\u00f3 su preocupaci\u00f3n a las declaraciones del ministro de Agricultura, Luis Ginocchio, quien anunci\u00f3 que su despacho tambi\u00e9n alistar\u00eda un proyecto de ley para establecer l\u00edmites a la tenencia de tierras agr\u00edcolas.<\/p>\n<p>\u201cSabemos que la intenci\u00f3n del Gobierno es mantener el crecimiento econ\u00f3mico del pa\u00eds mediante la promoci\u00f3n de inversi\u00f3n en diversas actividades. Por ello, vemos con preocupaci\u00f3n la pretensi\u00f3n de frenar el desarrollo del sector agr\u00edcola con una medida como esta\u201d, puntualiz\u00f3.<\/p>\n<p>El representante gremial tambi\u00e9n critic\u00f3 que el proyecto de Ley que se encuentra en la Comisi\u00f3n Agraria del Congreso, fuera presentado sin contar con una fuente de informaci\u00f3n actualizada y confiable que permita legislar sobre este tema pues el \u00faltimo censo agrario se realiz\u00f3 en el a\u00f1o 1994.\u00a0 \u201cConsideramos irresponsable presentar un proyecto sin contar con datos actuales que sirvan de sustento para determinar un l\u00edmite m\u00e1ximo del derecho de propiedad de tierras agr\u00edcolas\u201d, dijo.<\/p>\n<p><img decoding=\"async\" class=\"caption\" src=\"images\/stories\/12\/01\/190112\/agricola.jpg\" border=\"0\" alt=\"Adex rechaza proyecto de ley que establece l\u00edmites a la tenencia de tierras agr\u00edcolas \" title=\"Adex rechaza proyecto de ley que establece l\u00edmites a la tenencia de tierras agr\u00edcolas \" \/><\/p>\n","protected":false},"excerpt":{"rendered":"<p>(Aeronoticias).- El presidente de la Asociaci\u00f3n de Exportadores (ADEX), Juan Varilias Vel\u00e1squez, manifest\u00f3 su rechazo a la intenci\u00f3n de establecer como l\u00edmite m\u00e1ximo del derecho de propiedad de tierras agr\u00edcolas la extensi\u00f3n de 25,000 hect\u00e1reas, como lo indica el art\u00edculo 4 del proyecto de Ley N\u00b0 545\/2011-CR, el cual se encuentra en la Comisi\u00f3n Agraria [&hellip;]<\/p>\n","protected":false},"author":1,"featured_media":0,"comment_status":"open","ping_status":"open","sticky":false,"template":"","format":"standard","meta":{"tdm_status":"","tdm_grid_status":"","footnotes":""},"categories":[33],"tags":[],"class_list":{"0":"post-22558","1":"post","2":"type-post","3":"status-publish","4":"format-standard","6":"category-economia"},"yoast_head":"<!-- This site is optimized with the Yoast SEO plugin v25.1 - https:\/\/yoast.com\/wordpress\/plugins\/seo\/ -->\n<title>Adex rechaza proyecto de ley que establece l\u00edmites a la tenencia de tierras agr\u00edcolas<\/title>\n<meta name=\"description\" content=\"Portal de noticias del Per\u00fa sobre el transporte a\u00e9reo, aviaci\u00f3n, turismo, hoteleria, actualidad.\" \/>\n<meta name=\"robots\" content=\"index, follow, max-snippet:-1, max-image-preview:large, max-video-preview:-1\" \/>\n<link rel=\"canonical\" href=\"https:\/\/aeronoticias.com.pe\/noticiero\/economia\/adex-rechaza-proyecto-de-ley-que-establece-limites-a-la-tenencia-de-tierras-agricolas\/\" \/>\n<meta property=\"og:locale\" content=\"es_ES\" \/>\n<meta property=\"og:type\" content=\"article\" \/>\n<meta property=\"og:title\" content=\"Adex rechaza proyecto de ley que establece l\u00edmites a la tenencia de tierras agr\u00edcolas\" \/>\n<meta property=\"og:description\" content=\"Portal de noticias del Per\u00fa sobre el transporte a\u00e9reo, aviaci\u00f3n, turismo, hoteleria, actualidad.\" \/>\n<meta property=\"og:url\" content=\"https:\/\/aeronoticias.com.pe\/noticiero\/economia\/adex-rechaza-proyecto-de-ley-que-establece-limites-a-la-tenencia-de-tierras-agricolas\/\" \/>\n<meta property=\"og:site_name\" content=\"Aeronoticias.com.pe\" \/>\n<meta property=\"article:publisher\" content=\"https:\/\/www.facebook.com\/Aeronoticias.com.pe\/\" \/>\n<meta property=\"article:published_time\" content=\"2012-01-20T13:55:51+00:00\" \/>\n<meta name=\"author\" content=\"Redacci\u00f3n Aeronoticias\" \/>\n<meta name=\"twitter:card\" content=\"summary_large_image\" \/>\n<meta name=\"twitter:creator\" content=\"@aeronoticias\" \/>\n<meta name=\"twitter:site\" content=\"@aeronoticias\" \/>\n<meta name=\"twitter:label1\" content=\"Escrito por\" \/>\n\t<meta name=\"twitter:data1\" content=\"Redacci\u00f3n Aeronoticias\" \/>\n\t<meta name=\"twitter:label2\" content=\"Tiempo de lectura\" \/>\n\t<meta name=\"twitter:data2\" content=\"2 minutos\" \/>\n<script type=\"application\/ld+json\" class=\"yoast-schema-graph\">{\"@context\":\"https:\/\/schema.org\",\"@graph\":[{\"@type\":\"WebPage\",\"@id\":\"https:\/\/aeronoticias.com.pe\/noticiero\/economia\/adex-rechaza-proyecto-de-ley-que-establece-limites-a-la-tenencia-de-tierras-agricolas\/\",\"url\":\"https:\/\/aeronoticias.com.pe\/noticiero\/economia\/adex-rechaza-proyecto-de-ley-que-establece-limites-a-la-tenencia-de-tierras-agricolas\/\",\"name\":\"Adex rechaza proyecto de ley que establece l\u00edmites a la tenencia de tierras agr\u00edcolas\",\"isPartOf\":{\"@id\":\"https:\/\/aeronoticias.com.pe\/noticiero\/#website\"},\"datePublished\":\"2012-01-20T13:55:51+00:00\",\"author\":{\"@id\":\"https:\/\/aeronoticias.com.pe\/noticiero\/#\/schema\/person\/fc1e5d578f4b62ba1cf7ac2bba1170a0\"},\"description\":\"Portal de noticias del Per\u00fa sobre el transporte a\u00e9reo, aviaci\u00f3n, turismo, hoteleria, actualidad.\",\"breadcrumb\":{\"@id\":\"https:\/\/aeronoticias.com.pe\/noticiero\/economia\/adex-rechaza-proyecto-de-ley-que-establece-limites-a-la-tenencia-de-tierras-agricolas\/#breadcrumb\"},\"inLanguage\":\"es\",\"potentialAction\":[{\"@type\":\"ReadAction\",\"target\":[\"https:\/\/aeronoticias.com.pe\/noticiero\/economia\/adex-rechaza-proyecto-de-ley-que-establece-limites-a-la-tenencia-de-tierras-agricolas\/\"]}]},{\"@type\":\"BreadcrumbList\",\"@id\":\"https:\/\/aeronoticias.com.pe\/noticiero\/economia\/adex-rechaza-proyecto-de-ley-que-establece-limites-a-la-tenencia-de-tierras-agricolas\/#breadcrumb\",\"itemListElement\":[{\"@type\":\"ListItem\",\"position\":1,\"name\":\"Portada\",\"item\":\"https:\/\/aeronoticias.com.pe\/noticiero\/\"},{\"@type\":\"ListItem\",\"position\":2,\"name\":\"Adex rechaza proyecto de ley que establece l\u00edmites a la tenencia de tierras agr\u00edcolas\"}]},{\"@type\":\"WebSite\",\"@id\":\"https:\/\/aeronoticias.com.pe\/noticiero\/#website\",\"url\":\"https:\/\/aeronoticias.com.pe\/noticiero\/\",\"name\":\"Aeronoticias.com.pe\",\"description\":\"Noticias de tranporte aereo, turismo, hoteles, gastronomia, actualidad, internacional\",\"potentialAction\":[{\"@type\":\"SearchAction\",\"target\":{\"@type\":\"EntryPoint\",\"urlTemplate\":\"https:\/\/aeronoticias.com.pe\/noticiero\/?s={search_term_string}\"},\"query-input\":{\"@type\":\"PropertyValueSpecification\",\"valueRequired\":true,\"valueName\":\"search_term_string\"}}],\"inLanguage\":\"es\"},{\"@type\":\"Person\",\"@id\":\"https:\/\/aeronoticias.com.pe\/noticiero\/#\/schema\/person\/fc1e5d578f4b62ba1cf7ac2bba1170a0\",\"name\":\"Redacci\u00f3n Aeronoticias\",\"url\":\"https:\/\/aeronoticias.com.pe\/noticiero\/author\/piloto\/\"}]}<\/script>\n<!-- \/ Yoast SEO plugin. -->","yoast_head_json":{"title":"Adex rechaza proyecto de ley que establece l\u00edmites a la tenencia de tierras agr\u00edcolas","description":"Portal de noticias del Per\u00fa sobre el transporte a\u00e9reo, aviaci\u00f3n, turismo, hoteleria, actualidad.","robots":{"index":"index","follow":"follow","max-snippet":"max-snippet:-1","max-image-preview":"max-image-preview:large","max-video-preview":"max-video-preview:-1"},"canonical":"https:\/\/aeronoticias.com.pe\/noticiero\/economia\/adex-rechaza-proyecto-de-ley-que-establece-limites-a-la-tenencia-de-tierras-agricolas\/","og_locale":"es_ES","og_type":"article","og_title":"Adex rechaza proyecto de ley que establece l\u00edmites a la tenencia de tierras agr\u00edcolas","og_description":"Portal de noticias del Per\u00fa sobre el transporte a\u00e9reo, aviaci\u00f3n, turismo, hoteleria, actualidad.","og_url":"https:\/\/aeronoticias.com.pe\/noticiero\/economia\/adex-rechaza-proyecto-de-ley-que-establece-limites-a-la-tenencia-de-tierras-agricolas\/","og_site_name":"Aeronoticias.com.pe","article_publisher":"https:\/\/www.facebook.com\/Aeronoticias.com.pe\/","article_published_time":"2012-01-20T13:55:51+00:00","author":"Redacci\u00f3n Aeronoticias","twitter_card":"summary_large_image","twitter_creator":"@aeronoticias","twitter_site":"@aeronoticias","twitter_misc":{"Escrito por":"Redacci\u00f3n Aeronoticias","Tiempo de lectura":"2 minutos"},"schema":{"@context":"https:\/\/schema.org","@graph":[{"@type":"WebPage","@id":"https:\/\/aeronoticias.com.pe\/noticiero\/economia\/adex-rechaza-proyecto-de-ley-que-establece-limites-a-la-tenencia-de-tierras-agricolas\/","url":"https:\/\/aeronoticias.com.pe\/noticiero\/economia\/adex-rechaza-proyecto-de-ley-que-establece-limites-a-la-tenencia-de-tierras-agricolas\/","name":"Adex rechaza proyecto de ley que establece l\u00edmites a la tenencia de tierras agr\u00edcolas","isPartOf":{"@id":"https:\/\/aeronoticias.com.pe\/noticiero\/#website"},"datePublished":"2012-01-20T13:55:51+00:00","author":{"@id":"https:\/\/aeronoticias.com.pe\/noticiero\/#\/schema\/person\/fc1e5d578f4b62ba1cf7ac2bba1170a0"},"description":"Portal de noticias del Per\u00fa sobre el transporte a\u00e9reo, aviaci\u00f3n, turismo, hoteleria, actualidad.","breadcrumb":{"@id":"https:\/\/aeronoticias.com.pe\/noticiero\/economia\/adex-rechaza-proyecto-de-ley-que-establece-limites-a-la-tenencia-de-tierras-agricolas\/#breadcrumb"},"inLanguage":"es","potentialAction":[{"@type":"ReadAction","target":["https:\/\/aeronoticias.com.pe\/noticiero\/economia\/adex-rechaza-proyecto-de-ley-que-establece-limites-a-la-tenencia-de-tierras-agricolas\/"]}]},{"@type":"BreadcrumbList","@id":"https:\/\/aeronoticias.com.pe\/noticiero\/economia\/adex-rechaza-proyecto-de-ley-que-establece-limites-a-la-tenencia-de-tierras-agricolas\/#breadcrumb","itemListElement":[{"@type":"ListItem","position":1,"name":"Portada","item":"https:\/\/aeronoticias.com.pe\/noticiero\/"},{"@type":"ListItem","position":2,"name":"Adex rechaza proyecto de ley que establece l\u00edmites a la tenencia de tierras agr\u00edcolas"}]},{"@type":"WebSite","@id":"https:\/\/aeronoticias.com.pe\/noticiero\/#website","url":"https:\/\/aeronoticias.com.pe\/noticiero\/","name":"Aeronoticias.com.pe","description":"Noticias de tranporte aereo, turismo, hoteles, gastronomia, actualidad, internacional","potentialAction":[{"@type":"SearchAction","target":{"@type":"EntryPoint","urlTemplate":"https:\/\/aeronoticias.com.pe\/noticiero\/?s={search_term_string}"},"query-input":{"@type":"PropertyValueSpecification","valueRequired":true,"valueName":"search_term_string"}}],"inLanguage":"es"},{"@type":"Person","@id":"https:\/\/aeronoticias.com.pe\/noticiero\/#\/schema\/person\/fc1e5d578f4b62ba1cf7ac2bba1170a0","name":"Redacci\u00f3n Aeronoticias","url":"https:\/\/aeronoticias.com.pe\/noticiero\/author\/piloto\/"}]}},"_links":{"self":[{"href":"https:\/\/aeronoticias.com.pe\/noticiero\/wp-json\/wp\/v2\/posts\/22558","targetHints":{"allow":["GET"]}}],"collection":[{"href":"https:\/\/aeronoticias.com.pe\/noticiero\/wp-json\/wp\/v2\/posts"}],"about":[{"href":"https:\/\/aeronoticias.com.pe\/noticiero\/wp-json\/wp\/v2\/types\/post"}],"author":[{"embeddable":true,"href":"https:\/\/aeronoticias.com.pe\/noticiero\/wp-json\/wp\/v2\/users\/1"}],"replies":[{"embeddable":true,"href":"https:\/\/aeronoticias.com.pe\/noticiero\/wp-json\/wp\/v2\/comments?post=22558"}],"version-history":[{"count":0,"href":"https:\/\/aeronoticias.com.pe\/noticiero\/wp-json\/wp\/v2\/posts\/22558\/revisions"}],"wp:attachment":[{"href":"https:\/\/aeronoticias.com.pe\/noticiero\/wp-json\/wp\/v2\/media?parent=22558"}],"wp:term":[{"taxonomy":"category","embeddable":true,"href":"https:\/\/aeronoticias.com.pe\/noticiero\/wp-json\/wp\/v2\/categories?post=22558"},{"taxonomy":"post_tag","embeddable":true,"href":"https:\/\/aeronoticias.com.pe\/noticiero\/wp-json\/wp\/v2\/tags?post=22558"}],"curies":[{"name":"wp","href":"https:\/\/api.w.org\/{rel}","templated":true}]}}