{"id":22569,"date":"2012-01-20T14:38:10","date_gmt":"2012-01-20T14:38:10","guid":{"rendered":"http:\/\/desarrollo.mcvicious.com\/aero2020\/2012\/01\/20\/barrios-cajamarquinos-con-colorido-pasacalle-invitan-a-participar-en-feria-gastronomica\/"},"modified":"2012-01-20T14:38:10","modified_gmt":"2012-01-20T14:38:10","slug":"barrios-cajamarquinos-con-colorido-pasacalle-invitan-a-participar-en-feria-gastronomica","status":"publish","type":"post","link":"https:\/\/aeronoticias.com.pe\/noticiero\/turismo\/13\/barrios-cajamarquinos-con-colorido-pasacalle-invitan-a-participar-en-feria-gastronomica\/","title":{"rendered":"Barrios cajamarquinos con colorido pasacalle invitan a participar en feria gastron\u00f3mica"},"content":{"rendered":"<p style=\"text-align: justify;\"><strong>(Aeronoticias).-<\/strong> Con un vistoso pasacalle, los barrios cajamarquinos invitaron \u00a0a los pobladores y turistas nacionales y extranjeros a participar este fin de semana en la primera feria gastron\u00f3mica \u00abMixtura Cajamarca\u00bb, organizada \u00a0en el marco del tradicional carnaval.<\/p>\n<p style=\"text-align: justify;\">Los organizadores del mencionado evento son los 16 barrios: Nuevo Cajamarca, Santa B\u00e1rbara, Cumbe Mayo, San Pedro, San Sebasti\u00e1n, Urubamba, San Jos\u00e9, Pueblo Libre, Ba\u00f1os del Inca, Lucmacucho, V\u00edctor Ra\u00fal, San Antonio, La Florida, Aranjuez, San Vicente y La Merced.<\/p>\n<p style=\"text-align: justify;\">El objetivo de la feria, que se llevar\u00e1 a cabo \u00a0en la sede \u00a0del Instituto Superior Pedag\u00f3gico Victorino Elorz, es de recaudar fondos para la confecci\u00f3n de trajes que lucir\u00e1n \u00a0en el concurso de patrullas y comparsas \u00a0en el corso.<\/p>\n<p>  <!--more-->  <\/p>\n<p style=\"text-align: justify;\">Cabe precisar que cada barrio preparar\u00e1 diversos potajes t\u00edpicos como sancochado, chicharr\u00f3n con mote, cuy frito con trigo, caldo verde, picante de cuy, entre otros, que ser\u00e1n ofrecidos al p\u00fablico desde cinco nuevos soles, as\u00ed lo inform\u00f3 el presidente del Comit\u00e9 de carnaval del barrio Lucmacucho, William Valdez Mu\u00f1oz.<\/p>\n<p style=\"text-align: justify;\">En la feria gastron\u00f3mica \u00a0no solo ofertaran platos t\u00edpicos, sino que tambi\u00e9n \u00a0se preparar\u00e1n postres y entradas como tamales, humitas, choclo con queso y papa rellena, \u00a0al se\u00f1alar que el certamen ser\u00e1 amenizado con la tradicional m\u00fasica del carnaval y y el horario de atenci\u00f3n ser\u00e1 de: 10:00 a 19:00 horas.<\/p>\n<p style=\"text-align: justify;\">Asimismo, Valdez agreg\u00f3 que su barrio necesita un presupuesto de 100 mil nuevos soles para participar en la fiesta del Rey Momo. Cabe indicar que la mayor cantidad de recursos con que se cuenta, es invertida en la confecci\u00f3n \u00a0de trajes \u00a0y coloridos motivos que se acostumbra \u00a0presentar en el concurso de patrullas y comparsas.<\/p>\n<p style=\"text-align: justify;\"><img decoding=\"async\" src=\"images\/stories\/12\/01\/200112\/cajamarca_pasacalle.jpg\" border=\"0\" alt=\"Barrios cajamarquinos con colorido pasacalle invitan a participar en feria gastron\u00f3mica\" title=\"Barrios cajamarquinos con colorido pasacalle invitan a participar en feria gastron\u00f3mica\" \/><\/p>\n","protected":false},"excerpt":{"rendered":"<p>(Aeronoticias).- Con un vistoso pasacalle, los barrios cajamarquinos invitaron \u00a0a los pobladores y turistas nacionales y extranjeros a participar este fin de semana en la primera feria gastron\u00f3mica \u00abMixtura Cajamarca\u00bb, organizada \u00a0en el marco del tradicional carnaval. Los organizadores del mencionado evento son los 16 barrios: Nuevo Cajamarca, Santa B\u00e1rbara, Cumbe Mayo, San Pedro, San [&hellip;]<\/p>\n","protected":false},"author":1,"featured_media":0,"comment_status":"open","ping_status":"open","sticky":false,"template":"","format":"standard","meta":{"tdm_status":"","tdm_grid_status":"","footnotes":""},"categories":[31],"tags":[],"class_list":{"0":"post-22569","1":"post","2":"type-post","3":"status-publish","4":"format-standard","6":"category-31"},"yoast_head":"<!-- This site is optimized with the Yoast SEO plugin v25.1 - https:\/\/yoast.com\/wordpress\/plugins\/seo\/ -->\n<title>Barrios cajamarquinos con colorido pasacalle invitan a participar en feria gastron\u00f3mica<\/title>\n<meta name=\"description\" content=\"Portal de noticias del Per\u00fa sobre el transporte a\u00e9reo, aviaci\u00f3n, turismo, hoteleria, actualidad.\" \/>\n<meta name=\"robots\" content=\"index, follow, max-snippet:-1, max-image-preview:large, max-video-preview:-1\" \/>\n<link rel=\"canonical\" href=\"https:\/\/aeronoticias.com.pe\/noticiero\/turismo\/13\/barrios-cajamarquinos-con-colorido-pasacalle-invitan-a-participar-en-feria-gastronomica\/\" \/>\n<meta property=\"og:locale\" content=\"es_ES\" \/>\n<meta property=\"og:type\" content=\"article\" \/>\n<meta property=\"og:title\" content=\"Barrios cajamarquinos con colorido pasacalle invitan a participar en feria gastron\u00f3mica\" \/>\n<meta property=\"og:description\" content=\"Portal de noticias del Per\u00fa sobre el transporte a\u00e9reo, aviaci\u00f3n, turismo, hoteleria, actualidad.\" \/>\n<meta property=\"og:url\" content=\"https:\/\/aeronoticias.com.pe\/noticiero\/turismo\/13\/barrios-cajamarquinos-con-colorido-pasacalle-invitan-a-participar-en-feria-gastronomica\/\" \/>\n<meta property=\"og:site_name\" content=\"Aeronoticias.com.pe\" \/>\n<meta property=\"article:publisher\" content=\"https:\/\/www.facebook.com\/Aeronoticias.com.pe\/\" \/>\n<meta property=\"article:published_time\" content=\"2012-01-20T14:38:10+00:00\" \/>\n<meta name=\"author\" content=\"Redacci\u00f3n Aeronoticias\" \/>\n<meta name=\"twitter:card\" content=\"summary_large_image\" \/>\n<meta name=\"twitter:creator\" content=\"@aeronoticias\" \/>\n<meta name=\"twitter:site\" content=\"@aeronoticias\" \/>\n<meta name=\"twitter:label1\" content=\"Escrito por\" \/>\n\t<meta name=\"twitter:data1\" content=\"Redacci\u00f3n Aeronoticias\" \/>\n\t<meta name=\"twitter:label2\" content=\"Tiempo de lectura\" \/>\n\t<meta name=\"twitter:data2\" content=\"1 minuto\" \/>\n<script type=\"application\/ld+json\" class=\"yoast-schema-graph\">{\"@context\":\"https:\/\/schema.org\",\"@graph\":[{\"@type\":\"WebPage\",\"@id\":\"https:\/\/aeronoticias.com.pe\/noticiero\/turismo\/13\/barrios-cajamarquinos-con-colorido-pasacalle-invitan-a-participar-en-feria-gastronomica\/\",\"url\":\"https:\/\/aeronoticias.com.pe\/noticiero\/turismo\/13\/barrios-cajamarquinos-con-colorido-pasacalle-invitan-a-participar-en-feria-gastronomica\/\",\"name\":\"Barrios cajamarquinos con colorido pasacalle invitan a participar en feria gastron\u00f3mica\",\"isPartOf\":{\"@id\":\"https:\/\/aeronoticias.com.pe\/noticiero\/#website\"},\"datePublished\":\"2012-01-20T14:38:10+00:00\",\"author\":{\"@id\":\"https:\/\/aeronoticias.com.pe\/noticiero\/#\/schema\/person\/fc1e5d578f4b62ba1cf7ac2bba1170a0\"},\"description\":\"Portal de noticias del Per\u00fa sobre el transporte a\u00e9reo, aviaci\u00f3n, turismo, hoteleria, actualidad.\",\"breadcrumb\":{\"@id\":\"https:\/\/aeronoticias.com.pe\/noticiero\/turismo\/13\/barrios-cajamarquinos-con-colorido-pasacalle-invitan-a-participar-en-feria-gastronomica\/#breadcrumb\"},\"inLanguage\":\"es\",\"potentialAction\":[{\"@type\":\"ReadAction\",\"target\":[\"https:\/\/aeronoticias.com.pe\/noticiero\/turismo\/13\/barrios-cajamarquinos-con-colorido-pasacalle-invitan-a-participar-en-feria-gastronomica\/\"]}]},{\"@type\":\"BreadcrumbList\",\"@id\":\"https:\/\/aeronoticias.com.pe\/noticiero\/turismo\/13\/barrios-cajamarquinos-con-colorido-pasacalle-invitan-a-participar-en-feria-gastronomica\/#breadcrumb\",\"itemListElement\":[{\"@type\":\"ListItem\",\"position\":1,\"name\":\"Portada\",\"item\":\"https:\/\/aeronoticias.com.pe\/noticiero\/\"},{\"@type\":\"ListItem\",\"position\":2,\"name\":\"Barrios cajamarquinos con colorido pasacalle invitan a participar en feria gastron\u00f3mica\"}]},{\"@type\":\"WebSite\",\"@id\":\"https:\/\/aeronoticias.com.pe\/noticiero\/#website\",\"url\":\"https:\/\/aeronoticias.com.pe\/noticiero\/\",\"name\":\"Aeronoticias.com.pe\",\"description\":\"Noticias de tranporte aereo, turismo, hoteles, gastronomia, actualidad, internacional\",\"potentialAction\":[{\"@type\":\"SearchAction\",\"target\":{\"@type\":\"EntryPoint\",\"urlTemplate\":\"https:\/\/aeronoticias.com.pe\/noticiero\/?s={search_term_string}\"},\"query-input\":{\"@type\":\"PropertyValueSpecification\",\"valueRequired\":true,\"valueName\":\"search_term_string\"}}],\"inLanguage\":\"es\"},{\"@type\":\"Person\",\"@id\":\"https:\/\/aeronoticias.com.pe\/noticiero\/#\/schema\/person\/fc1e5d578f4b62ba1cf7ac2bba1170a0\",\"name\":\"Redacci\u00f3n Aeronoticias\",\"url\":\"https:\/\/aeronoticias.com.pe\/noticiero\/author\/piloto\/\"}]}<\/script>\n<!-- \/ Yoast SEO plugin. -->","yoast_head_json":{"title":"Barrios cajamarquinos con colorido pasacalle invitan a participar en feria gastron\u00f3mica","description":"Portal de noticias del Per\u00fa sobre el transporte a\u00e9reo, aviaci\u00f3n, turismo, hoteleria, actualidad.","robots":{"index":"index","follow":"follow","max-snippet":"max-snippet:-1","max-image-preview":"max-image-preview:large","max-video-preview":"max-video-preview:-1"},"canonical":"https:\/\/aeronoticias.com.pe\/noticiero\/turismo\/13\/barrios-cajamarquinos-con-colorido-pasacalle-invitan-a-participar-en-feria-gastronomica\/","og_locale":"es_ES","og_type":"article","og_title":"Barrios cajamarquinos con colorido pasacalle invitan a participar en feria gastron\u00f3mica","og_description":"Portal de noticias del Per\u00fa sobre el transporte a\u00e9reo, aviaci\u00f3n, turismo, hoteleria, actualidad.","og_url":"https:\/\/aeronoticias.com.pe\/noticiero\/turismo\/13\/barrios-cajamarquinos-con-colorido-pasacalle-invitan-a-participar-en-feria-gastronomica\/","og_site_name":"Aeronoticias.com.pe","article_publisher":"https:\/\/www.facebook.com\/Aeronoticias.com.pe\/","article_published_time":"2012-01-20T14:38:10+00:00","author":"Redacci\u00f3n Aeronoticias","twitter_card":"summary_large_image","twitter_creator":"@aeronoticias","twitter_site":"@aeronoticias","twitter_misc":{"Escrito por":"Redacci\u00f3n Aeronoticias","Tiempo de lectura":"1 minuto"},"schema":{"@context":"https:\/\/schema.org","@graph":[{"@type":"WebPage","@id":"https:\/\/aeronoticias.com.pe\/noticiero\/turismo\/13\/barrios-cajamarquinos-con-colorido-pasacalle-invitan-a-participar-en-feria-gastronomica\/","url":"https:\/\/aeronoticias.com.pe\/noticiero\/turismo\/13\/barrios-cajamarquinos-con-colorido-pasacalle-invitan-a-participar-en-feria-gastronomica\/","name":"Barrios cajamarquinos con colorido pasacalle invitan a participar en feria gastron\u00f3mica","isPartOf":{"@id":"https:\/\/aeronoticias.com.pe\/noticiero\/#website"},"datePublished":"2012-01-20T14:38:10+00:00","author":{"@id":"https:\/\/aeronoticias.com.pe\/noticiero\/#\/schema\/person\/fc1e5d578f4b62ba1cf7ac2bba1170a0"},"description":"Portal de noticias del Per\u00fa sobre el transporte a\u00e9reo, aviaci\u00f3n, turismo, hoteleria, actualidad.","breadcrumb":{"@id":"https:\/\/aeronoticias.com.pe\/noticiero\/turismo\/13\/barrios-cajamarquinos-con-colorido-pasacalle-invitan-a-participar-en-feria-gastronomica\/#breadcrumb"},"inLanguage":"es","potentialAction":[{"@type":"ReadAction","target":["https:\/\/aeronoticias.com.pe\/noticiero\/turismo\/13\/barrios-cajamarquinos-con-colorido-pasacalle-invitan-a-participar-en-feria-gastronomica\/"]}]},{"@type":"BreadcrumbList","@id":"https:\/\/aeronoticias.com.pe\/noticiero\/turismo\/13\/barrios-cajamarquinos-con-colorido-pasacalle-invitan-a-participar-en-feria-gastronomica\/#breadcrumb","itemListElement":[{"@type":"ListItem","position":1,"name":"Portada","item":"https:\/\/aeronoticias.com.pe\/noticiero\/"},{"@type":"ListItem","position":2,"name":"Barrios cajamarquinos con colorido pasacalle invitan a participar en feria gastron\u00f3mica"}]},{"@type":"WebSite","@id":"https:\/\/aeronoticias.com.pe\/noticiero\/#website","url":"https:\/\/aeronoticias.com.pe\/noticiero\/","name":"Aeronoticias.com.pe","description":"Noticias de tranporte aereo, turismo, hoteles, gastronomia, actualidad, internacional","potentialAction":[{"@type":"SearchAction","target":{"@type":"EntryPoint","urlTemplate":"https:\/\/aeronoticias.com.pe\/noticiero\/?s={search_term_string}"},"query-input":{"@type":"PropertyValueSpecification","valueRequired":true,"valueName":"search_term_string"}}],"inLanguage":"es"},{"@type":"Person","@id":"https:\/\/aeronoticias.com.pe\/noticiero\/#\/schema\/person\/fc1e5d578f4b62ba1cf7ac2bba1170a0","name":"Redacci\u00f3n Aeronoticias","url":"https:\/\/aeronoticias.com.pe\/noticiero\/author\/piloto\/"}]}},"_links":{"self":[{"href":"https:\/\/aeronoticias.com.pe\/noticiero\/wp-json\/wp\/v2\/posts\/22569","targetHints":{"allow":["GET"]}}],"collection":[{"href":"https:\/\/aeronoticias.com.pe\/noticiero\/wp-json\/wp\/v2\/posts"}],"about":[{"href":"https:\/\/aeronoticias.com.pe\/noticiero\/wp-json\/wp\/v2\/types\/post"}],"author":[{"embeddable":true,"href":"https:\/\/aeronoticias.com.pe\/noticiero\/wp-json\/wp\/v2\/users\/1"}],"replies":[{"embeddable":true,"href":"https:\/\/aeronoticias.com.pe\/noticiero\/wp-json\/wp\/v2\/comments?post=22569"}],"version-history":[{"count":0,"href":"https:\/\/aeronoticias.com.pe\/noticiero\/wp-json\/wp\/v2\/posts\/22569\/revisions"}],"wp:attachment":[{"href":"https:\/\/aeronoticias.com.pe\/noticiero\/wp-json\/wp\/v2\/media?parent=22569"}],"wp:term":[{"taxonomy":"category","embeddable":true,"href":"https:\/\/aeronoticias.com.pe\/noticiero\/wp-json\/wp\/v2\/categories?post=22569"},{"taxonomy":"post_tag","embeddable":true,"href":"https:\/\/aeronoticias.com.pe\/noticiero\/wp-json\/wp\/v2\/tags?post=22569"}],"curies":[{"name":"wp","href":"https:\/\/api.w.org\/{rel}","templated":true}]}}