{"id":22571,"date":"2012-01-20T14:46:29","date_gmt":"2012-01-20T14:46:29","guid":{"rendered":"http:\/\/desarrollo.mcvicious.com\/aero2020\/2012\/01\/20\/renueva-tu-sonrisa-con-carillas-esteticas\/"},"modified":"2012-01-20T14:46:29","modified_gmt":"2012-01-20T14:46:29","slug":"renueva-tu-sonrisa-con-carillas-esteticas","status":"publish","type":"post","link":"https:\/\/aeronoticias.com.pe\/noticiero\/salud\/renueva-tu-sonrisa-con-carillas-esteticas\/","title":{"rendered":"Renueva tu sonrisa con carillas est\u00e9ticas"},"content":{"rendered":"<p style=\"text-align: justify;\"><strong>(Aeronoticias) <\/strong>Orient\u00e1ndonos hacia una odontolog\u00eda preventiva y de tecnolog\u00eda adhesiva, es importante recordar el rol que cumple la est\u00e9tica y la conservaci\u00f3n de las estructuras anat\u00f3micas naturales de los elementos dentarios como parte fundamental del sistema oral.<\/p>\n<p>No cabe la menor duda que ahora los pacientes no solo buscan restaurar la funci\u00f3n de sus dientes, incluso me atrever\u00eda a decir que se est\u00e1n concientizando m\u00e1s y buscan una odontolog\u00eda preventiva m\u00e1s que restauradora. Uno de los requerimientos m\u00e1s pedidos es mejorar la est\u00e9tica de la sonrisa, dientes blancos, proporcionales y con un equilibrio est\u00e9tico.<\/p>\n<p>Los adelantos tecnol\u00f3gicos en los sistemas adhesivos nos permiten hoy en d\u00eda minimizar esfuerzos, abaratar costos y optimizar el tiempo haciendo cambios muy notorios en la calidad de la sonrisa del paciente, logrando objetivos casi siempre hermosos y un paciente satisfecho; con muchas ganas de sonre\u00edr.<\/p>\n<p style=\"text-align: justify;\">El tratamiento que realizamos para lograr lo antes mencionado se llama \u00abCarillas Directas con Resinas Compuestas\u00bb. Y son procedimientos que se realizan en el sector anterior de la boca, espec\u00edficamente en la cara vestibular de los dientes anteriores usando tecnolog\u00eda adhesiva (resinas) donde el objetivo final es conservar la estructura dentaria natural sana y lograr est\u00e9tica, corrigiendo pigmentaciones muy marcadas, alteraciones (no tan pronunciadas) en la forma y posici\u00f3n de los dientes, reconstrucci\u00f3n de fracturas y micro-dientes, cierre de diastemas (separaci\u00f3n entre dientes) y todo lo que un buen diagn\u00f3stico nos pueda decir que es posible.<\/p>\n<p>Las carillas son una alternativa ideal si lo que quieres es mejorar en poco tiempo el aspecto de tu sonrisa, siempre que tomes conciencia del cuidado especial que deber\u00e1s tener con el nuevo aspecto de tu boca, ya que ning\u00fan tratamiento es eterno y mucho menos si no realizamos una adecuada higiene oral, visitas preventivas y profil\u00e1cticas a nuestro dentista.<\/p>\n<p><strong>VISITANOS EN: Calle Boulevard 162-suite 402 El Polo <br \/>Atenci\u00f3n previa cita: 2737683 \u2013 942640085 \u2013 604*3846<\/strong><\/p>\n<p style=\"text-align: justify;\"><img loading=\"lazy\" decoding=\"async\" src=\"images\/stories\/12\/01\/200112\/carillas.jpg\" border=\"0\" alt=\"Renueva tu sonrisa con carillas est\u00e9ticas\" width=\"400\" height=\"220\" \/><\/p>\n","protected":false},"excerpt":{"rendered":"<p>(Aeronoticias) Orient\u00e1ndonos hacia una odontolog\u00eda preventiva y de tecnolog\u00eda adhesiva, es importante recordar el rol que cumple la est\u00e9tica y la conservaci\u00f3n de las estructuras anat\u00f3micas naturales de los elementos dentarios como parte fundamental del sistema oral. No cabe la menor duda que ahora los pacientes no solo buscan restaurar la funci\u00f3n de sus dientes, [&hellip;]<\/p>\n","protected":false},"author":1,"featured_media":0,"comment_status":"open","ping_status":"open","sticky":false,"template":"","format":"standard","meta":{"tdm_status":"","tdm_grid_status":"","footnotes":""},"categories":[37],"tags":[],"class_list":{"0":"post-22571","1":"post","2":"type-post","3":"status-publish","4":"format-standard","6":"category-salud"},"yoast_head":"<!-- This site is optimized with the Yoast SEO plugin v25.1 - https:\/\/yoast.com\/wordpress\/plugins\/seo\/ -->\n<title>Renueva tu sonrisa con carillas est\u00e9ticas<\/title>\n<meta name=\"description\" content=\"Portal de noticias del Per\u00fa sobre el transporte a\u00e9reo, aviaci\u00f3n, turismo, hoteleria, actualidad.\" \/>\n<meta name=\"robots\" content=\"index, follow, max-snippet:-1, max-image-preview:large, max-video-preview:-1\" \/>\n<link rel=\"canonical\" href=\"https:\/\/aeronoticias.com.pe\/noticiero\/salud\/renueva-tu-sonrisa-con-carillas-esteticas\/\" \/>\n<meta property=\"og:locale\" content=\"es_ES\" \/>\n<meta property=\"og:type\" content=\"article\" \/>\n<meta property=\"og:title\" content=\"Renueva tu sonrisa con carillas est\u00e9ticas\" \/>\n<meta property=\"og:description\" content=\"Portal de noticias del Per\u00fa sobre el transporte a\u00e9reo, aviaci\u00f3n, turismo, hoteleria, actualidad.\" \/>\n<meta property=\"og:url\" content=\"https:\/\/aeronoticias.com.pe\/noticiero\/salud\/renueva-tu-sonrisa-con-carillas-esteticas\/\" \/>\n<meta property=\"og:site_name\" content=\"Aeronoticias.com.pe\" \/>\n<meta property=\"article:publisher\" content=\"https:\/\/www.facebook.com\/Aeronoticias.com.pe\/\" \/>\n<meta property=\"article:published_time\" content=\"2012-01-20T14:46:29+00:00\" \/>\n<meta name=\"author\" content=\"Redacci\u00f3n Aeronoticias\" \/>\n<meta name=\"twitter:card\" content=\"summary_large_image\" \/>\n<meta name=\"twitter:creator\" content=\"@aeronoticias\" \/>\n<meta name=\"twitter:site\" content=\"@aeronoticias\" \/>\n<meta name=\"twitter:label1\" content=\"Escrito por\" \/>\n\t<meta name=\"twitter:data1\" content=\"Redacci\u00f3n Aeronoticias\" \/>\n\t<meta name=\"twitter:label2\" content=\"Tiempo de lectura\" \/>\n\t<meta name=\"twitter:data2\" content=\"2 minutos\" \/>\n<script type=\"application\/ld+json\" class=\"yoast-schema-graph\">{\"@context\":\"https:\/\/schema.org\",\"@graph\":[{\"@type\":\"WebPage\",\"@id\":\"https:\/\/aeronoticias.com.pe\/noticiero\/salud\/renueva-tu-sonrisa-con-carillas-esteticas\/\",\"url\":\"https:\/\/aeronoticias.com.pe\/noticiero\/salud\/renueva-tu-sonrisa-con-carillas-esteticas\/\",\"name\":\"Renueva tu sonrisa con carillas est\u00e9ticas\",\"isPartOf\":{\"@id\":\"https:\/\/aeronoticias.com.pe\/noticiero\/#website\"},\"datePublished\":\"2012-01-20T14:46:29+00:00\",\"author\":{\"@id\":\"https:\/\/aeronoticias.com.pe\/noticiero\/#\/schema\/person\/fc1e5d578f4b62ba1cf7ac2bba1170a0\"},\"description\":\"Portal de noticias del Per\u00fa sobre el transporte a\u00e9reo, aviaci\u00f3n, turismo, hoteleria, actualidad.\",\"breadcrumb\":{\"@id\":\"https:\/\/aeronoticias.com.pe\/noticiero\/salud\/renueva-tu-sonrisa-con-carillas-esteticas\/#breadcrumb\"},\"inLanguage\":\"es\",\"potentialAction\":[{\"@type\":\"ReadAction\",\"target\":[\"https:\/\/aeronoticias.com.pe\/noticiero\/salud\/renueva-tu-sonrisa-con-carillas-esteticas\/\"]}]},{\"@type\":\"BreadcrumbList\",\"@id\":\"https:\/\/aeronoticias.com.pe\/noticiero\/salud\/renueva-tu-sonrisa-con-carillas-esteticas\/#breadcrumb\",\"itemListElement\":[{\"@type\":\"ListItem\",\"position\":1,\"name\":\"Portada\",\"item\":\"https:\/\/aeronoticias.com.pe\/noticiero\/\"},{\"@type\":\"ListItem\",\"position\":2,\"name\":\"Renueva tu sonrisa con carillas est\u00e9ticas\"}]},{\"@type\":\"WebSite\",\"@id\":\"https:\/\/aeronoticias.com.pe\/noticiero\/#website\",\"url\":\"https:\/\/aeronoticias.com.pe\/noticiero\/\",\"name\":\"Aeronoticias.com.pe\",\"description\":\"Noticias de tranporte aereo, turismo, hoteles, gastronomia, actualidad, internacional\",\"potentialAction\":[{\"@type\":\"SearchAction\",\"target\":{\"@type\":\"EntryPoint\",\"urlTemplate\":\"https:\/\/aeronoticias.com.pe\/noticiero\/?s={search_term_string}\"},\"query-input\":{\"@type\":\"PropertyValueSpecification\",\"valueRequired\":true,\"valueName\":\"search_term_string\"}}],\"inLanguage\":\"es\"},{\"@type\":\"Person\",\"@id\":\"https:\/\/aeronoticias.com.pe\/noticiero\/#\/schema\/person\/fc1e5d578f4b62ba1cf7ac2bba1170a0\",\"name\":\"Redacci\u00f3n Aeronoticias\",\"url\":\"https:\/\/aeronoticias.com.pe\/noticiero\/author\/piloto\/\"}]}<\/script>\n<!-- \/ Yoast SEO plugin. -->","yoast_head_json":{"title":"Renueva tu sonrisa con carillas est\u00e9ticas","description":"Portal de noticias del Per\u00fa sobre el transporte a\u00e9reo, aviaci\u00f3n, turismo, hoteleria, actualidad.","robots":{"index":"index","follow":"follow","max-snippet":"max-snippet:-1","max-image-preview":"max-image-preview:large","max-video-preview":"max-video-preview:-1"},"canonical":"https:\/\/aeronoticias.com.pe\/noticiero\/salud\/renueva-tu-sonrisa-con-carillas-esteticas\/","og_locale":"es_ES","og_type":"article","og_title":"Renueva tu sonrisa con carillas est\u00e9ticas","og_description":"Portal de noticias del Per\u00fa sobre el transporte a\u00e9reo, aviaci\u00f3n, turismo, hoteleria, actualidad.","og_url":"https:\/\/aeronoticias.com.pe\/noticiero\/salud\/renueva-tu-sonrisa-con-carillas-esteticas\/","og_site_name":"Aeronoticias.com.pe","article_publisher":"https:\/\/www.facebook.com\/Aeronoticias.com.pe\/","article_published_time":"2012-01-20T14:46:29+00:00","author":"Redacci\u00f3n Aeronoticias","twitter_card":"summary_large_image","twitter_creator":"@aeronoticias","twitter_site":"@aeronoticias","twitter_misc":{"Escrito por":"Redacci\u00f3n Aeronoticias","Tiempo de lectura":"2 minutos"},"schema":{"@context":"https:\/\/schema.org","@graph":[{"@type":"WebPage","@id":"https:\/\/aeronoticias.com.pe\/noticiero\/salud\/renueva-tu-sonrisa-con-carillas-esteticas\/","url":"https:\/\/aeronoticias.com.pe\/noticiero\/salud\/renueva-tu-sonrisa-con-carillas-esteticas\/","name":"Renueva tu sonrisa con carillas est\u00e9ticas","isPartOf":{"@id":"https:\/\/aeronoticias.com.pe\/noticiero\/#website"},"datePublished":"2012-01-20T14:46:29+00:00","author":{"@id":"https:\/\/aeronoticias.com.pe\/noticiero\/#\/schema\/person\/fc1e5d578f4b62ba1cf7ac2bba1170a0"},"description":"Portal de noticias del Per\u00fa sobre el transporte a\u00e9reo, aviaci\u00f3n, turismo, hoteleria, actualidad.","breadcrumb":{"@id":"https:\/\/aeronoticias.com.pe\/noticiero\/salud\/renueva-tu-sonrisa-con-carillas-esteticas\/#breadcrumb"},"inLanguage":"es","potentialAction":[{"@type":"ReadAction","target":["https:\/\/aeronoticias.com.pe\/noticiero\/salud\/renueva-tu-sonrisa-con-carillas-esteticas\/"]}]},{"@type":"BreadcrumbList","@id":"https:\/\/aeronoticias.com.pe\/noticiero\/salud\/renueva-tu-sonrisa-con-carillas-esteticas\/#breadcrumb","itemListElement":[{"@type":"ListItem","position":1,"name":"Portada","item":"https:\/\/aeronoticias.com.pe\/noticiero\/"},{"@type":"ListItem","position":2,"name":"Renueva tu sonrisa con carillas est\u00e9ticas"}]},{"@type":"WebSite","@id":"https:\/\/aeronoticias.com.pe\/noticiero\/#website","url":"https:\/\/aeronoticias.com.pe\/noticiero\/","name":"Aeronoticias.com.pe","description":"Noticias de tranporte aereo, turismo, hoteles, gastronomia, actualidad, internacional","potentialAction":[{"@type":"SearchAction","target":{"@type":"EntryPoint","urlTemplate":"https:\/\/aeronoticias.com.pe\/noticiero\/?s={search_term_string}"},"query-input":{"@type":"PropertyValueSpecification","valueRequired":true,"valueName":"search_term_string"}}],"inLanguage":"es"},{"@type":"Person","@id":"https:\/\/aeronoticias.com.pe\/noticiero\/#\/schema\/person\/fc1e5d578f4b62ba1cf7ac2bba1170a0","name":"Redacci\u00f3n Aeronoticias","url":"https:\/\/aeronoticias.com.pe\/noticiero\/author\/piloto\/"}]}},"_links":{"self":[{"href":"https:\/\/aeronoticias.com.pe\/noticiero\/wp-json\/wp\/v2\/posts\/22571","targetHints":{"allow":["GET"]}}],"collection":[{"href":"https:\/\/aeronoticias.com.pe\/noticiero\/wp-json\/wp\/v2\/posts"}],"about":[{"href":"https:\/\/aeronoticias.com.pe\/noticiero\/wp-json\/wp\/v2\/types\/post"}],"author":[{"embeddable":true,"href":"https:\/\/aeronoticias.com.pe\/noticiero\/wp-json\/wp\/v2\/users\/1"}],"replies":[{"embeddable":true,"href":"https:\/\/aeronoticias.com.pe\/noticiero\/wp-json\/wp\/v2\/comments?post=22571"}],"version-history":[{"count":0,"href":"https:\/\/aeronoticias.com.pe\/noticiero\/wp-json\/wp\/v2\/posts\/22571\/revisions"}],"wp:attachment":[{"href":"https:\/\/aeronoticias.com.pe\/noticiero\/wp-json\/wp\/v2\/media?parent=22571"}],"wp:term":[{"taxonomy":"category","embeddable":true,"href":"https:\/\/aeronoticias.com.pe\/noticiero\/wp-json\/wp\/v2\/categories?post=22571"},{"taxonomy":"post_tag","embeddable":true,"href":"https:\/\/aeronoticias.com.pe\/noticiero\/wp-json\/wp\/v2\/tags?post=22571"}],"curies":[{"name":"wp","href":"https:\/\/api.w.org\/{rel}","templated":true}]}}