{"id":22573,"date":"2012-01-20T14:54:29","date_gmt":"2012-01-20T14:54:29","guid":{"rendered":"http:\/\/desarrollo.mcvicious.com\/aero2020\/2012\/01\/20\/el-plan-de-merkozy-antes-de-la-proxima-cumbre\/"},"modified":"2020-09-11T15:49:07","modified_gmt":"2020-09-11T15:49:07","slug":"el-plan-de-merkozy-antes-de-la-proxima-cumbre","status":"publish","type":"post","link":"https:\/\/aeronoticias.com.pe\/noticiero\/economia\/el-plan-de-merkozy-antes-de-la-proxima-cumbre\/","title":{"rendered":"El plan de &#8216;Merkozy&#8217; antes de la pr\u00f3xima cumbre"},"content":{"rendered":"<p style=\"text-align: justify;\"><strong>(Aeronoticias).-<\/strong> La pr\u00f3xima cumbre europea que se celebrar\u00e1 en Bruselas el 30 de enero cuenta ya con un documento elaborado por la canciller alemana, Angela Merkel y el presidente franc\u00e9s, Nicolas Sarkozy, que resume las principales propuestas de las dos econom\u00edas m\u00e1s poderosas de la Uni\u00f3n para sacar a la eurozona de la crisis e impulsar su crecimiento. Francia y Alemania conf\u00edan en que su plan sirva como punto de partida para llegar a diversos acuerdos de \u00edndole financiera con el resto de pa\u00edses de la Uni\u00f3n.<\/p>\n<p style=\"text-align: justify;\">Convergencia fiscal<\/p>\n<p style=\"text-align: justify;\">Entre otras propuestas, el documento refleja la puesta en marcha del tan tra\u00eddo y llevado impuesto sobre transacciones financieras, que ha generado controversia tanto en la propia Uni\u00f3n Europea, como en el seno de algunos Gobiernos. Tal es el caso del alem\u00e1n.<\/p>\n<p>  <!--more-->  <\/p>\n<p style=\"text-align: justify;\">Angela Merkel ha decidido impulsar junto con Francia dicho impuesto, ajena a la negativa de sus socios menores en la coalici\u00f3n de Gobierno, los liberales del FDP. Los liberales alemanes se niegan a una carga impositiva que afecte solo a los pa\u00edses de la Uni\u00f3n Europea. Y no es esta su \u00fanica objeci\u00f3n a la tasa. El experto en finanzas del FDP, Volker Wissing, hizo hincapi\u00e9 en que su partido apoyar\u00eda el impuesto en el caso de que fuera v\u00e1lido para los 27 pa\u00edses de la Uni\u00f3n, pero Merkel cree que, de momento, solo ser\u00eda posible implementarlo en 17 de los socios europeos.<\/p>\n<p style=\"text-align: justify;\">La idea de esta tasa a las transacciones financieras fue puesta sobre la mesa por \u00a0la Comisi\u00f3n europea el pasado oto\u00f1o, con el fin de que se aplicara a los 27 pa\u00edses. Su propuesta fue que, a partir de 2014, se gravaran las transacciones financieras en las que interveniera al menos un agente de la Uni\u00f3n. Con esta medida, Bruselas aspiraba a recaudar 57 mil millones de euros. \u00a0Gran Breta\u00f1a siempre se mostr\u00f3 en contra y Suecia mantiene al respecto una postura esc\u00e9ptica.<\/p>\n<p style=\"text-align: justify;\">Adem\u00e1s del controvertido impuesto, Merkel y Sarkozy desean acelerar la coordinaci\u00f3n fiscal de las empresas europeas. El objetivo es que el impuesto de sociedades grave el mismo porcentaje en todos los pa\u00edses miembros. En la actualidad, esta tasa var\u00eda mucho de un pa\u00eds a otro. Mientras Irlanda cuenta con un impuesto de sociedades muy reducido, por lo que se ha convertido en para\u00edso de numerosas empresas de la Uni\u00f3n, Francia grava casi el 35%. \u00a0El pr\u00f3ximo lunes se reunir\u00e1n en Par\u00eds los ministros de Econom\u00eda de Francia, Fran\u00e7ois Baroin, y Alemania, Wolfgang Sch\u00e4uble, con el fin de avanzar en este punto.<\/p>\n<p style=\"text-align: justify;\">No solo austeridad<\/p>\n<p style=\"text-align: justify;\">El plan de Merkozy contempla por fin medidas para estimular el crecimiento econ\u00f3mico y combatir el desempleo que azota a la poblaci\u00f3n europea. Ambos dirigentes invitan a los socios a realizar sus reflexiones sobre un futuro fondo para el crecimiento, con la vista puesta sobre todo en los pa\u00edses que ya han necesitado apoyo financiero, Portugal, Irlanda y Grecia.<\/p>\n<p style=\"text-align: justify;\">Adem\u00e1s, plantean estrategias para favorecer la creaci\u00f3n de empleos en la Uni\u00f3n Europea, sobre todo entre los j\u00f3venes. Una de ellas es la formaci\u00f3n profesional. El plan de Merkozy pretende que el pr\u00f3ximo 30 de enero en Bruselas se apruebe una propuesta para impulsar el adiestramiento de este sector tan castigado por el paro. Adem\u00e1s, desean promover medidas para facilitar a\u00fan m\u00e1s la movilidad laboral entre los distintos pa\u00edses.<\/p>\n<p style=\"text-align: justify;\">Autora: Mar\u00eda Santacecilia<\/p>\n<p style=\"text-align: justify;\">Editora: Rosa Mu\u00f1oz Lima<\/p>\n<p style=\"text-align: justify;\">Deutsche Welle<\/p>\n<p style=\"text-align: justify;\"><img decoding=\"async\" src=\"images\/stories\/12\/01\/200112\/fin.jpg\" border=\"0\" alt=\"El plan de 'Merkozy' antes de la pr\u00f3xima cumbre\" title=\"El plan de 'Merkozy' antes de la pr\u00f3xima cumbre\" \/><\/p>\n","protected":false},"excerpt":{"rendered":"<p>(Aeronoticias).- La pr\u00f3xima cumbre europea que se celebrar\u00e1 en Bruselas el 30 de enero cuenta ya con un documento elaborado por la canciller alemana, Angela Merkel y el presidente franc\u00e9s, Nicolas Sarkozy, que resume las principales propuestas de las dos econom\u00edas m\u00e1s poderosas de la Uni\u00f3n para sacar a la eurozona de la crisis e [&hellip;]<\/p>\n","protected":false},"author":1,"featured_media":0,"comment_status":"open","ping_status":"open","sticky":false,"template":"","format":"standard","meta":{"tdm_status":"","tdm_grid_status":"","footnotes":""},"categories":[33],"tags":[],"class_list":{"0":"post-22573","1":"post","2":"type-post","3":"status-publish","4":"format-standard","6":"category-economia"},"yoast_head":"<!-- This site is optimized with the Yoast SEO plugin v25.1 - https:\/\/yoast.com\/wordpress\/plugins\/seo\/ -->\n<title>El plan de &#039;Merkozy&#039; antes de la pr\u00f3xima cumbre<\/title>\n<meta name=\"description\" content=\"Portal de noticias del Per\u00fa sobre el transporte a\u00e9reo, aviaci\u00f3n, turismo, hoteleria, actualidad.\" \/>\n<meta name=\"robots\" content=\"index, follow, max-snippet:-1, max-image-preview:large, max-video-preview:-1\" \/>\n<link rel=\"canonical\" href=\"https:\/\/aeronoticias.com.pe\/noticiero\/economia\/el-plan-de-merkozy-antes-de-la-proxima-cumbre\/\" \/>\n<meta property=\"og:locale\" content=\"es_ES\" \/>\n<meta property=\"og:type\" content=\"article\" \/>\n<meta property=\"og:title\" content=\"El plan de &#039;Merkozy&#039; antes de la pr\u00f3xima cumbre\" \/>\n<meta property=\"og:description\" content=\"Portal de noticias del Per\u00fa sobre el transporte a\u00e9reo, aviaci\u00f3n, turismo, hoteleria, actualidad.\" \/>\n<meta property=\"og:url\" content=\"https:\/\/aeronoticias.com.pe\/noticiero\/economia\/el-plan-de-merkozy-antes-de-la-proxima-cumbre\/\" \/>\n<meta property=\"og:site_name\" content=\"Aeronoticias.com.pe\" \/>\n<meta property=\"article:publisher\" content=\"https:\/\/www.facebook.com\/Aeronoticias.com.pe\/\" \/>\n<meta property=\"article:published_time\" content=\"2012-01-20T14:54:29+00:00\" \/>\n<meta property=\"article:modified_time\" content=\"2020-09-11T15:49:07+00:00\" \/>\n<meta name=\"author\" content=\"Redacci\u00f3n Aeronoticias\" \/>\n<meta name=\"twitter:card\" content=\"summary_large_image\" \/>\n<meta name=\"twitter:creator\" content=\"@aeronoticias\" \/>\n<meta name=\"twitter:site\" content=\"@aeronoticias\" \/>\n<meta name=\"twitter:label1\" content=\"Escrito por\" \/>\n\t<meta name=\"twitter:data1\" content=\"Redacci\u00f3n Aeronoticias\" \/>\n\t<meta name=\"twitter:label2\" content=\"Tiempo de lectura\" \/>\n\t<meta name=\"twitter:data2\" content=\"3 minutos\" \/>\n<script type=\"application\/ld+json\" class=\"yoast-schema-graph\">{\"@context\":\"https:\/\/schema.org\",\"@graph\":[{\"@type\":\"WebPage\",\"@id\":\"https:\/\/aeronoticias.com.pe\/noticiero\/economia\/el-plan-de-merkozy-antes-de-la-proxima-cumbre\/\",\"url\":\"https:\/\/aeronoticias.com.pe\/noticiero\/economia\/el-plan-de-merkozy-antes-de-la-proxima-cumbre\/\",\"name\":\"El plan de 'Merkozy' antes de la pr\u00f3xima cumbre\",\"isPartOf\":{\"@id\":\"https:\/\/aeronoticias.com.pe\/noticiero\/#website\"},\"datePublished\":\"2012-01-20T14:54:29+00:00\",\"dateModified\":\"2020-09-11T15:49:07+00:00\",\"author\":{\"@id\":\"https:\/\/aeronoticias.com.pe\/noticiero\/#\/schema\/person\/fc1e5d578f4b62ba1cf7ac2bba1170a0\"},\"description\":\"Portal de noticias del Per\u00fa sobre el transporte a\u00e9reo, aviaci\u00f3n, turismo, hoteleria, actualidad.\",\"breadcrumb\":{\"@id\":\"https:\/\/aeronoticias.com.pe\/noticiero\/economia\/el-plan-de-merkozy-antes-de-la-proxima-cumbre\/#breadcrumb\"},\"inLanguage\":\"es\",\"potentialAction\":[{\"@type\":\"ReadAction\",\"target\":[\"https:\/\/aeronoticias.com.pe\/noticiero\/economia\/el-plan-de-merkozy-antes-de-la-proxima-cumbre\/\"]}]},{\"@type\":\"BreadcrumbList\",\"@id\":\"https:\/\/aeronoticias.com.pe\/noticiero\/economia\/el-plan-de-merkozy-antes-de-la-proxima-cumbre\/#breadcrumb\",\"itemListElement\":[{\"@type\":\"ListItem\",\"position\":1,\"name\":\"Portada\",\"item\":\"https:\/\/aeronoticias.com.pe\/noticiero\/\"},{\"@type\":\"ListItem\",\"position\":2,\"name\":\"El plan de &#8216;Merkozy&#8217; antes de la pr\u00f3xima cumbre\"}]},{\"@type\":\"WebSite\",\"@id\":\"https:\/\/aeronoticias.com.pe\/noticiero\/#website\",\"url\":\"https:\/\/aeronoticias.com.pe\/noticiero\/\",\"name\":\"Aeronoticias.com.pe\",\"description\":\"Noticias de tranporte aereo, turismo, hoteles, gastronomia, actualidad, internacional\",\"potentialAction\":[{\"@type\":\"SearchAction\",\"target\":{\"@type\":\"EntryPoint\",\"urlTemplate\":\"https:\/\/aeronoticias.com.pe\/noticiero\/?s={search_term_string}\"},\"query-input\":{\"@type\":\"PropertyValueSpecification\",\"valueRequired\":true,\"valueName\":\"search_term_string\"}}],\"inLanguage\":\"es\"},{\"@type\":\"Person\",\"@id\":\"https:\/\/aeronoticias.com.pe\/noticiero\/#\/schema\/person\/fc1e5d578f4b62ba1cf7ac2bba1170a0\",\"name\":\"Redacci\u00f3n Aeronoticias\",\"url\":\"https:\/\/aeronoticias.com.pe\/noticiero\/author\/piloto\/\"}]}<\/script>\n<!-- \/ Yoast SEO plugin. -->","yoast_head_json":{"title":"El plan de 'Merkozy' antes de la pr\u00f3xima cumbre","description":"Portal de noticias del Per\u00fa sobre el transporte a\u00e9reo, aviaci\u00f3n, turismo, hoteleria, actualidad.","robots":{"index":"index","follow":"follow","max-snippet":"max-snippet:-1","max-image-preview":"max-image-preview:large","max-video-preview":"max-video-preview:-1"},"canonical":"https:\/\/aeronoticias.com.pe\/noticiero\/economia\/el-plan-de-merkozy-antes-de-la-proxima-cumbre\/","og_locale":"es_ES","og_type":"article","og_title":"El plan de 'Merkozy' antes de la pr\u00f3xima cumbre","og_description":"Portal de noticias del Per\u00fa sobre el transporte a\u00e9reo, aviaci\u00f3n, turismo, hoteleria, actualidad.","og_url":"https:\/\/aeronoticias.com.pe\/noticiero\/economia\/el-plan-de-merkozy-antes-de-la-proxima-cumbre\/","og_site_name":"Aeronoticias.com.pe","article_publisher":"https:\/\/www.facebook.com\/Aeronoticias.com.pe\/","article_published_time":"2012-01-20T14:54:29+00:00","article_modified_time":"2020-09-11T15:49:07+00:00","author":"Redacci\u00f3n Aeronoticias","twitter_card":"summary_large_image","twitter_creator":"@aeronoticias","twitter_site":"@aeronoticias","twitter_misc":{"Escrito por":"Redacci\u00f3n Aeronoticias","Tiempo de lectura":"3 minutos"},"schema":{"@context":"https:\/\/schema.org","@graph":[{"@type":"WebPage","@id":"https:\/\/aeronoticias.com.pe\/noticiero\/economia\/el-plan-de-merkozy-antes-de-la-proxima-cumbre\/","url":"https:\/\/aeronoticias.com.pe\/noticiero\/economia\/el-plan-de-merkozy-antes-de-la-proxima-cumbre\/","name":"El plan de 'Merkozy' antes de la pr\u00f3xima cumbre","isPartOf":{"@id":"https:\/\/aeronoticias.com.pe\/noticiero\/#website"},"datePublished":"2012-01-20T14:54:29+00:00","dateModified":"2020-09-11T15:49:07+00:00","author":{"@id":"https:\/\/aeronoticias.com.pe\/noticiero\/#\/schema\/person\/fc1e5d578f4b62ba1cf7ac2bba1170a0"},"description":"Portal de noticias del Per\u00fa sobre el transporte a\u00e9reo, aviaci\u00f3n, turismo, hoteleria, actualidad.","breadcrumb":{"@id":"https:\/\/aeronoticias.com.pe\/noticiero\/economia\/el-plan-de-merkozy-antes-de-la-proxima-cumbre\/#breadcrumb"},"inLanguage":"es","potentialAction":[{"@type":"ReadAction","target":["https:\/\/aeronoticias.com.pe\/noticiero\/economia\/el-plan-de-merkozy-antes-de-la-proxima-cumbre\/"]}]},{"@type":"BreadcrumbList","@id":"https:\/\/aeronoticias.com.pe\/noticiero\/economia\/el-plan-de-merkozy-antes-de-la-proxima-cumbre\/#breadcrumb","itemListElement":[{"@type":"ListItem","position":1,"name":"Portada","item":"https:\/\/aeronoticias.com.pe\/noticiero\/"},{"@type":"ListItem","position":2,"name":"El plan de &#8216;Merkozy&#8217; antes de la pr\u00f3xima cumbre"}]},{"@type":"WebSite","@id":"https:\/\/aeronoticias.com.pe\/noticiero\/#website","url":"https:\/\/aeronoticias.com.pe\/noticiero\/","name":"Aeronoticias.com.pe","description":"Noticias de tranporte aereo, turismo, hoteles, gastronomia, actualidad, internacional","potentialAction":[{"@type":"SearchAction","target":{"@type":"EntryPoint","urlTemplate":"https:\/\/aeronoticias.com.pe\/noticiero\/?s={search_term_string}"},"query-input":{"@type":"PropertyValueSpecification","valueRequired":true,"valueName":"search_term_string"}}],"inLanguage":"es"},{"@type":"Person","@id":"https:\/\/aeronoticias.com.pe\/noticiero\/#\/schema\/person\/fc1e5d578f4b62ba1cf7ac2bba1170a0","name":"Redacci\u00f3n Aeronoticias","url":"https:\/\/aeronoticias.com.pe\/noticiero\/author\/piloto\/"}]}},"_links":{"self":[{"href":"https:\/\/aeronoticias.com.pe\/noticiero\/wp-json\/wp\/v2\/posts\/22573","targetHints":{"allow":["GET"]}}],"collection":[{"href":"https:\/\/aeronoticias.com.pe\/noticiero\/wp-json\/wp\/v2\/posts"}],"about":[{"href":"https:\/\/aeronoticias.com.pe\/noticiero\/wp-json\/wp\/v2\/types\/post"}],"author":[{"embeddable":true,"href":"https:\/\/aeronoticias.com.pe\/noticiero\/wp-json\/wp\/v2\/users\/1"}],"replies":[{"embeddable":true,"href":"https:\/\/aeronoticias.com.pe\/noticiero\/wp-json\/wp\/v2\/comments?post=22573"}],"version-history":[{"count":0,"href":"https:\/\/aeronoticias.com.pe\/noticiero\/wp-json\/wp\/v2\/posts\/22573\/revisions"}],"wp:attachment":[{"href":"https:\/\/aeronoticias.com.pe\/noticiero\/wp-json\/wp\/v2\/media?parent=22573"}],"wp:term":[{"taxonomy":"category","embeddable":true,"href":"https:\/\/aeronoticias.com.pe\/noticiero\/wp-json\/wp\/v2\/categories?post=22573"},{"taxonomy":"post_tag","embeddable":true,"href":"https:\/\/aeronoticias.com.pe\/noticiero\/wp-json\/wp\/v2\/tags?post=22573"}],"curies":[{"name":"wp","href":"https:\/\/api.w.org\/{rel}","templated":true}]}}