{"id":22577,"date":"2012-01-20T15:13:04","date_gmt":"2012-01-20T15:13:04","guid":{"rendered":"http:\/\/desarrollo.mcvicious.com\/aero2020\/2012\/01\/20\/sobrevivientes-peruanos-retornan-a-su-hogar-tras-sobrevivir-a-naufragio-en-italia\/"},"modified":"2012-01-20T15:13:04","modified_gmt":"2012-01-20T15:13:04","slug":"sobrevivientes-peruanos-retornan-a-su-hogar-tras-sobrevivir-a-naufragio-en-italia","status":"publish","type":"post","link":"https:\/\/aeronoticias.com.pe\/noticiero\/nacionales\/sobrevivientes-peruanos-retornan-a-su-hogar-tras-sobrevivir-a-naufragio-en-italia\/","title":{"rendered":"Sobrevivientes peruanos retornan a su hogar tras sobrevivir a naufragio en Italia"},"content":{"rendered":"<p style=\"text-align: justify;\"><strong>(Aeronoticias).-<\/strong> Milton Paredes, su esposa Edelmira Paredes y su hija Diana retornaron hoy a su hogar en la ciudad surandina de Cusco, luego de sobrevivir al naufragio del crucero Costa Concordia en la isla de Giglio, Italia, ocurrido el \u00faltimo viernes.<\/p>\n<p style=\"text-align: justify;\">A su llegada al aeropuerto internacional Alejandro Velasco Astete, cerca de las 14:00 horas, la familia cusque\u00f1a fue recibida con ramos de flores, abrazos y aplausos por parte de parientes y amigos cercanos.<\/p>\n<p style=\"text-align: justify;\">Paredes se mostr\u00f3 feliz de volver sano y con vida a su tierra, junto a su familia, tras la dif\u00edcil experiencia que les toc\u00f3 vivir en Italia, donde disfrutaban del referido crucero como parte de sus vacaciones.<\/p>\n<p style=\"text-align: justify;\">La esposa dijo sentir lo mismo, pero advirti\u00f3 que tuvieron inconvenientes para abordar el avi\u00f3n que los deb\u00eda traer de Lima, ya que la aerol\u00ednea comercial les \u00a0exig\u00eda presentar sus DNI, documentos que perdieron en el naufragio.<\/p>\n<p>  <!--more-->  <\/p>\n<p style=\"text-align: justify;\">Seg\u00fan indic\u00f3, tuvieron que apersonarse representantes del Ministerio de Relaciones Exteriores y explicar la situaci\u00f3n al personal de la empresa para que se les permitiera abordar.<\/p>\n<p style=\"text-align: justify;\">Refiri\u00f3 que en las escalas que hicieron en Roma (Italia), Barcelona y Madrid (Espa\u00f1a) no les hicieron problemas en solidaridad con lo que pasaron.<\/p>\n<p style=\"text-align: justify;\">Tras dejar el aeropuerto cusque\u00f1o, la familia Paredes Paredes recibi\u00f3 una c\u00e1lida bienvenida en el condominio Los Pinos, lugar donde residen.<\/p>\n<p style=\"text-align: justify;\">(FIN) PHS\/VVS\/JOT<\/p>\n<p style=\"text-align: justify;\">Agencia Andina.<\/p>\n<p style=\"text-align: justify;\"><img decoding=\"async\" src=\"images\/stories\/12\/01\/200112\/costa_concordia.jpg\" border=\"0\" alt=\"Sobrevivientes peruanos retornan a su hogar tras sobrevivir a naufragio en Italia\" title=\"Sobrevivientes peruanos retornan a su hogar tras sobrevivir a naufragio en Italia\" \/><\/p>\n","protected":false},"excerpt":{"rendered":"<p>(Aeronoticias).- Milton Paredes, su esposa Edelmira Paredes y su hija Diana retornaron hoy a su hogar en la ciudad surandina de Cusco, luego de sobrevivir al naufragio del crucero Costa Concordia en la isla de Giglio, Italia, ocurrido el \u00faltimo viernes. A su llegada al aeropuerto internacional Alejandro Velasco Astete, cerca de las 14:00 horas, [&hellip;]<\/p>\n","protected":false},"author":1,"featured_media":0,"comment_status":"open","ping_status":"open","sticky":false,"template":"","format":"standard","meta":{"tdm_status":"","tdm_grid_status":"","footnotes":""},"categories":[38],"tags":[],"class_list":{"0":"post-22577","1":"post","2":"type-post","3":"status-publish","4":"format-standard","6":"category-nacionales"},"yoast_head":"<!-- This site is optimized with the Yoast SEO plugin v25.1 - https:\/\/yoast.com\/wordpress\/plugins\/seo\/ -->\n<title>Sobrevivientes peruanos retornan a su hogar tras sobrevivir a naufragio en Italia<\/title>\n<meta name=\"description\" content=\"Portal de noticias del Per\u00fa sobre el transporte a\u00e9reo, aviaci\u00f3n, turismo, hoteleria, actualidad.\" \/>\n<meta name=\"robots\" content=\"index, follow, max-snippet:-1, max-image-preview:large, max-video-preview:-1\" \/>\n<link rel=\"canonical\" href=\"https:\/\/aeronoticias.com.pe\/noticiero\/nacionales\/sobrevivientes-peruanos-retornan-a-su-hogar-tras-sobrevivir-a-naufragio-en-italia\/\" \/>\n<meta property=\"og:locale\" content=\"es_ES\" \/>\n<meta property=\"og:type\" content=\"article\" \/>\n<meta property=\"og:title\" content=\"Sobrevivientes peruanos retornan a su hogar tras sobrevivir a naufragio en Italia\" \/>\n<meta property=\"og:description\" content=\"Portal de noticias del Per\u00fa sobre el transporte a\u00e9reo, aviaci\u00f3n, turismo, hoteleria, actualidad.\" \/>\n<meta property=\"og:url\" content=\"https:\/\/aeronoticias.com.pe\/noticiero\/nacionales\/sobrevivientes-peruanos-retornan-a-su-hogar-tras-sobrevivir-a-naufragio-en-italia\/\" \/>\n<meta property=\"og:site_name\" content=\"Aeronoticias.com.pe\" \/>\n<meta property=\"article:publisher\" content=\"https:\/\/www.facebook.com\/Aeronoticias.com.pe\/\" \/>\n<meta property=\"article:published_time\" content=\"2012-01-20T15:13:04+00:00\" \/>\n<meta name=\"author\" content=\"Redacci\u00f3n Aeronoticias\" \/>\n<meta name=\"twitter:card\" content=\"summary_large_image\" \/>\n<meta name=\"twitter:creator\" content=\"@aeronoticias\" \/>\n<meta name=\"twitter:site\" content=\"@aeronoticias\" \/>\n<meta name=\"twitter:label1\" content=\"Escrito por\" \/>\n\t<meta name=\"twitter:data1\" content=\"Redacci\u00f3n Aeronoticias\" \/>\n\t<meta name=\"twitter:label2\" content=\"Tiempo de lectura\" \/>\n\t<meta name=\"twitter:data2\" content=\"1 minuto\" \/>\n<script type=\"application\/ld+json\" class=\"yoast-schema-graph\">{\"@context\":\"https:\/\/schema.org\",\"@graph\":[{\"@type\":\"WebPage\",\"@id\":\"https:\/\/aeronoticias.com.pe\/noticiero\/nacionales\/sobrevivientes-peruanos-retornan-a-su-hogar-tras-sobrevivir-a-naufragio-en-italia\/\",\"url\":\"https:\/\/aeronoticias.com.pe\/noticiero\/nacionales\/sobrevivientes-peruanos-retornan-a-su-hogar-tras-sobrevivir-a-naufragio-en-italia\/\",\"name\":\"Sobrevivientes peruanos retornan a su hogar tras sobrevivir a naufragio en Italia\",\"isPartOf\":{\"@id\":\"https:\/\/aeronoticias.com.pe\/noticiero\/#website\"},\"datePublished\":\"2012-01-20T15:13:04+00:00\",\"author\":{\"@id\":\"https:\/\/aeronoticias.com.pe\/noticiero\/#\/schema\/person\/fc1e5d578f4b62ba1cf7ac2bba1170a0\"},\"description\":\"Portal de noticias del Per\u00fa sobre el transporte a\u00e9reo, aviaci\u00f3n, turismo, hoteleria, actualidad.\",\"breadcrumb\":{\"@id\":\"https:\/\/aeronoticias.com.pe\/noticiero\/nacionales\/sobrevivientes-peruanos-retornan-a-su-hogar-tras-sobrevivir-a-naufragio-en-italia\/#breadcrumb\"},\"inLanguage\":\"es\",\"potentialAction\":[{\"@type\":\"ReadAction\",\"target\":[\"https:\/\/aeronoticias.com.pe\/noticiero\/nacionales\/sobrevivientes-peruanos-retornan-a-su-hogar-tras-sobrevivir-a-naufragio-en-italia\/\"]}]},{\"@type\":\"BreadcrumbList\",\"@id\":\"https:\/\/aeronoticias.com.pe\/noticiero\/nacionales\/sobrevivientes-peruanos-retornan-a-su-hogar-tras-sobrevivir-a-naufragio-en-italia\/#breadcrumb\",\"itemListElement\":[{\"@type\":\"ListItem\",\"position\":1,\"name\":\"Portada\",\"item\":\"https:\/\/aeronoticias.com.pe\/noticiero\/\"},{\"@type\":\"ListItem\",\"position\":2,\"name\":\"Sobrevivientes peruanos retornan a su hogar tras sobrevivir a naufragio en Italia\"}]},{\"@type\":\"WebSite\",\"@id\":\"https:\/\/aeronoticias.com.pe\/noticiero\/#website\",\"url\":\"https:\/\/aeronoticias.com.pe\/noticiero\/\",\"name\":\"Aeronoticias.com.pe\",\"description\":\"Noticias de tranporte aereo, turismo, hoteles, gastronomia, actualidad, internacional\",\"potentialAction\":[{\"@type\":\"SearchAction\",\"target\":{\"@type\":\"EntryPoint\",\"urlTemplate\":\"https:\/\/aeronoticias.com.pe\/noticiero\/?s={search_term_string}\"},\"query-input\":{\"@type\":\"PropertyValueSpecification\",\"valueRequired\":true,\"valueName\":\"search_term_string\"}}],\"inLanguage\":\"es\"},{\"@type\":\"Person\",\"@id\":\"https:\/\/aeronoticias.com.pe\/noticiero\/#\/schema\/person\/fc1e5d578f4b62ba1cf7ac2bba1170a0\",\"name\":\"Redacci\u00f3n Aeronoticias\",\"url\":\"https:\/\/aeronoticias.com.pe\/noticiero\/author\/piloto\/\"}]}<\/script>\n<!-- \/ Yoast SEO plugin. -->","yoast_head_json":{"title":"Sobrevivientes peruanos retornan a su hogar tras sobrevivir a naufragio en Italia","description":"Portal de noticias del Per\u00fa sobre el transporte a\u00e9reo, aviaci\u00f3n, turismo, hoteleria, actualidad.","robots":{"index":"index","follow":"follow","max-snippet":"max-snippet:-1","max-image-preview":"max-image-preview:large","max-video-preview":"max-video-preview:-1"},"canonical":"https:\/\/aeronoticias.com.pe\/noticiero\/nacionales\/sobrevivientes-peruanos-retornan-a-su-hogar-tras-sobrevivir-a-naufragio-en-italia\/","og_locale":"es_ES","og_type":"article","og_title":"Sobrevivientes peruanos retornan a su hogar tras sobrevivir a naufragio en Italia","og_description":"Portal de noticias del Per\u00fa sobre el transporte a\u00e9reo, aviaci\u00f3n, turismo, hoteleria, actualidad.","og_url":"https:\/\/aeronoticias.com.pe\/noticiero\/nacionales\/sobrevivientes-peruanos-retornan-a-su-hogar-tras-sobrevivir-a-naufragio-en-italia\/","og_site_name":"Aeronoticias.com.pe","article_publisher":"https:\/\/www.facebook.com\/Aeronoticias.com.pe\/","article_published_time":"2012-01-20T15:13:04+00:00","author":"Redacci\u00f3n Aeronoticias","twitter_card":"summary_large_image","twitter_creator":"@aeronoticias","twitter_site":"@aeronoticias","twitter_misc":{"Escrito por":"Redacci\u00f3n Aeronoticias","Tiempo de lectura":"1 minuto"},"schema":{"@context":"https:\/\/schema.org","@graph":[{"@type":"WebPage","@id":"https:\/\/aeronoticias.com.pe\/noticiero\/nacionales\/sobrevivientes-peruanos-retornan-a-su-hogar-tras-sobrevivir-a-naufragio-en-italia\/","url":"https:\/\/aeronoticias.com.pe\/noticiero\/nacionales\/sobrevivientes-peruanos-retornan-a-su-hogar-tras-sobrevivir-a-naufragio-en-italia\/","name":"Sobrevivientes peruanos retornan a su hogar tras sobrevivir a naufragio en Italia","isPartOf":{"@id":"https:\/\/aeronoticias.com.pe\/noticiero\/#website"},"datePublished":"2012-01-20T15:13:04+00:00","author":{"@id":"https:\/\/aeronoticias.com.pe\/noticiero\/#\/schema\/person\/fc1e5d578f4b62ba1cf7ac2bba1170a0"},"description":"Portal de noticias del Per\u00fa sobre el transporte a\u00e9reo, aviaci\u00f3n, turismo, hoteleria, actualidad.","breadcrumb":{"@id":"https:\/\/aeronoticias.com.pe\/noticiero\/nacionales\/sobrevivientes-peruanos-retornan-a-su-hogar-tras-sobrevivir-a-naufragio-en-italia\/#breadcrumb"},"inLanguage":"es","potentialAction":[{"@type":"ReadAction","target":["https:\/\/aeronoticias.com.pe\/noticiero\/nacionales\/sobrevivientes-peruanos-retornan-a-su-hogar-tras-sobrevivir-a-naufragio-en-italia\/"]}]},{"@type":"BreadcrumbList","@id":"https:\/\/aeronoticias.com.pe\/noticiero\/nacionales\/sobrevivientes-peruanos-retornan-a-su-hogar-tras-sobrevivir-a-naufragio-en-italia\/#breadcrumb","itemListElement":[{"@type":"ListItem","position":1,"name":"Portada","item":"https:\/\/aeronoticias.com.pe\/noticiero\/"},{"@type":"ListItem","position":2,"name":"Sobrevivientes peruanos retornan a su hogar tras sobrevivir a naufragio en Italia"}]},{"@type":"WebSite","@id":"https:\/\/aeronoticias.com.pe\/noticiero\/#website","url":"https:\/\/aeronoticias.com.pe\/noticiero\/","name":"Aeronoticias.com.pe","description":"Noticias de tranporte aereo, turismo, hoteles, gastronomia, actualidad, internacional","potentialAction":[{"@type":"SearchAction","target":{"@type":"EntryPoint","urlTemplate":"https:\/\/aeronoticias.com.pe\/noticiero\/?s={search_term_string}"},"query-input":{"@type":"PropertyValueSpecification","valueRequired":true,"valueName":"search_term_string"}}],"inLanguage":"es"},{"@type":"Person","@id":"https:\/\/aeronoticias.com.pe\/noticiero\/#\/schema\/person\/fc1e5d578f4b62ba1cf7ac2bba1170a0","name":"Redacci\u00f3n Aeronoticias","url":"https:\/\/aeronoticias.com.pe\/noticiero\/author\/piloto\/"}]}},"_links":{"self":[{"href":"https:\/\/aeronoticias.com.pe\/noticiero\/wp-json\/wp\/v2\/posts\/22577","targetHints":{"allow":["GET"]}}],"collection":[{"href":"https:\/\/aeronoticias.com.pe\/noticiero\/wp-json\/wp\/v2\/posts"}],"about":[{"href":"https:\/\/aeronoticias.com.pe\/noticiero\/wp-json\/wp\/v2\/types\/post"}],"author":[{"embeddable":true,"href":"https:\/\/aeronoticias.com.pe\/noticiero\/wp-json\/wp\/v2\/users\/1"}],"replies":[{"embeddable":true,"href":"https:\/\/aeronoticias.com.pe\/noticiero\/wp-json\/wp\/v2\/comments?post=22577"}],"version-history":[{"count":0,"href":"https:\/\/aeronoticias.com.pe\/noticiero\/wp-json\/wp\/v2\/posts\/22577\/revisions"}],"wp:attachment":[{"href":"https:\/\/aeronoticias.com.pe\/noticiero\/wp-json\/wp\/v2\/media?parent=22577"}],"wp:term":[{"taxonomy":"category","embeddable":true,"href":"https:\/\/aeronoticias.com.pe\/noticiero\/wp-json\/wp\/v2\/categories?post=22577"},{"taxonomy":"post_tag","embeddable":true,"href":"https:\/\/aeronoticias.com.pe\/noticiero\/wp-json\/wp\/v2\/tags?post=22577"}],"curies":[{"name":"wp","href":"https:\/\/api.w.org\/{rel}","templated":true}]}}