{"id":22579,"date":"2012-01-20T15:21:06","date_gmt":"2012-01-20T15:21:06","guid":{"rendered":"http:\/\/desarrollo.mcvicious.com\/aero2020\/2012\/01\/20\/mincetur-propone-a-cadena-hotelera-melia-ampliar-inversion-en-peru\/"},"modified":"2012-01-20T15:21:06","modified_gmt":"2012-01-20T15:21:06","slug":"mincetur-propone-a-cadena-hotelera-melia-ampliar-inversion-en-peru","status":"publish","type":"post","link":"https:\/\/aeronoticias.com.pe\/noticiero\/turismo\/hoteleria\/mincetur-propone-a-cadena-hotelera-melia-ampliar-inversion-en-peru\/","title":{"rendered":"Mincetur propone a cadena hotelera Meli\u00e1 ampliar inversi\u00f3n en Per\u00fa"},"content":{"rendered":"<p style=\"text-align: justify;\"><strong>(Aeronoticias).-<\/strong> El Ministerio de Comercio Exterior y Turismo (Mincetur) propuso a la cadena hotelera espa\u00f1ola Meli\u00e1 Hotels International que ampl\u00ede sus inversiones hoteleras en Per\u00fa en sociedad con las Administradoras de Fondos de Pensiones (AFP).<\/p>\n<p style=\"text-align: justify;\">\u201cLa inversi\u00f3n de las AFP en construcci\u00f3n de hoteles es algo que no se ha hecho en Per\u00fa y es un tema que plantear\u00e9 a las AFP para que inviertan en el sector tur\u00edstico como lo hacen en construcci\u00f3n de infraestructura\u201d, se\u00f1al\u00f3 el ministro de Comercio Exterior y Turismo, Jos\u00e9 Luis Silva.<\/p>\n<p style=\"text-align: justify;\">Ello luego de una reuni\u00f3n con el vicepresidente ejecutivo de Meli\u00e1 Hotels International, Gabriel Escarrer, quien manifest\u00f3 su inter\u00e9s de ampliar sus inversiones en Per\u00fa.<\/p>\n<p>  <!--more-->  <\/p>\n<p style=\"text-align: justify;\">\u201cExiste un inter\u00e9s de Meli\u00e1 de ingresar agresivamente a Per\u00fa y le he planteado un modelo de asociaci\u00f3n a los fondos de pensiones del pa\u00eds\u201d, declar\u00f3 a la agencia Andina.<\/p>\n<p style=\"text-align: justify;\">Se\u00f1al\u00f3 que Meli\u00e1 es una de las cadenas hoteleras m\u00e1s grandes del mundo pero en Per\u00fa cuenta con un solo hotel, ubicado en el distrito lime\u00f1o de San Isidro, por lo que le plante\u00f3 dicha propuesta teniendo en cuenta el inter\u00e9s del Mincetur de incrementar la inversi\u00f3n en el sector tur\u00edstico del pa\u00eds.<\/p>\n<p style=\"text-align: justify;\">Manifest\u00f3 que de esta manera tambi\u00e9n se est\u00e1 proponiendo a una de las cadenas hoteleras m\u00e1s grandes mundo un proyecto que asegure rentabilidad a los fondos de pensiones.<\/p>\n<p style=\"text-align: justify;\">Silva sostuvo una reuni\u00f3n con Escarrer, en el marco de la 32 Feria Internacional de Turismo (Fitur) 2012 que se desarrolla en Madrid (Espa\u00f1a), luego de haberse reunido tambi\u00e9n con el director de Meli\u00e1 Espa\u00f1a y director de la marca Tryp de la cadena, Alfonso Del Poyo.<\/p>\n<p style=\"text-align: justify;\">(FIN) AQR\/JPC<\/p>\n<p style=\"text-align: justify;\">Agencia Andina.<\/p>\n<p style=\"text-align: justify;\"><img decoding=\"async\" src=\"images\/stories\/12\/01\/200112\/hotel_melia_peru.jpg\" border=\"0\" alt=\"Mincetur propone a cadena hotelera Meli\u00e1 ampliar inversi\u00f3n en Per\u00fa\" title=\"Mincetur propone a cadena hotelera Meli\u00e1 ampliar inversi\u00f3n en Per\u00fa\" \/><\/p>\n","protected":false},"excerpt":{"rendered":"<p>(Aeronoticias).- El Ministerio de Comercio Exterior y Turismo (Mincetur) propuso a la cadena hotelera espa\u00f1ola Meli\u00e1 Hotels International que ampl\u00ede sus inversiones hoteleras en Per\u00fa en sociedad con las Administradoras de Fondos de Pensiones (AFP). \u201cLa inversi\u00f3n de las AFP en construcci\u00f3n de hoteles es algo que no se ha hecho en Per\u00fa y es [&hellip;]<\/p>\n","protected":false},"author":1,"featured_media":0,"comment_status":"open","ping_status":"open","sticky":false,"template":"","format":"standard","meta":{"tdm_status":"","tdm_grid_status":"","footnotes":""},"categories":[50],"tags":[],"class_list":{"0":"post-22579","1":"post","2":"type-post","3":"status-publish","4":"format-standard","6":"category-hoteleria"},"yoast_head":"<!-- This site is optimized with the Yoast SEO plugin v25.1 - https:\/\/yoast.com\/wordpress\/plugins\/seo\/ -->\n<title>Mincetur propone a cadena hotelera Meli\u00e1 ampliar inversi\u00f3n en Per\u00fa<\/title>\n<meta name=\"description\" content=\"Portal de noticias del Per\u00fa sobre el transporte a\u00e9reo, aviaci\u00f3n, turismo, hoteleria, actualidad.\" \/>\n<meta name=\"robots\" content=\"index, follow, max-snippet:-1, max-image-preview:large, max-video-preview:-1\" \/>\n<link rel=\"canonical\" href=\"https:\/\/aeronoticias.com.pe\/noticiero\/turismo\/hoteleria\/mincetur-propone-a-cadena-hotelera-melia-ampliar-inversion-en-peru\/\" \/>\n<meta property=\"og:locale\" content=\"es_ES\" \/>\n<meta property=\"og:type\" content=\"article\" \/>\n<meta property=\"og:title\" content=\"Mincetur propone a cadena hotelera Meli\u00e1 ampliar inversi\u00f3n en Per\u00fa\" \/>\n<meta property=\"og:description\" content=\"Portal de noticias del Per\u00fa sobre el transporte a\u00e9reo, aviaci\u00f3n, turismo, hoteleria, actualidad.\" \/>\n<meta property=\"og:url\" content=\"https:\/\/aeronoticias.com.pe\/noticiero\/turismo\/hoteleria\/mincetur-propone-a-cadena-hotelera-melia-ampliar-inversion-en-peru\/\" \/>\n<meta property=\"og:site_name\" content=\"Aeronoticias.com.pe\" \/>\n<meta property=\"article:publisher\" content=\"https:\/\/www.facebook.com\/Aeronoticias.com.pe\/\" \/>\n<meta property=\"article:published_time\" content=\"2012-01-20T15:21:06+00:00\" \/>\n<meta name=\"author\" content=\"Redacci\u00f3n Aeronoticias\" \/>\n<meta name=\"twitter:card\" content=\"summary_large_image\" \/>\n<meta name=\"twitter:creator\" content=\"@aeronoticias\" \/>\n<meta name=\"twitter:site\" content=\"@aeronoticias\" \/>\n<meta name=\"twitter:label1\" content=\"Escrito por\" \/>\n\t<meta name=\"twitter:data1\" content=\"Redacci\u00f3n Aeronoticias\" \/>\n\t<meta name=\"twitter:label2\" content=\"Tiempo de lectura\" \/>\n\t<meta name=\"twitter:data2\" content=\"1 minuto\" \/>\n<script type=\"application\/ld+json\" class=\"yoast-schema-graph\">{\"@context\":\"https:\/\/schema.org\",\"@graph\":[{\"@type\":\"WebPage\",\"@id\":\"https:\/\/aeronoticias.com.pe\/noticiero\/turismo\/hoteleria\/mincetur-propone-a-cadena-hotelera-melia-ampliar-inversion-en-peru\/\",\"url\":\"https:\/\/aeronoticias.com.pe\/noticiero\/turismo\/hoteleria\/mincetur-propone-a-cadena-hotelera-melia-ampliar-inversion-en-peru\/\",\"name\":\"Mincetur propone a cadena hotelera Meli\u00e1 ampliar inversi\u00f3n en Per\u00fa\",\"isPartOf\":{\"@id\":\"https:\/\/aeronoticias.com.pe\/noticiero\/#website\"},\"datePublished\":\"2012-01-20T15:21:06+00:00\",\"author\":{\"@id\":\"https:\/\/aeronoticias.com.pe\/noticiero\/#\/schema\/person\/fc1e5d578f4b62ba1cf7ac2bba1170a0\"},\"description\":\"Portal de noticias del Per\u00fa sobre el transporte a\u00e9reo, aviaci\u00f3n, turismo, hoteleria, actualidad.\",\"breadcrumb\":{\"@id\":\"https:\/\/aeronoticias.com.pe\/noticiero\/turismo\/hoteleria\/mincetur-propone-a-cadena-hotelera-melia-ampliar-inversion-en-peru\/#breadcrumb\"},\"inLanguage\":\"es\",\"potentialAction\":[{\"@type\":\"ReadAction\",\"target\":[\"https:\/\/aeronoticias.com.pe\/noticiero\/turismo\/hoteleria\/mincetur-propone-a-cadena-hotelera-melia-ampliar-inversion-en-peru\/\"]}]},{\"@type\":\"BreadcrumbList\",\"@id\":\"https:\/\/aeronoticias.com.pe\/noticiero\/turismo\/hoteleria\/mincetur-propone-a-cadena-hotelera-melia-ampliar-inversion-en-peru\/#breadcrumb\",\"itemListElement\":[{\"@type\":\"ListItem\",\"position\":1,\"name\":\"Portada\",\"item\":\"https:\/\/aeronoticias.com.pe\/noticiero\/\"},{\"@type\":\"ListItem\",\"position\":2,\"name\":\"Mincetur propone a cadena hotelera Meli\u00e1 ampliar inversi\u00f3n en Per\u00fa\"}]},{\"@type\":\"WebSite\",\"@id\":\"https:\/\/aeronoticias.com.pe\/noticiero\/#website\",\"url\":\"https:\/\/aeronoticias.com.pe\/noticiero\/\",\"name\":\"Aeronoticias.com.pe\",\"description\":\"Noticias de tranporte aereo, turismo, hoteles, gastronomia, actualidad, internacional\",\"potentialAction\":[{\"@type\":\"SearchAction\",\"target\":{\"@type\":\"EntryPoint\",\"urlTemplate\":\"https:\/\/aeronoticias.com.pe\/noticiero\/?s={search_term_string}\"},\"query-input\":{\"@type\":\"PropertyValueSpecification\",\"valueRequired\":true,\"valueName\":\"search_term_string\"}}],\"inLanguage\":\"es\"},{\"@type\":\"Person\",\"@id\":\"https:\/\/aeronoticias.com.pe\/noticiero\/#\/schema\/person\/fc1e5d578f4b62ba1cf7ac2bba1170a0\",\"name\":\"Redacci\u00f3n Aeronoticias\",\"url\":\"https:\/\/aeronoticias.com.pe\/noticiero\/author\/piloto\/\"}]}<\/script>\n<!-- \/ Yoast SEO plugin. -->","yoast_head_json":{"title":"Mincetur propone a cadena hotelera Meli\u00e1 ampliar inversi\u00f3n en Per\u00fa","description":"Portal de noticias del Per\u00fa sobre el transporte a\u00e9reo, aviaci\u00f3n, turismo, hoteleria, actualidad.","robots":{"index":"index","follow":"follow","max-snippet":"max-snippet:-1","max-image-preview":"max-image-preview:large","max-video-preview":"max-video-preview:-1"},"canonical":"https:\/\/aeronoticias.com.pe\/noticiero\/turismo\/hoteleria\/mincetur-propone-a-cadena-hotelera-melia-ampliar-inversion-en-peru\/","og_locale":"es_ES","og_type":"article","og_title":"Mincetur propone a cadena hotelera Meli\u00e1 ampliar inversi\u00f3n en Per\u00fa","og_description":"Portal de noticias del Per\u00fa sobre el transporte a\u00e9reo, aviaci\u00f3n, turismo, hoteleria, actualidad.","og_url":"https:\/\/aeronoticias.com.pe\/noticiero\/turismo\/hoteleria\/mincetur-propone-a-cadena-hotelera-melia-ampliar-inversion-en-peru\/","og_site_name":"Aeronoticias.com.pe","article_publisher":"https:\/\/www.facebook.com\/Aeronoticias.com.pe\/","article_published_time":"2012-01-20T15:21:06+00:00","author":"Redacci\u00f3n Aeronoticias","twitter_card":"summary_large_image","twitter_creator":"@aeronoticias","twitter_site":"@aeronoticias","twitter_misc":{"Escrito por":"Redacci\u00f3n Aeronoticias","Tiempo de lectura":"1 minuto"},"schema":{"@context":"https:\/\/schema.org","@graph":[{"@type":"WebPage","@id":"https:\/\/aeronoticias.com.pe\/noticiero\/turismo\/hoteleria\/mincetur-propone-a-cadena-hotelera-melia-ampliar-inversion-en-peru\/","url":"https:\/\/aeronoticias.com.pe\/noticiero\/turismo\/hoteleria\/mincetur-propone-a-cadena-hotelera-melia-ampliar-inversion-en-peru\/","name":"Mincetur propone a cadena hotelera Meli\u00e1 ampliar inversi\u00f3n en Per\u00fa","isPartOf":{"@id":"https:\/\/aeronoticias.com.pe\/noticiero\/#website"},"datePublished":"2012-01-20T15:21:06+00:00","author":{"@id":"https:\/\/aeronoticias.com.pe\/noticiero\/#\/schema\/person\/fc1e5d578f4b62ba1cf7ac2bba1170a0"},"description":"Portal de noticias del Per\u00fa sobre el transporte a\u00e9reo, aviaci\u00f3n, turismo, hoteleria, actualidad.","breadcrumb":{"@id":"https:\/\/aeronoticias.com.pe\/noticiero\/turismo\/hoteleria\/mincetur-propone-a-cadena-hotelera-melia-ampliar-inversion-en-peru\/#breadcrumb"},"inLanguage":"es","potentialAction":[{"@type":"ReadAction","target":["https:\/\/aeronoticias.com.pe\/noticiero\/turismo\/hoteleria\/mincetur-propone-a-cadena-hotelera-melia-ampliar-inversion-en-peru\/"]}]},{"@type":"BreadcrumbList","@id":"https:\/\/aeronoticias.com.pe\/noticiero\/turismo\/hoteleria\/mincetur-propone-a-cadena-hotelera-melia-ampliar-inversion-en-peru\/#breadcrumb","itemListElement":[{"@type":"ListItem","position":1,"name":"Portada","item":"https:\/\/aeronoticias.com.pe\/noticiero\/"},{"@type":"ListItem","position":2,"name":"Mincetur propone a cadena hotelera Meli\u00e1 ampliar inversi\u00f3n en Per\u00fa"}]},{"@type":"WebSite","@id":"https:\/\/aeronoticias.com.pe\/noticiero\/#website","url":"https:\/\/aeronoticias.com.pe\/noticiero\/","name":"Aeronoticias.com.pe","description":"Noticias de tranporte aereo, turismo, hoteles, gastronomia, actualidad, internacional","potentialAction":[{"@type":"SearchAction","target":{"@type":"EntryPoint","urlTemplate":"https:\/\/aeronoticias.com.pe\/noticiero\/?s={search_term_string}"},"query-input":{"@type":"PropertyValueSpecification","valueRequired":true,"valueName":"search_term_string"}}],"inLanguage":"es"},{"@type":"Person","@id":"https:\/\/aeronoticias.com.pe\/noticiero\/#\/schema\/person\/fc1e5d578f4b62ba1cf7ac2bba1170a0","name":"Redacci\u00f3n Aeronoticias","url":"https:\/\/aeronoticias.com.pe\/noticiero\/author\/piloto\/"}]}},"_links":{"self":[{"href":"https:\/\/aeronoticias.com.pe\/noticiero\/wp-json\/wp\/v2\/posts\/22579","targetHints":{"allow":["GET"]}}],"collection":[{"href":"https:\/\/aeronoticias.com.pe\/noticiero\/wp-json\/wp\/v2\/posts"}],"about":[{"href":"https:\/\/aeronoticias.com.pe\/noticiero\/wp-json\/wp\/v2\/types\/post"}],"author":[{"embeddable":true,"href":"https:\/\/aeronoticias.com.pe\/noticiero\/wp-json\/wp\/v2\/users\/1"}],"replies":[{"embeddable":true,"href":"https:\/\/aeronoticias.com.pe\/noticiero\/wp-json\/wp\/v2\/comments?post=22579"}],"version-history":[{"count":0,"href":"https:\/\/aeronoticias.com.pe\/noticiero\/wp-json\/wp\/v2\/posts\/22579\/revisions"}],"wp:attachment":[{"href":"https:\/\/aeronoticias.com.pe\/noticiero\/wp-json\/wp\/v2\/media?parent=22579"}],"wp:term":[{"taxonomy":"category","embeddable":true,"href":"https:\/\/aeronoticias.com.pe\/noticiero\/wp-json\/wp\/v2\/categories?post=22579"},{"taxonomy":"post_tag","embeddable":true,"href":"https:\/\/aeronoticias.com.pe\/noticiero\/wp-json\/wp\/v2\/tags?post=22579"}],"curies":[{"name":"wp","href":"https:\/\/api.w.org\/{rel}","templated":true}]}}