{"id":22580,"date":"2012-01-20T15:20:49","date_gmt":"2012-01-20T15:20:49","guid":{"rendered":"http:\/\/desarrollo.mcvicious.com\/aero2020\/2012\/01\/20\/huelga-de-pilotos-de-iberia-obligara-a-cancelar-289-vuelos-a-finales-de-mes\/"},"modified":"2012-01-20T15:20:49","modified_gmt":"2012-01-20T15:20:49","slug":"huelga-de-pilotos-de-iberia-obligara-a-cancelar-289-vuelos-a-finales-de-mes","status":"publish","type":"post","link":"https:\/\/aeronoticias.com.pe\/noticiero\/transporte-aereo\/internacional\/huelga-de-pilotos-de-iberia-obligara-a-cancelar-289-vuelos-a-finales-de-mes\/","title":{"rendered":"Huelga de pilotos de Iberia obligar\u00e1 a cancelar 289 vuelos a finales de mes"},"content":{"rendered":"<p style=\"text-align: justify;\"><strong>(Aeronoticias).-<\/strong> El sindicato de pilotos de Iberia, Sepla, que sigue sin llegar a un acuerdo satisfactorio con la compa\u00f1\u00eda, ha convocado nuevas jornadas de huelga para los d\u00edas 25, 27 y 30 de enero, en los que la aerol\u00ednea se ver\u00e1 obligada a cancelar un total de 289 vuelos. Un comunicado de Iberia difundido por Europa Press explica que se operar\u00e1 en esas fechas el 66% de las conexiones inicialmente previstas, la mayor\u00eda de ellas correspondientes a la red nacional y europea.<\/p>\n<p style=\"text-align: justify;\">Para esas jornadas, la compa\u00f1\u00eda tambi\u00e9n inform\u00f3 que ha puesto en marcha un plan de contingencia con el que intentar\u00e1 reubicar a buena parte de los pasajeros afectados por estos nuevos paros, como ha hecho en oportunidades anteriores. En el \u00faltimo episodio de esta huelga de los pilotos resultaron afectados por las cancelaciones de vuelos unos 55.000 clientes de la compa\u00f1\u00eda, pero con su operativo \u00e9sta logr\u00f3 reubicarlos en vuelos alternativos o les ha reembolsado el dinero de su billete.<\/p>\n<p>  <!--more-->  <\/p>\n<p style=\"text-align: justify;\">Iberia ratifica que a trav\u00e9s de su sitio web, www.iberia.com, se podr\u00e1 consultar el estado de los vuelos (en Llegadas y Salidas) y de las reservas (en Gesti\u00f3n de Reservas) antes y durante las jornadas de paro. Adem\u00e1s, la compa\u00f1\u00eda ratifica que estar\u00e1 cerca de sus clientes a trav\u00e9s de Serviberia y de sus call centers, en sus perfiles en facebook y twitter, y en los puntos de atenci\u00f3n al cliente en los m\u00e1s de 100 aeropuertos donde opera y en las agencias de viajes. Fuente: www.caribbeannewsdigital.com<\/p>\n<p style=\"text-align: justify;\"><img decoding=\"async\" src=\"images\/stories\/12\/01\/200112\/iberia_pilotos.jpg\" border=\"0\" alt=\"Huelga de pilotos de Iberia obligar\u00e1 a cancelar 289 vuelos a finales de mes\" title=\"Huelga de pilotos de Iberia obligar\u00e1 a cancelar 289 vuelos a finales de mes\" \/><\/p>\n","protected":false},"excerpt":{"rendered":"<p>(Aeronoticias).- El sindicato de pilotos de Iberia, Sepla, que sigue sin llegar a un acuerdo satisfactorio con la compa\u00f1\u00eda, ha convocado nuevas jornadas de huelga para los d\u00edas 25, 27 y 30 de enero, en los que la aerol\u00ednea se ver\u00e1 obligada a cancelar un total de 289 vuelos. Un comunicado de Iberia difundido por [&hellip;]<\/p>\n","protected":false},"author":1,"featured_media":0,"comment_status":"open","ping_status":"open","sticky":false,"template":"","format":"standard","meta":{"tdm_status":"","tdm_grid_status":"","footnotes":""},"categories":[32],"tags":[],"class_list":{"0":"post-22580","1":"post","2":"type-post","3":"status-publish","4":"format-standard","6":"category-internacional"},"yoast_head":"<!-- This site is optimized with the Yoast SEO plugin v25.1 - https:\/\/yoast.com\/wordpress\/plugins\/seo\/ -->\n<title>Huelga de pilotos de Iberia obligar\u00e1 a cancelar 289 vuelos a finales de mes<\/title>\n<meta name=\"description\" content=\"Portal de noticias del Per\u00fa sobre el transporte a\u00e9reo, aviaci\u00f3n, turismo, hoteleria, actualidad.\" \/>\n<meta name=\"robots\" content=\"index, follow, max-snippet:-1, max-image-preview:large, max-video-preview:-1\" \/>\n<link rel=\"canonical\" href=\"https:\/\/aeronoticias.com.pe\/noticiero\/transporte-aereo\/internacional\/huelga-de-pilotos-de-iberia-obligara-a-cancelar-289-vuelos-a-finales-de-mes\/\" \/>\n<meta property=\"og:locale\" content=\"es_ES\" \/>\n<meta property=\"og:type\" content=\"article\" \/>\n<meta property=\"og:title\" content=\"Huelga de pilotos de Iberia obligar\u00e1 a cancelar 289 vuelos a finales de mes\" \/>\n<meta property=\"og:description\" content=\"Portal de noticias del Per\u00fa sobre el transporte a\u00e9reo, aviaci\u00f3n, turismo, hoteleria, actualidad.\" \/>\n<meta property=\"og:url\" content=\"https:\/\/aeronoticias.com.pe\/noticiero\/transporte-aereo\/internacional\/huelga-de-pilotos-de-iberia-obligara-a-cancelar-289-vuelos-a-finales-de-mes\/\" \/>\n<meta property=\"og:site_name\" content=\"Aeronoticias.com.pe\" \/>\n<meta property=\"article:publisher\" content=\"https:\/\/www.facebook.com\/Aeronoticias.com.pe\/\" \/>\n<meta property=\"article:published_time\" content=\"2012-01-20T15:20:49+00:00\" \/>\n<meta name=\"author\" content=\"Redacci\u00f3n Aeronoticias\" \/>\n<meta name=\"twitter:card\" content=\"summary_large_image\" \/>\n<meta name=\"twitter:creator\" content=\"@aeronoticias\" \/>\n<meta name=\"twitter:site\" content=\"@aeronoticias\" \/>\n<meta name=\"twitter:label1\" content=\"Escrito por\" \/>\n\t<meta name=\"twitter:data1\" content=\"Redacci\u00f3n Aeronoticias\" \/>\n\t<meta name=\"twitter:label2\" content=\"Tiempo de lectura\" \/>\n\t<meta name=\"twitter:data2\" content=\"1 minuto\" \/>\n<script type=\"application\/ld+json\" class=\"yoast-schema-graph\">{\"@context\":\"https:\/\/schema.org\",\"@graph\":[{\"@type\":\"WebPage\",\"@id\":\"https:\/\/aeronoticias.com.pe\/noticiero\/transporte-aereo\/internacional\/huelga-de-pilotos-de-iberia-obligara-a-cancelar-289-vuelos-a-finales-de-mes\/\",\"url\":\"https:\/\/aeronoticias.com.pe\/noticiero\/transporte-aereo\/internacional\/huelga-de-pilotos-de-iberia-obligara-a-cancelar-289-vuelos-a-finales-de-mes\/\",\"name\":\"Huelga de pilotos de Iberia obligar\u00e1 a cancelar 289 vuelos a finales de mes\",\"isPartOf\":{\"@id\":\"https:\/\/aeronoticias.com.pe\/noticiero\/#website\"},\"datePublished\":\"2012-01-20T15:20:49+00:00\",\"author\":{\"@id\":\"https:\/\/aeronoticias.com.pe\/noticiero\/#\/schema\/person\/fc1e5d578f4b62ba1cf7ac2bba1170a0\"},\"description\":\"Portal de noticias del Per\u00fa sobre el transporte a\u00e9reo, aviaci\u00f3n, turismo, hoteleria, actualidad.\",\"breadcrumb\":{\"@id\":\"https:\/\/aeronoticias.com.pe\/noticiero\/transporte-aereo\/internacional\/huelga-de-pilotos-de-iberia-obligara-a-cancelar-289-vuelos-a-finales-de-mes\/#breadcrumb\"},\"inLanguage\":\"es\",\"potentialAction\":[{\"@type\":\"ReadAction\",\"target\":[\"https:\/\/aeronoticias.com.pe\/noticiero\/transporte-aereo\/internacional\/huelga-de-pilotos-de-iberia-obligara-a-cancelar-289-vuelos-a-finales-de-mes\/\"]}]},{\"@type\":\"BreadcrumbList\",\"@id\":\"https:\/\/aeronoticias.com.pe\/noticiero\/transporte-aereo\/internacional\/huelga-de-pilotos-de-iberia-obligara-a-cancelar-289-vuelos-a-finales-de-mes\/#breadcrumb\",\"itemListElement\":[{\"@type\":\"ListItem\",\"position\":1,\"name\":\"Portada\",\"item\":\"https:\/\/aeronoticias.com.pe\/noticiero\/\"},{\"@type\":\"ListItem\",\"position\":2,\"name\":\"Huelga de pilotos de Iberia obligar\u00e1 a cancelar 289 vuelos a finales de mes\"}]},{\"@type\":\"WebSite\",\"@id\":\"https:\/\/aeronoticias.com.pe\/noticiero\/#website\",\"url\":\"https:\/\/aeronoticias.com.pe\/noticiero\/\",\"name\":\"Aeronoticias.com.pe\",\"description\":\"Noticias de tranporte aereo, turismo, hoteles, gastronomia, actualidad, internacional\",\"potentialAction\":[{\"@type\":\"SearchAction\",\"target\":{\"@type\":\"EntryPoint\",\"urlTemplate\":\"https:\/\/aeronoticias.com.pe\/noticiero\/?s={search_term_string}\"},\"query-input\":{\"@type\":\"PropertyValueSpecification\",\"valueRequired\":true,\"valueName\":\"search_term_string\"}}],\"inLanguage\":\"es\"},{\"@type\":\"Person\",\"@id\":\"https:\/\/aeronoticias.com.pe\/noticiero\/#\/schema\/person\/fc1e5d578f4b62ba1cf7ac2bba1170a0\",\"name\":\"Redacci\u00f3n Aeronoticias\",\"url\":\"https:\/\/aeronoticias.com.pe\/noticiero\/author\/piloto\/\"}]}<\/script>\n<!-- \/ Yoast SEO plugin. -->","yoast_head_json":{"title":"Huelga de pilotos de Iberia obligar\u00e1 a cancelar 289 vuelos a finales de mes","description":"Portal de noticias del Per\u00fa sobre el transporte a\u00e9reo, aviaci\u00f3n, turismo, hoteleria, actualidad.","robots":{"index":"index","follow":"follow","max-snippet":"max-snippet:-1","max-image-preview":"max-image-preview:large","max-video-preview":"max-video-preview:-1"},"canonical":"https:\/\/aeronoticias.com.pe\/noticiero\/transporte-aereo\/internacional\/huelga-de-pilotos-de-iberia-obligara-a-cancelar-289-vuelos-a-finales-de-mes\/","og_locale":"es_ES","og_type":"article","og_title":"Huelga de pilotos de Iberia obligar\u00e1 a cancelar 289 vuelos a finales de mes","og_description":"Portal de noticias del Per\u00fa sobre el transporte a\u00e9reo, aviaci\u00f3n, turismo, hoteleria, actualidad.","og_url":"https:\/\/aeronoticias.com.pe\/noticiero\/transporte-aereo\/internacional\/huelga-de-pilotos-de-iberia-obligara-a-cancelar-289-vuelos-a-finales-de-mes\/","og_site_name":"Aeronoticias.com.pe","article_publisher":"https:\/\/www.facebook.com\/Aeronoticias.com.pe\/","article_published_time":"2012-01-20T15:20:49+00:00","author":"Redacci\u00f3n Aeronoticias","twitter_card":"summary_large_image","twitter_creator":"@aeronoticias","twitter_site":"@aeronoticias","twitter_misc":{"Escrito por":"Redacci\u00f3n Aeronoticias","Tiempo de lectura":"1 minuto"},"schema":{"@context":"https:\/\/schema.org","@graph":[{"@type":"WebPage","@id":"https:\/\/aeronoticias.com.pe\/noticiero\/transporte-aereo\/internacional\/huelga-de-pilotos-de-iberia-obligara-a-cancelar-289-vuelos-a-finales-de-mes\/","url":"https:\/\/aeronoticias.com.pe\/noticiero\/transporte-aereo\/internacional\/huelga-de-pilotos-de-iberia-obligara-a-cancelar-289-vuelos-a-finales-de-mes\/","name":"Huelga de pilotos de Iberia obligar\u00e1 a cancelar 289 vuelos a finales de mes","isPartOf":{"@id":"https:\/\/aeronoticias.com.pe\/noticiero\/#website"},"datePublished":"2012-01-20T15:20:49+00:00","author":{"@id":"https:\/\/aeronoticias.com.pe\/noticiero\/#\/schema\/person\/fc1e5d578f4b62ba1cf7ac2bba1170a0"},"description":"Portal de noticias del Per\u00fa sobre el transporte a\u00e9reo, aviaci\u00f3n, turismo, hoteleria, actualidad.","breadcrumb":{"@id":"https:\/\/aeronoticias.com.pe\/noticiero\/transporte-aereo\/internacional\/huelga-de-pilotos-de-iberia-obligara-a-cancelar-289-vuelos-a-finales-de-mes\/#breadcrumb"},"inLanguage":"es","potentialAction":[{"@type":"ReadAction","target":["https:\/\/aeronoticias.com.pe\/noticiero\/transporte-aereo\/internacional\/huelga-de-pilotos-de-iberia-obligara-a-cancelar-289-vuelos-a-finales-de-mes\/"]}]},{"@type":"BreadcrumbList","@id":"https:\/\/aeronoticias.com.pe\/noticiero\/transporte-aereo\/internacional\/huelga-de-pilotos-de-iberia-obligara-a-cancelar-289-vuelos-a-finales-de-mes\/#breadcrumb","itemListElement":[{"@type":"ListItem","position":1,"name":"Portada","item":"https:\/\/aeronoticias.com.pe\/noticiero\/"},{"@type":"ListItem","position":2,"name":"Huelga de pilotos de Iberia obligar\u00e1 a cancelar 289 vuelos a finales de mes"}]},{"@type":"WebSite","@id":"https:\/\/aeronoticias.com.pe\/noticiero\/#website","url":"https:\/\/aeronoticias.com.pe\/noticiero\/","name":"Aeronoticias.com.pe","description":"Noticias de tranporte aereo, turismo, hoteles, gastronomia, actualidad, internacional","potentialAction":[{"@type":"SearchAction","target":{"@type":"EntryPoint","urlTemplate":"https:\/\/aeronoticias.com.pe\/noticiero\/?s={search_term_string}"},"query-input":{"@type":"PropertyValueSpecification","valueRequired":true,"valueName":"search_term_string"}}],"inLanguage":"es"},{"@type":"Person","@id":"https:\/\/aeronoticias.com.pe\/noticiero\/#\/schema\/person\/fc1e5d578f4b62ba1cf7ac2bba1170a0","name":"Redacci\u00f3n Aeronoticias","url":"https:\/\/aeronoticias.com.pe\/noticiero\/author\/piloto\/"}]}},"_links":{"self":[{"href":"https:\/\/aeronoticias.com.pe\/noticiero\/wp-json\/wp\/v2\/posts\/22580","targetHints":{"allow":["GET"]}}],"collection":[{"href":"https:\/\/aeronoticias.com.pe\/noticiero\/wp-json\/wp\/v2\/posts"}],"about":[{"href":"https:\/\/aeronoticias.com.pe\/noticiero\/wp-json\/wp\/v2\/types\/post"}],"author":[{"embeddable":true,"href":"https:\/\/aeronoticias.com.pe\/noticiero\/wp-json\/wp\/v2\/users\/1"}],"replies":[{"embeddable":true,"href":"https:\/\/aeronoticias.com.pe\/noticiero\/wp-json\/wp\/v2\/comments?post=22580"}],"version-history":[{"count":0,"href":"https:\/\/aeronoticias.com.pe\/noticiero\/wp-json\/wp\/v2\/posts\/22580\/revisions"}],"wp:attachment":[{"href":"https:\/\/aeronoticias.com.pe\/noticiero\/wp-json\/wp\/v2\/media?parent=22580"}],"wp:term":[{"taxonomy":"category","embeddable":true,"href":"https:\/\/aeronoticias.com.pe\/noticiero\/wp-json\/wp\/v2\/categories?post=22580"},{"taxonomy":"post_tag","embeddable":true,"href":"https:\/\/aeronoticias.com.pe\/noticiero\/wp-json\/wp\/v2\/tags?post=22580"}],"curies":[{"name":"wp","href":"https:\/\/api.w.org\/{rel}","templated":true}]}}