{"id":22832,"date":"2012-01-27T14:29:38","date_gmt":"2012-01-27T14:29:38","guid":{"rendered":"http:\/\/desarrollo.mcvicious.com\/aero2020\/2012\/01\/27\/tormenta-solar-genera-problemas-a-aerolineas\/"},"modified":"2012-01-27T14:29:38","modified_gmt":"2012-01-27T14:29:38","slug":"tormenta-solar-genera-problemas-a-aerolineas","status":"publish","type":"post","link":"https:\/\/aeronoticias.com.pe\/noticiero\/transporte-aereo\/internacional\/tormenta-solar-genera-problemas-a-aerolineas\/","title":{"rendered":"Tormenta solar genera problemas a aerol\u00edneas"},"content":{"rendered":"<p>\u00a0<\/p>\n<p style=\"text-align: justify;\"><strong>(Aeronoticias).-<\/strong> La tormenta solar que se registra esta semana en la superficie del sol y su consecuente corriente de part\u00edculas at\u00f3micas que han alcanzado la Tierra y una buena parte del sistema solar, provoc\u00f3 problemas para las aerol\u00edneas del mundo.<\/p>\n<p style=\"text-align: justify;\">Los picos de radiaci\u00f3n en el espacio significan problemas para los vuelos polares, explic\u00f3 Antti Pulkkinen, cient\u00edfico de la Administraci\u00f3n Nacional de Aeron\u00e1utica y el Espacio (NASA).<\/p>\n<p style=\"text-align: justify;\">La aerol\u00ednea Delta inform\u00f3 sobre el desv\u00edo de ocho vuelos transpolares, y Qantas y Air Canad\u00e1 tambi\u00e9n cambiaron la trayectoria de algunos de sus vuelos despu\u00e9s de la llamarada solar.<\/p>\n<p style=\"text-align: justify;\">Los vuelos desviados inclu\u00edan a varios entre las ciudades del medio oeste estadunidense como Atlanta y Detroit, y las grandes ciudades de Asia.<\/p>\n<p style=\"text-align: justify;\">Los problemas iniciaron la noche del domingo tras una gran explosi\u00f3n en la superficie del Sol y la radiaci\u00f3n desprendida de la misma comenz\u00f3 en cuesti\u00f3n de horas a bombardear la Tierra.<\/p>\n<p style=\"text-align: justify;\">La actual tormenta solar es considerada la m\u00e1s grande de los \u00faltimos ocho a\u00f1os, seg\u00fan informa Notimex.<\/p>\n<p style=\"text-align: justify;\">\u00abLas part\u00edculas energ\u00e9ticas cargadas\u00bb que componen la radiaci\u00f3n espacial prefieren concentrarse a manera de embudo sobre nuestras regiones polares\u00bb, dijo Pulkkinen.<\/p>\n<p style=\"text-align: justify;\">\u00abCuando las part\u00edculas se concentras sobre las regiones polares, golpean mol\u00e9culas en la atmosfera superior de la Tierra y se causa lo que se llama ionizaci\u00f3n.\u00bb explico.<\/p>\n<p style=\"text-align: justify;\">La ionizaci\u00f3n extra \u00abdegrada\u00bb las ondas de radio de alta frecuencia que los aviones en rutas transpolares necesitan para comunicarse y guiarse, dijo Pulkkinen, dijo.<\/p>\n<p style=\"text-align: justify;\">La \u00faltima tormenta solar de esta magnitud se produjo en 2005.<\/p>\n<p style=\"text-align: justify;\">Aunque, los cient\u00edficos de la NASA han advertido que un per\u00edodo de actividad solar m\u00e1xima se aproxima el a\u00f1o pr\u00f3ximo por lo que grandes tormentas solares ser\u00e1n cada vez m\u00e1s frecuentes.<\/p>\n<p style=\"text-align: justify;\">A trav\u00e9s de meticulosos os estudios del Sol los cient\u00edficos han podido predecir cada vez con mayor exactitud estos eventos potencialmente peligrosos para los sistemas de comunicaci\u00f3n en la Tierra.<\/p>\n<p style=\"text-align: justify;\">La actual tormenta solar fue pronosticada por el Centro de Predicci\u00f3n del Clima Espacial de la Administraci\u00f3n Nacional Oce\u00e1nica y Atmosf\u00e9rica (NOAA) con una exactitud que fallo por apenas 13 minutos.<\/p>\n<p style=\"text-align: justify;\">Esta predicci\u00f3n ha sido m\u00e1s exacta que las realizadas en anteriores explosiones solares, dado que cada vez los cient\u00edficos tienen acceso a mejores tecnolog\u00edas.<\/p>\n<p style=\"text-align: justify;\">(FIN) INT\/JCC<\/p>\n<p style=\"text-align: justify;\">Agencia Andina.<\/p>\n<p style=\"text-align: justify;\"><img decoding=\"async\" src=\"images\/stories\/12\/01\/270112\/avion.jpg\" border=\"0\" alt=\"Tormenta solar genera problemas a aerol\u00edneas\" title=\"Tormenta solar genera problemas a aerol\u00edneas\" \/><\/p>\n<p>\u00a0<\/p>\n","protected":false},"excerpt":{"rendered":"<p>\u00a0 (Aeronoticias).- La tormenta solar que se registra esta semana en la superficie del sol y su consecuente corriente de part\u00edculas at\u00f3micas que han alcanzado la Tierra y una buena parte del sistema solar, provoc\u00f3 problemas para las aerol\u00edneas del mundo. Los picos de radiaci\u00f3n en el espacio significan problemas para los vuelos polares, explic\u00f3 [&hellip;]<\/p>\n","protected":false},"author":1,"featured_media":0,"comment_status":"open","ping_status":"open","sticky":false,"template":"","format":"standard","meta":{"tdm_status":"","tdm_grid_status":"","footnotes":""},"categories":[32],"tags":[],"class_list":{"0":"post-22832","1":"post","2":"type-post","3":"status-publish","4":"format-standard","6":"category-internacional"},"yoast_head":"<!-- This site is optimized with the Yoast SEO plugin v25.1 - https:\/\/yoast.com\/wordpress\/plugins\/seo\/ -->\n<title>Tormenta solar genera problemas a aerol\u00edneas<\/title>\n<meta name=\"description\" content=\"Portal de noticias del Per\u00fa sobre el transporte a\u00e9reo, aviaci\u00f3n, turismo, hoteleria, actualidad.\" \/>\n<meta name=\"robots\" content=\"index, follow, max-snippet:-1, max-image-preview:large, max-video-preview:-1\" \/>\n<link rel=\"canonical\" href=\"https:\/\/aeronoticias.com.pe\/noticiero\/transporte-aereo\/internacional\/tormenta-solar-genera-problemas-a-aerolineas\/\" \/>\n<meta property=\"og:locale\" content=\"es_ES\" \/>\n<meta property=\"og:type\" content=\"article\" \/>\n<meta property=\"og:title\" content=\"Tormenta solar genera problemas a aerol\u00edneas\" \/>\n<meta property=\"og:description\" content=\"Portal de noticias del Per\u00fa sobre el transporte a\u00e9reo, aviaci\u00f3n, turismo, hoteleria, actualidad.\" \/>\n<meta property=\"og:url\" content=\"https:\/\/aeronoticias.com.pe\/noticiero\/transporte-aereo\/internacional\/tormenta-solar-genera-problemas-a-aerolineas\/\" \/>\n<meta property=\"og:site_name\" content=\"Aeronoticias.com.pe\" \/>\n<meta property=\"article:publisher\" content=\"https:\/\/www.facebook.com\/Aeronoticias.com.pe\/\" \/>\n<meta property=\"article:published_time\" content=\"2012-01-27T14:29:38+00:00\" \/>\n<meta name=\"author\" content=\"Redacci\u00f3n Aeronoticias\" \/>\n<meta name=\"twitter:card\" content=\"summary_large_image\" \/>\n<meta name=\"twitter:creator\" content=\"@aeronoticias\" \/>\n<meta name=\"twitter:site\" content=\"@aeronoticias\" \/>\n<meta name=\"twitter:label1\" content=\"Escrito por\" \/>\n\t<meta name=\"twitter:data1\" content=\"Redacci\u00f3n Aeronoticias\" \/>\n\t<meta name=\"twitter:label2\" content=\"Tiempo de lectura\" \/>\n\t<meta name=\"twitter:data2\" content=\"2 minutos\" \/>\n<script type=\"application\/ld+json\" class=\"yoast-schema-graph\">{\"@context\":\"https:\/\/schema.org\",\"@graph\":[{\"@type\":\"WebPage\",\"@id\":\"https:\/\/aeronoticias.com.pe\/noticiero\/transporte-aereo\/internacional\/tormenta-solar-genera-problemas-a-aerolineas\/\",\"url\":\"https:\/\/aeronoticias.com.pe\/noticiero\/transporte-aereo\/internacional\/tormenta-solar-genera-problemas-a-aerolineas\/\",\"name\":\"Tormenta solar genera problemas a aerol\u00edneas\",\"isPartOf\":{\"@id\":\"https:\/\/aeronoticias.com.pe\/noticiero\/#website\"},\"datePublished\":\"2012-01-27T14:29:38+00:00\",\"author\":{\"@id\":\"https:\/\/aeronoticias.com.pe\/noticiero\/#\/schema\/person\/fc1e5d578f4b62ba1cf7ac2bba1170a0\"},\"description\":\"Portal de noticias del Per\u00fa sobre el transporte a\u00e9reo, aviaci\u00f3n, turismo, hoteleria, actualidad.\",\"breadcrumb\":{\"@id\":\"https:\/\/aeronoticias.com.pe\/noticiero\/transporte-aereo\/internacional\/tormenta-solar-genera-problemas-a-aerolineas\/#breadcrumb\"},\"inLanguage\":\"es\",\"potentialAction\":[{\"@type\":\"ReadAction\",\"target\":[\"https:\/\/aeronoticias.com.pe\/noticiero\/transporte-aereo\/internacional\/tormenta-solar-genera-problemas-a-aerolineas\/\"]}]},{\"@type\":\"BreadcrumbList\",\"@id\":\"https:\/\/aeronoticias.com.pe\/noticiero\/transporte-aereo\/internacional\/tormenta-solar-genera-problemas-a-aerolineas\/#breadcrumb\",\"itemListElement\":[{\"@type\":\"ListItem\",\"position\":1,\"name\":\"Portada\",\"item\":\"https:\/\/aeronoticias.com.pe\/noticiero\/\"},{\"@type\":\"ListItem\",\"position\":2,\"name\":\"Tormenta solar genera problemas a aerol\u00edneas\"}]},{\"@type\":\"WebSite\",\"@id\":\"https:\/\/aeronoticias.com.pe\/noticiero\/#website\",\"url\":\"https:\/\/aeronoticias.com.pe\/noticiero\/\",\"name\":\"Aeronoticias.com.pe\",\"description\":\"Noticias de tranporte aereo, turismo, hoteles, gastronomia, actualidad, internacional\",\"potentialAction\":[{\"@type\":\"SearchAction\",\"target\":{\"@type\":\"EntryPoint\",\"urlTemplate\":\"https:\/\/aeronoticias.com.pe\/noticiero\/?s={search_term_string}\"},\"query-input\":{\"@type\":\"PropertyValueSpecification\",\"valueRequired\":true,\"valueName\":\"search_term_string\"}}],\"inLanguage\":\"es\"},{\"@type\":\"Person\",\"@id\":\"https:\/\/aeronoticias.com.pe\/noticiero\/#\/schema\/person\/fc1e5d578f4b62ba1cf7ac2bba1170a0\",\"name\":\"Redacci\u00f3n Aeronoticias\",\"url\":\"https:\/\/aeronoticias.com.pe\/noticiero\/author\/piloto\/\"}]}<\/script>\n<!-- \/ Yoast SEO plugin. -->","yoast_head_json":{"title":"Tormenta solar genera problemas a aerol\u00edneas","description":"Portal de noticias del Per\u00fa sobre el transporte a\u00e9reo, aviaci\u00f3n, turismo, hoteleria, actualidad.","robots":{"index":"index","follow":"follow","max-snippet":"max-snippet:-1","max-image-preview":"max-image-preview:large","max-video-preview":"max-video-preview:-1"},"canonical":"https:\/\/aeronoticias.com.pe\/noticiero\/transporte-aereo\/internacional\/tormenta-solar-genera-problemas-a-aerolineas\/","og_locale":"es_ES","og_type":"article","og_title":"Tormenta solar genera problemas a aerol\u00edneas","og_description":"Portal de noticias del Per\u00fa sobre el transporte a\u00e9reo, aviaci\u00f3n, turismo, hoteleria, actualidad.","og_url":"https:\/\/aeronoticias.com.pe\/noticiero\/transporte-aereo\/internacional\/tormenta-solar-genera-problemas-a-aerolineas\/","og_site_name":"Aeronoticias.com.pe","article_publisher":"https:\/\/www.facebook.com\/Aeronoticias.com.pe\/","article_published_time":"2012-01-27T14:29:38+00:00","author":"Redacci\u00f3n Aeronoticias","twitter_card":"summary_large_image","twitter_creator":"@aeronoticias","twitter_site":"@aeronoticias","twitter_misc":{"Escrito por":"Redacci\u00f3n Aeronoticias","Tiempo de lectura":"2 minutos"},"schema":{"@context":"https:\/\/schema.org","@graph":[{"@type":"WebPage","@id":"https:\/\/aeronoticias.com.pe\/noticiero\/transporte-aereo\/internacional\/tormenta-solar-genera-problemas-a-aerolineas\/","url":"https:\/\/aeronoticias.com.pe\/noticiero\/transporte-aereo\/internacional\/tormenta-solar-genera-problemas-a-aerolineas\/","name":"Tormenta solar genera problemas a aerol\u00edneas","isPartOf":{"@id":"https:\/\/aeronoticias.com.pe\/noticiero\/#website"},"datePublished":"2012-01-27T14:29:38+00:00","author":{"@id":"https:\/\/aeronoticias.com.pe\/noticiero\/#\/schema\/person\/fc1e5d578f4b62ba1cf7ac2bba1170a0"},"description":"Portal de noticias del Per\u00fa sobre el transporte a\u00e9reo, aviaci\u00f3n, turismo, hoteleria, actualidad.","breadcrumb":{"@id":"https:\/\/aeronoticias.com.pe\/noticiero\/transporte-aereo\/internacional\/tormenta-solar-genera-problemas-a-aerolineas\/#breadcrumb"},"inLanguage":"es","potentialAction":[{"@type":"ReadAction","target":["https:\/\/aeronoticias.com.pe\/noticiero\/transporte-aereo\/internacional\/tormenta-solar-genera-problemas-a-aerolineas\/"]}]},{"@type":"BreadcrumbList","@id":"https:\/\/aeronoticias.com.pe\/noticiero\/transporte-aereo\/internacional\/tormenta-solar-genera-problemas-a-aerolineas\/#breadcrumb","itemListElement":[{"@type":"ListItem","position":1,"name":"Portada","item":"https:\/\/aeronoticias.com.pe\/noticiero\/"},{"@type":"ListItem","position":2,"name":"Tormenta solar genera problemas a aerol\u00edneas"}]},{"@type":"WebSite","@id":"https:\/\/aeronoticias.com.pe\/noticiero\/#website","url":"https:\/\/aeronoticias.com.pe\/noticiero\/","name":"Aeronoticias.com.pe","description":"Noticias de tranporte aereo, turismo, hoteles, gastronomia, actualidad, internacional","potentialAction":[{"@type":"SearchAction","target":{"@type":"EntryPoint","urlTemplate":"https:\/\/aeronoticias.com.pe\/noticiero\/?s={search_term_string}"},"query-input":{"@type":"PropertyValueSpecification","valueRequired":true,"valueName":"search_term_string"}}],"inLanguage":"es"},{"@type":"Person","@id":"https:\/\/aeronoticias.com.pe\/noticiero\/#\/schema\/person\/fc1e5d578f4b62ba1cf7ac2bba1170a0","name":"Redacci\u00f3n Aeronoticias","url":"https:\/\/aeronoticias.com.pe\/noticiero\/author\/piloto\/"}]}},"_links":{"self":[{"href":"https:\/\/aeronoticias.com.pe\/noticiero\/wp-json\/wp\/v2\/posts\/22832","targetHints":{"allow":["GET"]}}],"collection":[{"href":"https:\/\/aeronoticias.com.pe\/noticiero\/wp-json\/wp\/v2\/posts"}],"about":[{"href":"https:\/\/aeronoticias.com.pe\/noticiero\/wp-json\/wp\/v2\/types\/post"}],"author":[{"embeddable":true,"href":"https:\/\/aeronoticias.com.pe\/noticiero\/wp-json\/wp\/v2\/users\/1"}],"replies":[{"embeddable":true,"href":"https:\/\/aeronoticias.com.pe\/noticiero\/wp-json\/wp\/v2\/comments?post=22832"}],"version-history":[{"count":0,"href":"https:\/\/aeronoticias.com.pe\/noticiero\/wp-json\/wp\/v2\/posts\/22832\/revisions"}],"wp:attachment":[{"href":"https:\/\/aeronoticias.com.pe\/noticiero\/wp-json\/wp\/v2\/media?parent=22832"}],"wp:term":[{"taxonomy":"category","embeddable":true,"href":"https:\/\/aeronoticias.com.pe\/noticiero\/wp-json\/wp\/v2\/categories?post=22832"},{"taxonomy":"post_tag","embeddable":true,"href":"https:\/\/aeronoticias.com.pe\/noticiero\/wp-json\/wp\/v2\/tags?post=22832"}],"curies":[{"name":"wp","href":"https:\/\/api.w.org\/{rel}","templated":true}]}}