{"id":22833,"date":"2012-01-27T14:36:31","date_gmt":"2012-01-27T14:36:31","guid":{"rendered":"http:\/\/desarrollo.mcvicious.com\/aero2020\/2012\/01\/27\/destacan-exito-de-gastronomia-peruana-en-espana\/"},"modified":"2012-01-27T14:36:31","modified_gmt":"2012-01-27T14:36:31","slug":"destacan-exito-de-gastronomia-peruana-en-espana","status":"publish","type":"post","link":"https:\/\/aeronoticias.com.pe\/noticiero\/turismo\/gastronomia\/destacan-exito-de-gastronomia-peruana-en-espana\/","title":{"rendered":"Destacan \u00e9xito de gastronom\u00eda peruana en Espa\u00f1a"},"content":{"rendered":"<p style=\"text-align: justify;\"><strong>(Aeronoticias).-<\/strong> El ministro de Comercio Exterior y Turismo, Jos\u00e9 Luis Silva, se\u00f1al\u00f3 que el \u00e9xito alcanzado por la comida peruana entre el p\u00fablico espa\u00f1ol es el fruto de un trabajo conjunto de los chefs peruanos y una acertada estrategia de promoci\u00f3n del pa\u00eds.<\/p>\n<p style=\"text-align: justify;\">Durante su participaci\u00f3n en Madrid Fusi\u00f3n, indic\u00f3 que la estrategia utilizada por la Comisi\u00f3n de Promoci\u00f3n del Per\u00fa para la Exportaci\u00f3n y el Turismo (Promper\u00fa) para difundir la gastronom\u00eda peruana a trav\u00e9s de dicha feria ha logrado resultados muy positivos.<\/p>\n<p style=\"text-align: justify;\">\u201cLa estrategia utilizada por PromPer\u00fa para difundir la gastronom\u00eda peruana a trav\u00e9s de una plataforma de la categor\u00eda de esta feria, en la que el pa\u00eds ha participado en varias oportunidades, vali\u00f3 realmente la pena porque ahora la cocina peruana es un boom en Espa\u00f1a\u00bb, declar\u00f3 Silva.<\/p>\n<p>  <!--more-->  <\/p>\n<p style=\"text-align: justify;\">La d\u00e9cima edici\u00f3n de Madrid Fusi\u00f3n, que finaliz\u00f3 en la v\u00edspera, es considerada uno de los cert\u00e1menes gastron\u00f3micos m\u00e1s relevantes en Espa\u00f1a.<\/p>\n<p style=\"text-align: justify;\">La gastronom\u00eda peruana caus\u00f3 impacto positivo en esta feria, acaparando el inter\u00e9s de los cr\u00edticos gastron\u00f3micos internacionales, quienes han elogiado los platos peruanos, se\u00f1al\u00f3 PromPer\u00fa.<\/p>\n<p style=\"text-align: justify;\">En el stand Per\u00fa, Mucho Gusto de PromPer\u00fa se dieron cita chefs espa\u00f1oles de prestigio mundial como Mart\u00edn Berasategui y Juan Mari Arzak, adem\u00e1s de cr\u00edticos gastron\u00f3micos como el holand\u00e9s, Jan Van Lissum.<\/p>\n<p style=\"text-align: justify;\">Asimismo el p\u00fablico asistente mostr\u00f3 gran inter\u00e9s por la cocina peruana, luego de degustar los platos preparados por Humberto y Yaquir Sato del restaurante Costanera 700, as\u00ed como de los restaurantes peruanos en Espa\u00f1a, Vir\u00fa, Astrid &amp; Gast\u00f3n y La Gorda, durante los tres d\u00edas de la feria.<\/p>\n<p style=\"text-align: justify;\">(FIN) AQR\/LVT<\/p>\n<p style=\"text-align: justify;\">Agencia Andina.<\/p>\n<p style=\"text-align: justify;\"><img decoding=\"async\" src=\"images\/stories\/11\/11\/151111\/cabrito.jpg\" border=\"0\" alt=\"Destacan \u00e9xito de gastronom\u00eda peruana en Espa\u00f1a\" title=\"Destacan \u00e9xito de gastronom\u00eda peruana en Espa\u00f1a\" \/><\/p>\n","protected":false},"excerpt":{"rendered":"<p>(Aeronoticias).- El ministro de Comercio Exterior y Turismo, Jos\u00e9 Luis Silva, se\u00f1al\u00f3 que el \u00e9xito alcanzado por la comida peruana entre el p\u00fablico espa\u00f1ol es el fruto de un trabajo conjunto de los chefs peruanos y una acertada estrategia de promoci\u00f3n del pa\u00eds. Durante su participaci\u00f3n en Madrid Fusi\u00f3n, indic\u00f3 que la estrategia utilizada por [&hellip;]<\/p>\n","protected":false},"author":1,"featured_media":0,"comment_status":"open","ping_status":"open","sticky":false,"template":"","format":"standard","meta":{"tdm_status":"","tdm_grid_status":"","footnotes":""},"categories":[49],"tags":[],"class_list":{"0":"post-22833","1":"post","2":"type-post","3":"status-publish","4":"format-standard","6":"category-gastronomia"},"yoast_head":"<!-- This site is optimized with the Yoast SEO plugin v25.1 - https:\/\/yoast.com\/wordpress\/plugins\/seo\/ -->\n<title>Destacan \u00e9xito de gastronom\u00eda peruana en Espa\u00f1a<\/title>\n<meta name=\"description\" content=\"Portal de noticias del Per\u00fa sobre el transporte a\u00e9reo, aviaci\u00f3n, turismo, hoteleria, actualidad.\" \/>\n<meta name=\"robots\" content=\"index, follow, max-snippet:-1, max-image-preview:large, max-video-preview:-1\" \/>\n<link rel=\"canonical\" href=\"https:\/\/aeronoticias.com.pe\/noticiero\/turismo\/gastronomia\/destacan-exito-de-gastronomia-peruana-en-espana\/\" \/>\n<meta property=\"og:locale\" content=\"es_ES\" \/>\n<meta property=\"og:type\" content=\"article\" \/>\n<meta property=\"og:title\" content=\"Destacan \u00e9xito de gastronom\u00eda peruana en Espa\u00f1a\" \/>\n<meta property=\"og:description\" content=\"Portal de noticias del Per\u00fa sobre el transporte a\u00e9reo, aviaci\u00f3n, turismo, hoteleria, actualidad.\" \/>\n<meta property=\"og:url\" content=\"https:\/\/aeronoticias.com.pe\/noticiero\/turismo\/gastronomia\/destacan-exito-de-gastronomia-peruana-en-espana\/\" \/>\n<meta property=\"og:site_name\" content=\"Aeronoticias.com.pe\" \/>\n<meta property=\"article:publisher\" content=\"https:\/\/www.facebook.com\/Aeronoticias.com.pe\/\" \/>\n<meta property=\"article:published_time\" content=\"2012-01-27T14:36:31+00:00\" \/>\n<meta name=\"author\" content=\"Redacci\u00f3n Aeronoticias\" \/>\n<meta name=\"twitter:card\" content=\"summary_large_image\" \/>\n<meta name=\"twitter:creator\" content=\"@aeronoticias\" \/>\n<meta name=\"twitter:site\" content=\"@aeronoticias\" \/>\n<meta name=\"twitter:label1\" content=\"Escrito por\" \/>\n\t<meta name=\"twitter:data1\" content=\"Redacci\u00f3n Aeronoticias\" \/>\n\t<meta name=\"twitter:label2\" content=\"Tiempo de lectura\" \/>\n\t<meta name=\"twitter:data2\" content=\"2 minutos\" \/>\n<script type=\"application\/ld+json\" class=\"yoast-schema-graph\">{\"@context\":\"https:\/\/schema.org\",\"@graph\":[{\"@type\":\"WebPage\",\"@id\":\"https:\/\/aeronoticias.com.pe\/noticiero\/turismo\/gastronomia\/destacan-exito-de-gastronomia-peruana-en-espana\/\",\"url\":\"https:\/\/aeronoticias.com.pe\/noticiero\/turismo\/gastronomia\/destacan-exito-de-gastronomia-peruana-en-espana\/\",\"name\":\"Destacan \u00e9xito de gastronom\u00eda peruana en Espa\u00f1a\",\"isPartOf\":{\"@id\":\"https:\/\/aeronoticias.com.pe\/noticiero\/#website\"},\"datePublished\":\"2012-01-27T14:36:31+00:00\",\"author\":{\"@id\":\"https:\/\/aeronoticias.com.pe\/noticiero\/#\/schema\/person\/fc1e5d578f4b62ba1cf7ac2bba1170a0\"},\"description\":\"Portal de noticias del Per\u00fa sobre el transporte a\u00e9reo, aviaci\u00f3n, turismo, hoteleria, actualidad.\",\"breadcrumb\":{\"@id\":\"https:\/\/aeronoticias.com.pe\/noticiero\/turismo\/gastronomia\/destacan-exito-de-gastronomia-peruana-en-espana\/#breadcrumb\"},\"inLanguage\":\"es\",\"potentialAction\":[{\"@type\":\"ReadAction\",\"target\":[\"https:\/\/aeronoticias.com.pe\/noticiero\/turismo\/gastronomia\/destacan-exito-de-gastronomia-peruana-en-espana\/\"]}]},{\"@type\":\"BreadcrumbList\",\"@id\":\"https:\/\/aeronoticias.com.pe\/noticiero\/turismo\/gastronomia\/destacan-exito-de-gastronomia-peruana-en-espana\/#breadcrumb\",\"itemListElement\":[{\"@type\":\"ListItem\",\"position\":1,\"name\":\"Portada\",\"item\":\"https:\/\/aeronoticias.com.pe\/noticiero\/\"},{\"@type\":\"ListItem\",\"position\":2,\"name\":\"Destacan \u00e9xito de gastronom\u00eda peruana en Espa\u00f1a\"}]},{\"@type\":\"WebSite\",\"@id\":\"https:\/\/aeronoticias.com.pe\/noticiero\/#website\",\"url\":\"https:\/\/aeronoticias.com.pe\/noticiero\/\",\"name\":\"Aeronoticias.com.pe\",\"description\":\"Noticias de tranporte aereo, turismo, hoteles, gastronomia, actualidad, internacional\",\"potentialAction\":[{\"@type\":\"SearchAction\",\"target\":{\"@type\":\"EntryPoint\",\"urlTemplate\":\"https:\/\/aeronoticias.com.pe\/noticiero\/?s={search_term_string}\"},\"query-input\":{\"@type\":\"PropertyValueSpecification\",\"valueRequired\":true,\"valueName\":\"search_term_string\"}}],\"inLanguage\":\"es\"},{\"@type\":\"Person\",\"@id\":\"https:\/\/aeronoticias.com.pe\/noticiero\/#\/schema\/person\/fc1e5d578f4b62ba1cf7ac2bba1170a0\",\"name\":\"Redacci\u00f3n Aeronoticias\",\"url\":\"https:\/\/aeronoticias.com.pe\/noticiero\/author\/piloto\/\"}]}<\/script>\n<!-- \/ Yoast SEO plugin. -->","yoast_head_json":{"title":"Destacan \u00e9xito de gastronom\u00eda peruana en Espa\u00f1a","description":"Portal de noticias del Per\u00fa sobre el transporte a\u00e9reo, aviaci\u00f3n, turismo, hoteleria, actualidad.","robots":{"index":"index","follow":"follow","max-snippet":"max-snippet:-1","max-image-preview":"max-image-preview:large","max-video-preview":"max-video-preview:-1"},"canonical":"https:\/\/aeronoticias.com.pe\/noticiero\/turismo\/gastronomia\/destacan-exito-de-gastronomia-peruana-en-espana\/","og_locale":"es_ES","og_type":"article","og_title":"Destacan \u00e9xito de gastronom\u00eda peruana en Espa\u00f1a","og_description":"Portal de noticias del Per\u00fa sobre el transporte a\u00e9reo, aviaci\u00f3n, turismo, hoteleria, actualidad.","og_url":"https:\/\/aeronoticias.com.pe\/noticiero\/turismo\/gastronomia\/destacan-exito-de-gastronomia-peruana-en-espana\/","og_site_name":"Aeronoticias.com.pe","article_publisher":"https:\/\/www.facebook.com\/Aeronoticias.com.pe\/","article_published_time":"2012-01-27T14:36:31+00:00","author":"Redacci\u00f3n Aeronoticias","twitter_card":"summary_large_image","twitter_creator":"@aeronoticias","twitter_site":"@aeronoticias","twitter_misc":{"Escrito por":"Redacci\u00f3n Aeronoticias","Tiempo de lectura":"2 minutos"},"schema":{"@context":"https:\/\/schema.org","@graph":[{"@type":"WebPage","@id":"https:\/\/aeronoticias.com.pe\/noticiero\/turismo\/gastronomia\/destacan-exito-de-gastronomia-peruana-en-espana\/","url":"https:\/\/aeronoticias.com.pe\/noticiero\/turismo\/gastronomia\/destacan-exito-de-gastronomia-peruana-en-espana\/","name":"Destacan \u00e9xito de gastronom\u00eda peruana en Espa\u00f1a","isPartOf":{"@id":"https:\/\/aeronoticias.com.pe\/noticiero\/#website"},"datePublished":"2012-01-27T14:36:31+00:00","author":{"@id":"https:\/\/aeronoticias.com.pe\/noticiero\/#\/schema\/person\/fc1e5d578f4b62ba1cf7ac2bba1170a0"},"description":"Portal de noticias del Per\u00fa sobre el transporte a\u00e9reo, aviaci\u00f3n, turismo, hoteleria, actualidad.","breadcrumb":{"@id":"https:\/\/aeronoticias.com.pe\/noticiero\/turismo\/gastronomia\/destacan-exito-de-gastronomia-peruana-en-espana\/#breadcrumb"},"inLanguage":"es","potentialAction":[{"@type":"ReadAction","target":["https:\/\/aeronoticias.com.pe\/noticiero\/turismo\/gastronomia\/destacan-exito-de-gastronomia-peruana-en-espana\/"]}]},{"@type":"BreadcrumbList","@id":"https:\/\/aeronoticias.com.pe\/noticiero\/turismo\/gastronomia\/destacan-exito-de-gastronomia-peruana-en-espana\/#breadcrumb","itemListElement":[{"@type":"ListItem","position":1,"name":"Portada","item":"https:\/\/aeronoticias.com.pe\/noticiero\/"},{"@type":"ListItem","position":2,"name":"Destacan \u00e9xito de gastronom\u00eda peruana en Espa\u00f1a"}]},{"@type":"WebSite","@id":"https:\/\/aeronoticias.com.pe\/noticiero\/#website","url":"https:\/\/aeronoticias.com.pe\/noticiero\/","name":"Aeronoticias.com.pe","description":"Noticias de tranporte aereo, turismo, hoteles, gastronomia, actualidad, internacional","potentialAction":[{"@type":"SearchAction","target":{"@type":"EntryPoint","urlTemplate":"https:\/\/aeronoticias.com.pe\/noticiero\/?s={search_term_string}"},"query-input":{"@type":"PropertyValueSpecification","valueRequired":true,"valueName":"search_term_string"}}],"inLanguage":"es"},{"@type":"Person","@id":"https:\/\/aeronoticias.com.pe\/noticiero\/#\/schema\/person\/fc1e5d578f4b62ba1cf7ac2bba1170a0","name":"Redacci\u00f3n Aeronoticias","url":"https:\/\/aeronoticias.com.pe\/noticiero\/author\/piloto\/"}]}},"_links":{"self":[{"href":"https:\/\/aeronoticias.com.pe\/noticiero\/wp-json\/wp\/v2\/posts\/22833","targetHints":{"allow":["GET"]}}],"collection":[{"href":"https:\/\/aeronoticias.com.pe\/noticiero\/wp-json\/wp\/v2\/posts"}],"about":[{"href":"https:\/\/aeronoticias.com.pe\/noticiero\/wp-json\/wp\/v2\/types\/post"}],"author":[{"embeddable":true,"href":"https:\/\/aeronoticias.com.pe\/noticiero\/wp-json\/wp\/v2\/users\/1"}],"replies":[{"embeddable":true,"href":"https:\/\/aeronoticias.com.pe\/noticiero\/wp-json\/wp\/v2\/comments?post=22833"}],"version-history":[{"count":0,"href":"https:\/\/aeronoticias.com.pe\/noticiero\/wp-json\/wp\/v2\/posts\/22833\/revisions"}],"wp:attachment":[{"href":"https:\/\/aeronoticias.com.pe\/noticiero\/wp-json\/wp\/v2\/media?parent=22833"}],"wp:term":[{"taxonomy":"category","embeddable":true,"href":"https:\/\/aeronoticias.com.pe\/noticiero\/wp-json\/wp\/v2\/categories?post=22833"},{"taxonomy":"post_tag","embeddable":true,"href":"https:\/\/aeronoticias.com.pe\/noticiero\/wp-json\/wp\/v2\/tags?post=22833"}],"curies":[{"name":"wp","href":"https:\/\/api.w.org\/{rel}","templated":true}]}}