{"id":22834,"date":"2012-01-27T14:41:19","date_gmt":"2012-01-27T14:41:19","guid":{"rendered":"http:\/\/desarrollo.mcvicious.com\/aero2020\/2012\/01\/27\/lan-ecuador-realizo-ajuste-de-personal-y-disminucion-de-rutas\/"},"modified":"2012-01-27T14:41:19","modified_gmt":"2012-01-27T14:41:19","slug":"lan-ecuador-realizo-ajuste-de-personal-y-disminucion-de-rutas","status":"publish","type":"post","link":"https:\/\/aeronoticias.com.pe\/noticiero\/transporte-aereo\/internacional\/lan-ecuador-realizo-ajuste-de-personal-y-disminucion-de-rutas\/","title":{"rendered":"LAN Ecuador realiz\u00f3 ajuste de personal y disminuci\u00f3n de rutas"},"content":{"rendered":"<p style=\"text-align: justify;\"><strong>(Aeronoticias).-<\/strong> Este mi\u00e9rcoles la aerol\u00ednea LAN Ecuador despidi\u00f3 a 55 personas del \u00e1rea de tripulaci\u00f3n y cinco administrativos, como parte de un plan de ajuste que contempla la reducci\u00f3n de azafatas en los vuelos y la disminuci\u00f3n de rutas.<\/p>\n<p style=\"text-align: justify;\">El recorte de personal de tripulaci\u00f3n, seg\u00fan la vocera de la empresa, Esther Palacios, se da porque es el \u00e1rea m\u00e1s cercana a los cambios hechos con los vuelos.<\/p>\n<p style=\"text-align: justify;\">Desde este mes que bajaron las frecuencia en dos rutas, Guayaquil-Quito y Quito-Cuenca, mencion\u00f3.<\/p>\n<p style=\"text-align: justify;\">Palacios indic\u00f3 que estas decisiones se tomaron \u201cbuscando ser m\u00e1s eficiencias\u201d y que fue por \u201cun tema de reestructuraci\u00f3n de costos\u201d.<\/p>\n<p style=\"text-align: justify;\">Sin embargo, seg\u00fan un comunicado emitido por el Sindicato de Trabajadores de Aerolane, LAN Ecuador, \u201cel \u00fanico argumento alegado por la empresa es que este despido es por causas de la eliminaci\u00f3n del subsidio en el precio del combustible dispuesto por el gobierno ecuatoriano, lo que provoca una reestructuraci\u00f3n\u201d.<\/p>\n<p>  <!--more-->  <\/p>\n<p style=\"text-align: justify;\">Durante uno de los enlaces sabatinos realizados a finales de diciembre, el presidente de la Rep\u00fablica, Rafael Correa, anunci\u00f3 que desde inicio del a\u00f1o el gal\u00f3n de jet fuel no tendr\u00eda subsidio para los aeropuertos de Guayaquil, Quito y Cuenca.<\/p>\n<p style=\"text-align: justify;\">Los precios pasaron de US$1,26 (con subsidio) a unos US$3,50.<\/p>\n<p style=\"text-align: justify;\">Esto tambi\u00e9n gener\u00f3 que en los primeros d\u00edas del 2012 se note un aumento en el valor de los pasajes. Un ejemplo fue el boleto Guayaquil-Quito, donde el recargo fue de US$11 por ida.<\/p>\n<p style=\"text-align: justify;\">Un ex empleado de la empresa, que prefiri\u00f3 la reserva de su nombre, indic\u00f3 que durante la notificaci\u00f3n del despido que dur\u00f3 aproximadamente cinco minutos y se realiz\u00f3 en el hotel Sheraton se les explic\u00f3 que desde ese momento no ten\u00edan acceso a sus correos corporativos, ni a las plataformas inform\u00e1ticas de la aerol\u00ednea.<\/p>\n<p style=\"text-align: justify;\">Los despidos se dan luego de que esta semana se realizara la reducci\u00f3n, de nueve a siete, de los tripulantes en cada vuelo.<\/p>\n<p style=\"text-align: justify;\">Palacios remarc\u00f3 que Lan Ecuador trabaja con 1.800 empleados en toda la empresa.<\/p>\n<p style=\"text-align: justify;\">ElUniverso.com<\/p>\n<p style=\"text-align: justify;\">\u00a0<img decoding=\"async\" src=\"images\/stories\/12\/01\/270112\/lan877.jpg\" border=\"0\" alt=\"lan\" title=\"lan\" \/><\/p>\n","protected":false},"excerpt":{"rendered":"<p>(Aeronoticias).- Este mi\u00e9rcoles la aerol\u00ednea LAN Ecuador despidi\u00f3 a 55 personas del \u00e1rea de tripulaci\u00f3n y cinco administrativos, como parte de un plan de ajuste que contempla la reducci\u00f3n de azafatas en los vuelos y la disminuci\u00f3n de rutas. El recorte de personal de tripulaci\u00f3n, seg\u00fan la vocera de la empresa, Esther Palacios, se da [&hellip;]<\/p>\n","protected":false},"author":1,"featured_media":0,"comment_status":"open","ping_status":"open","sticky":false,"template":"","format":"standard","meta":{"tdm_status":"","tdm_grid_status":"","footnotes":""},"categories":[32],"tags":[],"class_list":{"0":"post-22834","1":"post","2":"type-post","3":"status-publish","4":"format-standard","6":"category-internacional"},"yoast_head":"<!-- This site is optimized with the Yoast SEO plugin v25.1 - https:\/\/yoast.com\/wordpress\/plugins\/seo\/ -->\n<title>LAN Ecuador realiz\u00f3 ajuste de personal y disminuci\u00f3n de rutas<\/title>\n<meta name=\"description\" content=\"Portal de noticias del Per\u00fa sobre el transporte a\u00e9reo, aviaci\u00f3n, turismo, hoteleria, actualidad.\" \/>\n<meta name=\"robots\" content=\"index, follow, max-snippet:-1, max-image-preview:large, max-video-preview:-1\" \/>\n<link rel=\"canonical\" href=\"https:\/\/aeronoticias.com.pe\/noticiero\/transporte-aereo\/internacional\/lan-ecuador-realizo-ajuste-de-personal-y-disminucion-de-rutas\/\" \/>\n<meta property=\"og:locale\" content=\"es_ES\" \/>\n<meta property=\"og:type\" content=\"article\" \/>\n<meta property=\"og:title\" content=\"LAN Ecuador realiz\u00f3 ajuste de personal y disminuci\u00f3n de rutas\" \/>\n<meta property=\"og:description\" content=\"Portal de noticias del Per\u00fa sobre el transporte a\u00e9reo, aviaci\u00f3n, turismo, hoteleria, actualidad.\" \/>\n<meta property=\"og:url\" content=\"https:\/\/aeronoticias.com.pe\/noticiero\/transporte-aereo\/internacional\/lan-ecuador-realizo-ajuste-de-personal-y-disminucion-de-rutas\/\" \/>\n<meta property=\"og:site_name\" content=\"Aeronoticias.com.pe\" \/>\n<meta property=\"article:publisher\" content=\"https:\/\/www.facebook.com\/Aeronoticias.com.pe\/\" \/>\n<meta property=\"article:published_time\" content=\"2012-01-27T14:41:19+00:00\" \/>\n<meta name=\"author\" content=\"Redacci\u00f3n Aeronoticias\" \/>\n<meta name=\"twitter:card\" content=\"summary_large_image\" \/>\n<meta name=\"twitter:creator\" content=\"@aeronoticias\" \/>\n<meta name=\"twitter:site\" content=\"@aeronoticias\" \/>\n<meta name=\"twitter:label1\" content=\"Escrito por\" \/>\n\t<meta name=\"twitter:data1\" content=\"Redacci\u00f3n Aeronoticias\" \/>\n\t<meta name=\"twitter:label2\" content=\"Tiempo de lectura\" \/>\n\t<meta name=\"twitter:data2\" content=\"2 minutos\" \/>\n<script type=\"application\/ld+json\" class=\"yoast-schema-graph\">{\"@context\":\"https:\/\/schema.org\",\"@graph\":[{\"@type\":\"WebPage\",\"@id\":\"https:\/\/aeronoticias.com.pe\/noticiero\/transporte-aereo\/internacional\/lan-ecuador-realizo-ajuste-de-personal-y-disminucion-de-rutas\/\",\"url\":\"https:\/\/aeronoticias.com.pe\/noticiero\/transporte-aereo\/internacional\/lan-ecuador-realizo-ajuste-de-personal-y-disminucion-de-rutas\/\",\"name\":\"LAN Ecuador realiz\u00f3 ajuste de personal y disminuci\u00f3n de rutas\",\"isPartOf\":{\"@id\":\"https:\/\/aeronoticias.com.pe\/noticiero\/#website\"},\"datePublished\":\"2012-01-27T14:41:19+00:00\",\"author\":{\"@id\":\"https:\/\/aeronoticias.com.pe\/noticiero\/#\/schema\/person\/fc1e5d578f4b62ba1cf7ac2bba1170a0\"},\"description\":\"Portal de noticias del Per\u00fa sobre el transporte a\u00e9reo, aviaci\u00f3n, turismo, hoteleria, actualidad.\",\"breadcrumb\":{\"@id\":\"https:\/\/aeronoticias.com.pe\/noticiero\/transporte-aereo\/internacional\/lan-ecuador-realizo-ajuste-de-personal-y-disminucion-de-rutas\/#breadcrumb\"},\"inLanguage\":\"es\",\"potentialAction\":[{\"@type\":\"ReadAction\",\"target\":[\"https:\/\/aeronoticias.com.pe\/noticiero\/transporte-aereo\/internacional\/lan-ecuador-realizo-ajuste-de-personal-y-disminucion-de-rutas\/\"]}]},{\"@type\":\"BreadcrumbList\",\"@id\":\"https:\/\/aeronoticias.com.pe\/noticiero\/transporte-aereo\/internacional\/lan-ecuador-realizo-ajuste-de-personal-y-disminucion-de-rutas\/#breadcrumb\",\"itemListElement\":[{\"@type\":\"ListItem\",\"position\":1,\"name\":\"Portada\",\"item\":\"https:\/\/aeronoticias.com.pe\/noticiero\/\"},{\"@type\":\"ListItem\",\"position\":2,\"name\":\"LAN Ecuador realiz\u00f3 ajuste de personal y disminuci\u00f3n de rutas\"}]},{\"@type\":\"WebSite\",\"@id\":\"https:\/\/aeronoticias.com.pe\/noticiero\/#website\",\"url\":\"https:\/\/aeronoticias.com.pe\/noticiero\/\",\"name\":\"Aeronoticias.com.pe\",\"description\":\"Noticias de tranporte aereo, turismo, hoteles, gastronomia, actualidad, internacional\",\"potentialAction\":[{\"@type\":\"SearchAction\",\"target\":{\"@type\":\"EntryPoint\",\"urlTemplate\":\"https:\/\/aeronoticias.com.pe\/noticiero\/?s={search_term_string}\"},\"query-input\":{\"@type\":\"PropertyValueSpecification\",\"valueRequired\":true,\"valueName\":\"search_term_string\"}}],\"inLanguage\":\"es\"},{\"@type\":\"Person\",\"@id\":\"https:\/\/aeronoticias.com.pe\/noticiero\/#\/schema\/person\/fc1e5d578f4b62ba1cf7ac2bba1170a0\",\"name\":\"Redacci\u00f3n Aeronoticias\",\"url\":\"https:\/\/aeronoticias.com.pe\/noticiero\/author\/piloto\/\"}]}<\/script>\n<!-- \/ Yoast SEO plugin. -->","yoast_head_json":{"title":"LAN Ecuador realiz\u00f3 ajuste de personal y disminuci\u00f3n de rutas","description":"Portal de noticias del Per\u00fa sobre el transporte a\u00e9reo, aviaci\u00f3n, turismo, hoteleria, actualidad.","robots":{"index":"index","follow":"follow","max-snippet":"max-snippet:-1","max-image-preview":"max-image-preview:large","max-video-preview":"max-video-preview:-1"},"canonical":"https:\/\/aeronoticias.com.pe\/noticiero\/transporte-aereo\/internacional\/lan-ecuador-realizo-ajuste-de-personal-y-disminucion-de-rutas\/","og_locale":"es_ES","og_type":"article","og_title":"LAN Ecuador realiz\u00f3 ajuste de personal y disminuci\u00f3n de rutas","og_description":"Portal de noticias del Per\u00fa sobre el transporte a\u00e9reo, aviaci\u00f3n, turismo, hoteleria, actualidad.","og_url":"https:\/\/aeronoticias.com.pe\/noticiero\/transporte-aereo\/internacional\/lan-ecuador-realizo-ajuste-de-personal-y-disminucion-de-rutas\/","og_site_name":"Aeronoticias.com.pe","article_publisher":"https:\/\/www.facebook.com\/Aeronoticias.com.pe\/","article_published_time":"2012-01-27T14:41:19+00:00","author":"Redacci\u00f3n Aeronoticias","twitter_card":"summary_large_image","twitter_creator":"@aeronoticias","twitter_site":"@aeronoticias","twitter_misc":{"Escrito por":"Redacci\u00f3n Aeronoticias","Tiempo de lectura":"2 minutos"},"schema":{"@context":"https:\/\/schema.org","@graph":[{"@type":"WebPage","@id":"https:\/\/aeronoticias.com.pe\/noticiero\/transporte-aereo\/internacional\/lan-ecuador-realizo-ajuste-de-personal-y-disminucion-de-rutas\/","url":"https:\/\/aeronoticias.com.pe\/noticiero\/transporte-aereo\/internacional\/lan-ecuador-realizo-ajuste-de-personal-y-disminucion-de-rutas\/","name":"LAN Ecuador realiz\u00f3 ajuste de personal y disminuci\u00f3n de rutas","isPartOf":{"@id":"https:\/\/aeronoticias.com.pe\/noticiero\/#website"},"datePublished":"2012-01-27T14:41:19+00:00","author":{"@id":"https:\/\/aeronoticias.com.pe\/noticiero\/#\/schema\/person\/fc1e5d578f4b62ba1cf7ac2bba1170a0"},"description":"Portal de noticias del Per\u00fa sobre el transporte a\u00e9reo, aviaci\u00f3n, turismo, hoteleria, actualidad.","breadcrumb":{"@id":"https:\/\/aeronoticias.com.pe\/noticiero\/transporte-aereo\/internacional\/lan-ecuador-realizo-ajuste-de-personal-y-disminucion-de-rutas\/#breadcrumb"},"inLanguage":"es","potentialAction":[{"@type":"ReadAction","target":["https:\/\/aeronoticias.com.pe\/noticiero\/transporte-aereo\/internacional\/lan-ecuador-realizo-ajuste-de-personal-y-disminucion-de-rutas\/"]}]},{"@type":"BreadcrumbList","@id":"https:\/\/aeronoticias.com.pe\/noticiero\/transporte-aereo\/internacional\/lan-ecuador-realizo-ajuste-de-personal-y-disminucion-de-rutas\/#breadcrumb","itemListElement":[{"@type":"ListItem","position":1,"name":"Portada","item":"https:\/\/aeronoticias.com.pe\/noticiero\/"},{"@type":"ListItem","position":2,"name":"LAN Ecuador realiz\u00f3 ajuste de personal y disminuci\u00f3n de rutas"}]},{"@type":"WebSite","@id":"https:\/\/aeronoticias.com.pe\/noticiero\/#website","url":"https:\/\/aeronoticias.com.pe\/noticiero\/","name":"Aeronoticias.com.pe","description":"Noticias de tranporte aereo, turismo, hoteles, gastronomia, actualidad, internacional","potentialAction":[{"@type":"SearchAction","target":{"@type":"EntryPoint","urlTemplate":"https:\/\/aeronoticias.com.pe\/noticiero\/?s={search_term_string}"},"query-input":{"@type":"PropertyValueSpecification","valueRequired":true,"valueName":"search_term_string"}}],"inLanguage":"es"},{"@type":"Person","@id":"https:\/\/aeronoticias.com.pe\/noticiero\/#\/schema\/person\/fc1e5d578f4b62ba1cf7ac2bba1170a0","name":"Redacci\u00f3n Aeronoticias","url":"https:\/\/aeronoticias.com.pe\/noticiero\/author\/piloto\/"}]}},"_links":{"self":[{"href":"https:\/\/aeronoticias.com.pe\/noticiero\/wp-json\/wp\/v2\/posts\/22834","targetHints":{"allow":["GET"]}}],"collection":[{"href":"https:\/\/aeronoticias.com.pe\/noticiero\/wp-json\/wp\/v2\/posts"}],"about":[{"href":"https:\/\/aeronoticias.com.pe\/noticiero\/wp-json\/wp\/v2\/types\/post"}],"author":[{"embeddable":true,"href":"https:\/\/aeronoticias.com.pe\/noticiero\/wp-json\/wp\/v2\/users\/1"}],"replies":[{"embeddable":true,"href":"https:\/\/aeronoticias.com.pe\/noticiero\/wp-json\/wp\/v2\/comments?post=22834"}],"version-history":[{"count":0,"href":"https:\/\/aeronoticias.com.pe\/noticiero\/wp-json\/wp\/v2\/posts\/22834\/revisions"}],"wp:attachment":[{"href":"https:\/\/aeronoticias.com.pe\/noticiero\/wp-json\/wp\/v2\/media?parent=22834"}],"wp:term":[{"taxonomy":"category","embeddable":true,"href":"https:\/\/aeronoticias.com.pe\/noticiero\/wp-json\/wp\/v2\/categories?post=22834"},{"taxonomy":"post_tag","embeddable":true,"href":"https:\/\/aeronoticias.com.pe\/noticiero\/wp-json\/wp\/v2\/tags?post=22834"}],"curies":[{"name":"wp","href":"https:\/\/api.w.org\/{rel}","templated":true}]}}