{"id":23158,"date":"2012-02-06T15:01:53","date_gmt":"2012-02-06T15:01:53","guid":{"rendered":"http:\/\/desarrollo.mcvicious.com\/aero2020\/2012\/02\/06\/procurador-galindo-afirma-que-gobierno-descubrira-enganos-de-monica-feria-a-la-cidh\/"},"modified":"2012-02-06T15:01:53","modified_gmt":"2012-02-06T15:01:53","slug":"procurador-galindo-afirma-que-gobierno-descubrira-enganos-de-monica-feria-a-la-cidh","status":"publish","type":"post","link":"https:\/\/aeronoticias.com.pe\/noticiero\/politica\/procurador-galindo-afirma-que-gobierno-descubrira-enganos-de-monica-feria-a-la-cidh\/","title":{"rendered":"Procurador Galindo afirma que Gobierno descubrir\u00e1 enga\u00f1os de M\u00f3nica Feria a la CIDH"},"content":{"rendered":"<p style=\"text-align: justify;\"><strong>(Aeronoticias).-<\/strong> El procurador contra el terrorismo, Julio Galindo, afirm\u00f3 que conf\u00eda en que el Estado peruano desenmascarar\u00e1 a la requisitoriada por terrorismo, M\u00f3nica Feria Tinta, quien ha logrado \u00abenga\u00f1ar\u00bb a la Comisi\u00f3n Interamericana de Derechos Humanos (CIDH).<\/p>\n<p style=\"text-align: justify;\">\u201cPara mi Procuradur\u00eda con todo lo que viene diciendo Feria Tinta, ha logrado enga\u00f1ar a la CIDH, pero creo que el nuevo ministro de Justicia en los pr\u00f3ximos d\u00edas va a tomar una decisi\u00f3n y designar\u00e1 a un funcionario que vaya y defienda al Per\u00fa en esta instancia\u201d, se\u00f1al\u00f3.<\/p>\n<p style=\"text-align: justify;\">Cabe recordar que M\u00f3nica Feria Tinta fue intervenida el 13 de abril de 1992, en Balconcillo, distrito de La Victoria, donde se le encontr\u00f3 con materiales que ten\u00edan una connotaci\u00f3n terrorista.<\/p>\n<p>  <!--more-->  <\/p>\n<p style=\"text-align: justify;\">Galindo enfatiz\u00f3 que Feria se encarg\u00f3 de coordinar con periodistas internacionales y nacionales la propaganda que ten\u00eda que hacer al grupo criminal Sendero Luminoso; adem\u00e1s, hay el testimonio de una persona que la s\u00edndica como integrante del grupo terrorista que caus\u00f3 mucho derramamiento de sangre.<\/p>\n<p style=\"text-align: justify;\">En vista de eso, asegur\u00f3 que Feria Tinta tiene una requisitoria internacional, y tiene que regresar al Per\u00fa a someterse a la autoridad judicial de nuestro pa\u00eds y enfrentar los cargos que la imputan.<\/p>\n<p style=\"text-align: justify;\">El procurador sobre casos de terrorismo explic\u00f3 \u00a0que \u00a0Ferias fue procesada en primera instancia en la Sala Penal Nacional que la absolvi\u00f3, posteriormente la Procuradur\u00eda interpuso un recurso de nulidad ante la Corte Suprema, la que, con mayores elementos de juicio que no consider\u00f3 la Sala Penal Nacional, revoc\u00f3 la resoluci\u00f3n que la liberaba y orden\u00f3 su captura.<\/p>\n<p style=\"text-align: justify;\">Subray\u00f3 que M\u00f3nica Feria se vale de argucias y estrategias a su favor ante la CIDH, porque aprovecha que el Estado todav\u00eda no ha tomado una posici\u00f3n de defensa al respecto ante esta instancia internacional.<\/p>\n<p style=\"text-align: justify;\"><img decoding=\"async\" src=\"images\/stories\/12\/02\/060212\/galindo.jpg\" border=\"0\" alt=\"Procurador Galindo afirma que Gobierno descubrir\u00e1 enga\u00f1os de M\u00f3nica Feria a la CIDH\" title=\"Procurador Galindo afirma que Gobierno descubrir\u00e1 enga\u00f1os de M\u00f3nica Feria a la CIDH\" \/><\/p>\n","protected":false},"excerpt":{"rendered":"<p>(Aeronoticias).- El procurador contra el terrorismo, Julio Galindo, afirm\u00f3 que conf\u00eda en que el Estado peruano desenmascarar\u00e1 a la requisitoriada por terrorismo, M\u00f3nica Feria Tinta, quien ha logrado \u00abenga\u00f1ar\u00bb a la Comisi\u00f3n Interamericana de Derechos Humanos (CIDH). \u201cPara mi Procuradur\u00eda con todo lo que viene diciendo Feria Tinta, ha logrado enga\u00f1ar a la CIDH, pero [&hellip;]<\/p>\n","protected":false},"author":1,"featured_media":0,"comment_status":"open","ping_status":"open","sticky":false,"template":"","format":"standard","meta":{"tdm_status":"","tdm_grid_status":"","footnotes":""},"categories":[36],"tags":[],"class_list":{"0":"post-23158","1":"post","2":"type-post","3":"status-publish","4":"format-standard","6":"category-politica"},"yoast_head":"<!-- This site is optimized with the Yoast SEO plugin v25.1 - https:\/\/yoast.com\/wordpress\/plugins\/seo\/ -->\n<title>Procurador Galindo afirma que Gobierno descubrir\u00e1 enga\u00f1os de M\u00f3nica Feria a la CIDH<\/title>\n<meta name=\"description\" content=\"Portal de noticias del Per\u00fa sobre el transporte a\u00e9reo, aviaci\u00f3n, turismo, hoteleria, actualidad.\" \/>\n<meta name=\"robots\" content=\"index, follow, max-snippet:-1, max-image-preview:large, max-video-preview:-1\" \/>\n<link rel=\"canonical\" href=\"https:\/\/aeronoticias.com.pe\/noticiero\/politica\/procurador-galindo-afirma-que-gobierno-descubrira-enganos-de-monica-feria-a-la-cidh\/\" \/>\n<meta property=\"og:locale\" content=\"es_ES\" \/>\n<meta property=\"og:type\" content=\"article\" \/>\n<meta property=\"og:title\" content=\"Procurador Galindo afirma que Gobierno descubrir\u00e1 enga\u00f1os de M\u00f3nica Feria a la CIDH\" \/>\n<meta property=\"og:description\" content=\"Portal de noticias del Per\u00fa sobre el transporte a\u00e9reo, aviaci\u00f3n, turismo, hoteleria, actualidad.\" \/>\n<meta property=\"og:url\" content=\"https:\/\/aeronoticias.com.pe\/noticiero\/politica\/procurador-galindo-afirma-que-gobierno-descubrira-enganos-de-monica-feria-a-la-cidh\/\" \/>\n<meta property=\"og:site_name\" content=\"Aeronoticias.com.pe\" \/>\n<meta property=\"article:publisher\" content=\"https:\/\/www.facebook.com\/Aeronoticias.com.pe\/\" \/>\n<meta property=\"article:published_time\" content=\"2012-02-06T15:01:53+00:00\" \/>\n<meta name=\"author\" content=\"Redacci\u00f3n Aeronoticias\" \/>\n<meta name=\"twitter:card\" content=\"summary_large_image\" \/>\n<meta name=\"twitter:creator\" content=\"@aeronoticias\" \/>\n<meta name=\"twitter:site\" content=\"@aeronoticias\" \/>\n<meta name=\"twitter:label1\" content=\"Escrito por\" \/>\n\t<meta name=\"twitter:data1\" content=\"Redacci\u00f3n Aeronoticias\" \/>\n\t<meta name=\"twitter:label2\" content=\"Tiempo de lectura\" \/>\n\t<meta name=\"twitter:data2\" content=\"2 minutos\" \/>\n<script type=\"application\/ld+json\" class=\"yoast-schema-graph\">{\"@context\":\"https:\/\/schema.org\",\"@graph\":[{\"@type\":\"WebPage\",\"@id\":\"https:\/\/aeronoticias.com.pe\/noticiero\/politica\/procurador-galindo-afirma-que-gobierno-descubrira-enganos-de-monica-feria-a-la-cidh\/\",\"url\":\"https:\/\/aeronoticias.com.pe\/noticiero\/politica\/procurador-galindo-afirma-que-gobierno-descubrira-enganos-de-monica-feria-a-la-cidh\/\",\"name\":\"Procurador Galindo afirma que Gobierno descubrir\u00e1 enga\u00f1os de M\u00f3nica Feria a la CIDH\",\"isPartOf\":{\"@id\":\"https:\/\/aeronoticias.com.pe\/noticiero\/#website\"},\"datePublished\":\"2012-02-06T15:01:53+00:00\",\"author\":{\"@id\":\"https:\/\/aeronoticias.com.pe\/noticiero\/#\/schema\/person\/fc1e5d578f4b62ba1cf7ac2bba1170a0\"},\"description\":\"Portal de noticias del Per\u00fa sobre el transporte a\u00e9reo, aviaci\u00f3n, turismo, hoteleria, actualidad.\",\"breadcrumb\":{\"@id\":\"https:\/\/aeronoticias.com.pe\/noticiero\/politica\/procurador-galindo-afirma-que-gobierno-descubrira-enganos-de-monica-feria-a-la-cidh\/#breadcrumb\"},\"inLanguage\":\"es\",\"potentialAction\":[{\"@type\":\"ReadAction\",\"target\":[\"https:\/\/aeronoticias.com.pe\/noticiero\/politica\/procurador-galindo-afirma-que-gobierno-descubrira-enganos-de-monica-feria-a-la-cidh\/\"]}]},{\"@type\":\"BreadcrumbList\",\"@id\":\"https:\/\/aeronoticias.com.pe\/noticiero\/politica\/procurador-galindo-afirma-que-gobierno-descubrira-enganos-de-monica-feria-a-la-cidh\/#breadcrumb\",\"itemListElement\":[{\"@type\":\"ListItem\",\"position\":1,\"name\":\"Portada\",\"item\":\"https:\/\/aeronoticias.com.pe\/noticiero\/\"},{\"@type\":\"ListItem\",\"position\":2,\"name\":\"Procurador Galindo afirma que Gobierno descubrir\u00e1 enga\u00f1os de M\u00f3nica Feria a la CIDH\"}]},{\"@type\":\"WebSite\",\"@id\":\"https:\/\/aeronoticias.com.pe\/noticiero\/#website\",\"url\":\"https:\/\/aeronoticias.com.pe\/noticiero\/\",\"name\":\"Aeronoticias.com.pe\",\"description\":\"Noticias de tranporte aereo, turismo, hoteles, gastronomia, actualidad, internacional\",\"potentialAction\":[{\"@type\":\"SearchAction\",\"target\":{\"@type\":\"EntryPoint\",\"urlTemplate\":\"https:\/\/aeronoticias.com.pe\/noticiero\/?s={search_term_string}\"},\"query-input\":{\"@type\":\"PropertyValueSpecification\",\"valueRequired\":true,\"valueName\":\"search_term_string\"}}],\"inLanguage\":\"es\"},{\"@type\":\"Person\",\"@id\":\"https:\/\/aeronoticias.com.pe\/noticiero\/#\/schema\/person\/fc1e5d578f4b62ba1cf7ac2bba1170a0\",\"name\":\"Redacci\u00f3n Aeronoticias\",\"url\":\"https:\/\/aeronoticias.com.pe\/noticiero\/author\/piloto\/\"}]}<\/script>\n<!-- \/ Yoast SEO plugin. -->","yoast_head_json":{"title":"Procurador Galindo afirma que Gobierno descubrir\u00e1 enga\u00f1os de M\u00f3nica Feria a la CIDH","description":"Portal de noticias del Per\u00fa sobre el transporte a\u00e9reo, aviaci\u00f3n, turismo, hoteleria, actualidad.","robots":{"index":"index","follow":"follow","max-snippet":"max-snippet:-1","max-image-preview":"max-image-preview:large","max-video-preview":"max-video-preview:-1"},"canonical":"https:\/\/aeronoticias.com.pe\/noticiero\/politica\/procurador-galindo-afirma-que-gobierno-descubrira-enganos-de-monica-feria-a-la-cidh\/","og_locale":"es_ES","og_type":"article","og_title":"Procurador Galindo afirma que Gobierno descubrir\u00e1 enga\u00f1os de M\u00f3nica Feria a la CIDH","og_description":"Portal de noticias del Per\u00fa sobre el transporte a\u00e9reo, aviaci\u00f3n, turismo, hoteleria, actualidad.","og_url":"https:\/\/aeronoticias.com.pe\/noticiero\/politica\/procurador-galindo-afirma-que-gobierno-descubrira-enganos-de-monica-feria-a-la-cidh\/","og_site_name":"Aeronoticias.com.pe","article_publisher":"https:\/\/www.facebook.com\/Aeronoticias.com.pe\/","article_published_time":"2012-02-06T15:01:53+00:00","author":"Redacci\u00f3n Aeronoticias","twitter_card":"summary_large_image","twitter_creator":"@aeronoticias","twitter_site":"@aeronoticias","twitter_misc":{"Escrito por":"Redacci\u00f3n Aeronoticias","Tiempo de lectura":"2 minutos"},"schema":{"@context":"https:\/\/schema.org","@graph":[{"@type":"WebPage","@id":"https:\/\/aeronoticias.com.pe\/noticiero\/politica\/procurador-galindo-afirma-que-gobierno-descubrira-enganos-de-monica-feria-a-la-cidh\/","url":"https:\/\/aeronoticias.com.pe\/noticiero\/politica\/procurador-galindo-afirma-que-gobierno-descubrira-enganos-de-monica-feria-a-la-cidh\/","name":"Procurador Galindo afirma que Gobierno descubrir\u00e1 enga\u00f1os de M\u00f3nica Feria a la CIDH","isPartOf":{"@id":"https:\/\/aeronoticias.com.pe\/noticiero\/#website"},"datePublished":"2012-02-06T15:01:53+00:00","author":{"@id":"https:\/\/aeronoticias.com.pe\/noticiero\/#\/schema\/person\/fc1e5d578f4b62ba1cf7ac2bba1170a0"},"description":"Portal de noticias del Per\u00fa sobre el transporte a\u00e9reo, aviaci\u00f3n, turismo, hoteleria, actualidad.","breadcrumb":{"@id":"https:\/\/aeronoticias.com.pe\/noticiero\/politica\/procurador-galindo-afirma-que-gobierno-descubrira-enganos-de-monica-feria-a-la-cidh\/#breadcrumb"},"inLanguage":"es","potentialAction":[{"@type":"ReadAction","target":["https:\/\/aeronoticias.com.pe\/noticiero\/politica\/procurador-galindo-afirma-que-gobierno-descubrira-enganos-de-monica-feria-a-la-cidh\/"]}]},{"@type":"BreadcrumbList","@id":"https:\/\/aeronoticias.com.pe\/noticiero\/politica\/procurador-galindo-afirma-que-gobierno-descubrira-enganos-de-monica-feria-a-la-cidh\/#breadcrumb","itemListElement":[{"@type":"ListItem","position":1,"name":"Portada","item":"https:\/\/aeronoticias.com.pe\/noticiero\/"},{"@type":"ListItem","position":2,"name":"Procurador Galindo afirma que Gobierno descubrir\u00e1 enga\u00f1os de M\u00f3nica Feria a la CIDH"}]},{"@type":"WebSite","@id":"https:\/\/aeronoticias.com.pe\/noticiero\/#website","url":"https:\/\/aeronoticias.com.pe\/noticiero\/","name":"Aeronoticias.com.pe","description":"Noticias de tranporte aereo, turismo, hoteles, gastronomia, actualidad, internacional","potentialAction":[{"@type":"SearchAction","target":{"@type":"EntryPoint","urlTemplate":"https:\/\/aeronoticias.com.pe\/noticiero\/?s={search_term_string}"},"query-input":{"@type":"PropertyValueSpecification","valueRequired":true,"valueName":"search_term_string"}}],"inLanguage":"es"},{"@type":"Person","@id":"https:\/\/aeronoticias.com.pe\/noticiero\/#\/schema\/person\/fc1e5d578f4b62ba1cf7ac2bba1170a0","name":"Redacci\u00f3n Aeronoticias","url":"https:\/\/aeronoticias.com.pe\/noticiero\/author\/piloto\/"}]}},"_links":{"self":[{"href":"https:\/\/aeronoticias.com.pe\/noticiero\/wp-json\/wp\/v2\/posts\/23158","targetHints":{"allow":["GET"]}}],"collection":[{"href":"https:\/\/aeronoticias.com.pe\/noticiero\/wp-json\/wp\/v2\/posts"}],"about":[{"href":"https:\/\/aeronoticias.com.pe\/noticiero\/wp-json\/wp\/v2\/types\/post"}],"author":[{"embeddable":true,"href":"https:\/\/aeronoticias.com.pe\/noticiero\/wp-json\/wp\/v2\/users\/1"}],"replies":[{"embeddable":true,"href":"https:\/\/aeronoticias.com.pe\/noticiero\/wp-json\/wp\/v2\/comments?post=23158"}],"version-history":[{"count":0,"href":"https:\/\/aeronoticias.com.pe\/noticiero\/wp-json\/wp\/v2\/posts\/23158\/revisions"}],"wp:attachment":[{"href":"https:\/\/aeronoticias.com.pe\/noticiero\/wp-json\/wp\/v2\/media?parent=23158"}],"wp:term":[{"taxonomy":"category","embeddable":true,"href":"https:\/\/aeronoticias.com.pe\/noticiero\/wp-json\/wp\/v2\/categories?post=23158"},{"taxonomy":"post_tag","embeddable":true,"href":"https:\/\/aeronoticias.com.pe\/noticiero\/wp-json\/wp\/v2\/tags?post=23158"}],"curies":[{"name":"wp","href":"https:\/\/api.w.org\/{rel}","templated":true}]}}