{"id":23159,"date":"2012-02-06T15:07:03","date_gmt":"2012-02-06T15:07:03","guid":{"rendered":"http:\/\/desarrollo.mcvicious.com\/aero2020\/2012\/02\/06\/suscriben-asa-y-la-clac-convenio-de-colaboracion-tecnica\/"},"modified":"2012-02-06T15:07:03","modified_gmt":"2012-02-06T15:07:03","slug":"suscriben-asa-y-la-clac-convenio-de-colaboracion-tecnica","status":"publish","type":"post","link":"https:\/\/aeronoticias.com.pe\/noticiero\/transporte-aereo\/internacional\/suscriben-asa-y-la-clac-convenio-de-colaboracion-tecnica\/","title":{"rendered":"Suscriben ASA y la CLAC convenio de colaboraci\u00f3n t\u00e9cnica"},"content":{"rendered":"<p style=\"text-align: justify;\"><strong>(Aeronoticias).-<\/strong> Aeropuertos y Servicios Auxiliares (ASA), organismo descentralizado de la Secretar\u00eda de Comunicaciones y Transportes (SCT) y la Comisi\u00f3n Latinoamericana de Aviaci\u00f3n Civil (CLAC) firmaron un Convenio de Colaboraci\u00f3n T\u00e9cnica que tiene el prop\u00f3sito de fortalecer el desarrollo de la industria aeron\u00e1utica y aeroportuaria en Latinoam\u00e9rica. <\/p>\n<p>A trav\u00e9s de un comunicado, emitido por la SCT, se inform\u00f3 que este acuerdo busca estrechar lazos de cooperaci\u00f3n para promover el desarrollo seguro, eficiente y sostenible del transporte a\u00e9reo en Am\u00e9rica Latina, as\u00ed como intercambiar, especialmente, informaci\u00f3n relacionada con aspectos de capacitaci\u00f3n y gesti\u00f3n aeroportuaria, as\u00ed como de servicios auxiliares.<\/p>\n<p> La formalizaci\u00f3n de dicho convenio estuvo encabezada por el presidente de la CLAC, Luis Rodr\u00edguez Ariza, y por el director general de ASA, Gilberto L\u00f3pez Meyer. Rodr\u00edguez Ariza destac\u00f3 que M\u00e9xico es el primer Estado miembro de la regi\u00f3n que firma un acuerdo de colaboraci\u00f3n con la CLAC, pues los anteriores hab\u00edan sido con pa\u00edses de otros contenientes.<\/p>\n<p>  <!--more-->  <\/p>\n<p style=\"text-align: justify;\">Adem\u00e1s, enfatiz\u00f3 que M\u00e9xico siempre ha estado a la vanguardia en materia de aviaci\u00f3n y agradeci\u00f3 a ASA su inter\u00e9s de participar en este tipo de iniciativas. <\/p>\n<p>Mientras tanto, Gilberto L\u00f3pez asegur\u00f3 que para el organismo que dirige este acto es de gran relevancia por el alto nivel de responsabilidad que representa trabajar en coordinaci\u00f3n con la CLAC, por lo que hizo un reconocimiento a la destacada labor que realiza en favor de la industria a\u00e9rea latinoamericana. Asimismo, asever\u00f3 que este hecho, m\u00e1s que un convenio de colaboraci\u00f3n es una manifestaci\u00f3n de amistad con Rep\u00fablica Dominicana. <\/p>\n<p>Con la suscripci\u00f3n de este acuerdo ambas instituciones esperan mejorar los procedimientos de la aviaci\u00f3n civil internacional, en particular en los rubros de entrenamiento y capacitaci\u00f3n del factor humano en los campos de seguridad aeroportuaria, operacional, medio ambiente y gesti\u00f3n de tr\u00e1nsito a\u00e9reo. <\/p>\n<p>Al acto tambi\u00e9n asistieron el secretario de la CLAC, Marco Ospina, el embajador de Rep\u00fablica Dominicana en M\u00e9xico, Fernando P\u00e9rez, as\u00ed como los coordinadores de las Unidades de Negocios y de Planeaci\u00f3n y Comunicaci\u00f3n Corporativa de ASA, Guillermo Heredia Cabarga y Francisco Andrade G\u00e1mez, respectivamente, adem\u00e1s del Administrador del Centro Internacional de Instrucci\u00f3n de ASA, \u00c1ngel Groso Sandoval. Fuente: www.radioformula.com.mx<\/p>\n<p style=\"text-align: justify;\"><img decoding=\"async\" src=\"images\/stories\/12\/02\/060212\/clav.jpg\" border=\"0\" alt=\"Suscriben ASA y la CLAC convenio de colaboraci\u00f3n t\u00e9cnica \" title=\"Suscriben ASA y la CLAC convenio de colaboraci\u00f3n t\u00e9cnica \" \/><\/p>\n","protected":false},"excerpt":{"rendered":"<p>(Aeronoticias).- Aeropuertos y Servicios Auxiliares (ASA), organismo descentralizado de la Secretar\u00eda de Comunicaciones y Transportes (SCT) y la Comisi\u00f3n Latinoamericana de Aviaci\u00f3n Civil (CLAC) firmaron un Convenio de Colaboraci\u00f3n T\u00e9cnica que tiene el prop\u00f3sito de fortalecer el desarrollo de la industria aeron\u00e1utica y aeroportuaria en Latinoam\u00e9rica. A trav\u00e9s de un comunicado, emitido por la SCT, [&hellip;]<\/p>\n","protected":false},"author":1,"featured_media":0,"comment_status":"open","ping_status":"open","sticky":false,"template":"","format":"standard","meta":{"tdm_status":"","tdm_grid_status":"","footnotes":""},"categories":[32],"tags":[],"class_list":{"0":"post-23159","1":"post","2":"type-post","3":"status-publish","4":"format-standard","6":"category-internacional"},"yoast_head":"<!-- This site is optimized with the Yoast SEO plugin v25.1 - https:\/\/yoast.com\/wordpress\/plugins\/seo\/ -->\n<title>Suscriben ASA y la CLAC convenio de colaboraci\u00f3n t\u00e9cnica<\/title>\n<meta name=\"description\" content=\"Portal de noticias del Per\u00fa sobre el transporte a\u00e9reo, aviaci\u00f3n, turismo, hoteleria, actualidad.\" \/>\n<meta name=\"robots\" content=\"index, follow, max-snippet:-1, max-image-preview:large, max-video-preview:-1\" \/>\n<link rel=\"canonical\" href=\"https:\/\/aeronoticias.com.pe\/noticiero\/transporte-aereo\/internacional\/suscriben-asa-y-la-clac-convenio-de-colaboracion-tecnica\/\" \/>\n<meta property=\"og:locale\" content=\"es_ES\" \/>\n<meta property=\"og:type\" content=\"article\" \/>\n<meta property=\"og:title\" content=\"Suscriben ASA y la CLAC convenio de colaboraci\u00f3n t\u00e9cnica\" \/>\n<meta property=\"og:description\" content=\"Portal de noticias del Per\u00fa sobre el transporte a\u00e9reo, aviaci\u00f3n, turismo, hoteleria, actualidad.\" \/>\n<meta property=\"og:url\" content=\"https:\/\/aeronoticias.com.pe\/noticiero\/transporte-aereo\/internacional\/suscriben-asa-y-la-clac-convenio-de-colaboracion-tecnica\/\" \/>\n<meta property=\"og:site_name\" content=\"Aeronoticias.com.pe\" \/>\n<meta property=\"article:publisher\" content=\"https:\/\/www.facebook.com\/Aeronoticias.com.pe\/\" \/>\n<meta property=\"article:published_time\" content=\"2012-02-06T15:07:03+00:00\" \/>\n<meta name=\"author\" content=\"Redacci\u00f3n Aeronoticias\" \/>\n<meta name=\"twitter:card\" content=\"summary_large_image\" \/>\n<meta name=\"twitter:creator\" content=\"@aeronoticias\" \/>\n<meta name=\"twitter:site\" content=\"@aeronoticias\" \/>\n<meta name=\"twitter:label1\" content=\"Escrito por\" \/>\n\t<meta name=\"twitter:data1\" content=\"Redacci\u00f3n Aeronoticias\" \/>\n\t<meta name=\"twitter:label2\" content=\"Tiempo de lectura\" \/>\n\t<meta name=\"twitter:data2\" content=\"2 minutos\" \/>\n<script type=\"application\/ld+json\" class=\"yoast-schema-graph\">{\"@context\":\"https:\/\/schema.org\",\"@graph\":[{\"@type\":\"WebPage\",\"@id\":\"https:\/\/aeronoticias.com.pe\/noticiero\/transporte-aereo\/internacional\/suscriben-asa-y-la-clac-convenio-de-colaboracion-tecnica\/\",\"url\":\"https:\/\/aeronoticias.com.pe\/noticiero\/transporte-aereo\/internacional\/suscriben-asa-y-la-clac-convenio-de-colaboracion-tecnica\/\",\"name\":\"Suscriben ASA y la CLAC convenio de colaboraci\u00f3n t\u00e9cnica\",\"isPartOf\":{\"@id\":\"https:\/\/aeronoticias.com.pe\/noticiero\/#website\"},\"datePublished\":\"2012-02-06T15:07:03+00:00\",\"author\":{\"@id\":\"https:\/\/aeronoticias.com.pe\/noticiero\/#\/schema\/person\/fc1e5d578f4b62ba1cf7ac2bba1170a0\"},\"description\":\"Portal de noticias del Per\u00fa sobre el transporte a\u00e9reo, aviaci\u00f3n, turismo, hoteleria, actualidad.\",\"breadcrumb\":{\"@id\":\"https:\/\/aeronoticias.com.pe\/noticiero\/transporte-aereo\/internacional\/suscriben-asa-y-la-clac-convenio-de-colaboracion-tecnica\/#breadcrumb\"},\"inLanguage\":\"es\",\"potentialAction\":[{\"@type\":\"ReadAction\",\"target\":[\"https:\/\/aeronoticias.com.pe\/noticiero\/transporte-aereo\/internacional\/suscriben-asa-y-la-clac-convenio-de-colaboracion-tecnica\/\"]}]},{\"@type\":\"BreadcrumbList\",\"@id\":\"https:\/\/aeronoticias.com.pe\/noticiero\/transporte-aereo\/internacional\/suscriben-asa-y-la-clac-convenio-de-colaboracion-tecnica\/#breadcrumb\",\"itemListElement\":[{\"@type\":\"ListItem\",\"position\":1,\"name\":\"Portada\",\"item\":\"https:\/\/aeronoticias.com.pe\/noticiero\/\"},{\"@type\":\"ListItem\",\"position\":2,\"name\":\"Suscriben ASA y la CLAC convenio de colaboraci\u00f3n t\u00e9cnica\"}]},{\"@type\":\"WebSite\",\"@id\":\"https:\/\/aeronoticias.com.pe\/noticiero\/#website\",\"url\":\"https:\/\/aeronoticias.com.pe\/noticiero\/\",\"name\":\"Aeronoticias.com.pe\",\"description\":\"Noticias de tranporte aereo, turismo, hoteles, gastronomia, actualidad, internacional\",\"potentialAction\":[{\"@type\":\"SearchAction\",\"target\":{\"@type\":\"EntryPoint\",\"urlTemplate\":\"https:\/\/aeronoticias.com.pe\/noticiero\/?s={search_term_string}\"},\"query-input\":{\"@type\":\"PropertyValueSpecification\",\"valueRequired\":true,\"valueName\":\"search_term_string\"}}],\"inLanguage\":\"es\"},{\"@type\":\"Person\",\"@id\":\"https:\/\/aeronoticias.com.pe\/noticiero\/#\/schema\/person\/fc1e5d578f4b62ba1cf7ac2bba1170a0\",\"name\":\"Redacci\u00f3n Aeronoticias\",\"url\":\"https:\/\/aeronoticias.com.pe\/noticiero\/author\/piloto\/\"}]}<\/script>\n<!-- \/ Yoast SEO plugin. -->","yoast_head_json":{"title":"Suscriben ASA y la CLAC convenio de colaboraci\u00f3n t\u00e9cnica","description":"Portal de noticias del Per\u00fa sobre el transporte a\u00e9reo, aviaci\u00f3n, turismo, hoteleria, actualidad.","robots":{"index":"index","follow":"follow","max-snippet":"max-snippet:-1","max-image-preview":"max-image-preview:large","max-video-preview":"max-video-preview:-1"},"canonical":"https:\/\/aeronoticias.com.pe\/noticiero\/transporte-aereo\/internacional\/suscriben-asa-y-la-clac-convenio-de-colaboracion-tecnica\/","og_locale":"es_ES","og_type":"article","og_title":"Suscriben ASA y la CLAC convenio de colaboraci\u00f3n t\u00e9cnica","og_description":"Portal de noticias del Per\u00fa sobre el transporte a\u00e9reo, aviaci\u00f3n, turismo, hoteleria, actualidad.","og_url":"https:\/\/aeronoticias.com.pe\/noticiero\/transporte-aereo\/internacional\/suscriben-asa-y-la-clac-convenio-de-colaboracion-tecnica\/","og_site_name":"Aeronoticias.com.pe","article_publisher":"https:\/\/www.facebook.com\/Aeronoticias.com.pe\/","article_published_time":"2012-02-06T15:07:03+00:00","author":"Redacci\u00f3n Aeronoticias","twitter_card":"summary_large_image","twitter_creator":"@aeronoticias","twitter_site":"@aeronoticias","twitter_misc":{"Escrito por":"Redacci\u00f3n Aeronoticias","Tiempo de lectura":"2 minutos"},"schema":{"@context":"https:\/\/schema.org","@graph":[{"@type":"WebPage","@id":"https:\/\/aeronoticias.com.pe\/noticiero\/transporte-aereo\/internacional\/suscriben-asa-y-la-clac-convenio-de-colaboracion-tecnica\/","url":"https:\/\/aeronoticias.com.pe\/noticiero\/transporte-aereo\/internacional\/suscriben-asa-y-la-clac-convenio-de-colaboracion-tecnica\/","name":"Suscriben ASA y la CLAC convenio de colaboraci\u00f3n t\u00e9cnica","isPartOf":{"@id":"https:\/\/aeronoticias.com.pe\/noticiero\/#website"},"datePublished":"2012-02-06T15:07:03+00:00","author":{"@id":"https:\/\/aeronoticias.com.pe\/noticiero\/#\/schema\/person\/fc1e5d578f4b62ba1cf7ac2bba1170a0"},"description":"Portal de noticias del Per\u00fa sobre el transporte a\u00e9reo, aviaci\u00f3n, turismo, hoteleria, actualidad.","breadcrumb":{"@id":"https:\/\/aeronoticias.com.pe\/noticiero\/transporte-aereo\/internacional\/suscriben-asa-y-la-clac-convenio-de-colaboracion-tecnica\/#breadcrumb"},"inLanguage":"es","potentialAction":[{"@type":"ReadAction","target":["https:\/\/aeronoticias.com.pe\/noticiero\/transporte-aereo\/internacional\/suscriben-asa-y-la-clac-convenio-de-colaboracion-tecnica\/"]}]},{"@type":"BreadcrumbList","@id":"https:\/\/aeronoticias.com.pe\/noticiero\/transporte-aereo\/internacional\/suscriben-asa-y-la-clac-convenio-de-colaboracion-tecnica\/#breadcrumb","itemListElement":[{"@type":"ListItem","position":1,"name":"Portada","item":"https:\/\/aeronoticias.com.pe\/noticiero\/"},{"@type":"ListItem","position":2,"name":"Suscriben ASA y la CLAC convenio de colaboraci\u00f3n t\u00e9cnica"}]},{"@type":"WebSite","@id":"https:\/\/aeronoticias.com.pe\/noticiero\/#website","url":"https:\/\/aeronoticias.com.pe\/noticiero\/","name":"Aeronoticias.com.pe","description":"Noticias de tranporte aereo, turismo, hoteles, gastronomia, actualidad, internacional","potentialAction":[{"@type":"SearchAction","target":{"@type":"EntryPoint","urlTemplate":"https:\/\/aeronoticias.com.pe\/noticiero\/?s={search_term_string}"},"query-input":{"@type":"PropertyValueSpecification","valueRequired":true,"valueName":"search_term_string"}}],"inLanguage":"es"},{"@type":"Person","@id":"https:\/\/aeronoticias.com.pe\/noticiero\/#\/schema\/person\/fc1e5d578f4b62ba1cf7ac2bba1170a0","name":"Redacci\u00f3n Aeronoticias","url":"https:\/\/aeronoticias.com.pe\/noticiero\/author\/piloto\/"}]}},"_links":{"self":[{"href":"https:\/\/aeronoticias.com.pe\/noticiero\/wp-json\/wp\/v2\/posts\/23159","targetHints":{"allow":["GET"]}}],"collection":[{"href":"https:\/\/aeronoticias.com.pe\/noticiero\/wp-json\/wp\/v2\/posts"}],"about":[{"href":"https:\/\/aeronoticias.com.pe\/noticiero\/wp-json\/wp\/v2\/types\/post"}],"author":[{"embeddable":true,"href":"https:\/\/aeronoticias.com.pe\/noticiero\/wp-json\/wp\/v2\/users\/1"}],"replies":[{"embeddable":true,"href":"https:\/\/aeronoticias.com.pe\/noticiero\/wp-json\/wp\/v2\/comments?post=23159"}],"version-history":[{"count":0,"href":"https:\/\/aeronoticias.com.pe\/noticiero\/wp-json\/wp\/v2\/posts\/23159\/revisions"}],"wp:attachment":[{"href":"https:\/\/aeronoticias.com.pe\/noticiero\/wp-json\/wp\/v2\/media?parent=23159"}],"wp:term":[{"taxonomy":"category","embeddable":true,"href":"https:\/\/aeronoticias.com.pe\/noticiero\/wp-json\/wp\/v2\/categories?post=23159"},{"taxonomy":"post_tag","embeddable":true,"href":"https:\/\/aeronoticias.com.pe\/noticiero\/wp-json\/wp\/v2\/tags?post=23159"}],"curies":[{"name":"wp","href":"https:\/\/api.w.org\/{rel}","templated":true}]}}