{"id":23476,"date":"2012-02-15T13:49:26","date_gmt":"2012-02-15T13:49:26","guid":{"rendered":"http:\/\/desarrollo.mcvicious.com\/aero2020\/2012\/02\/15\/asamblea-de-la-onu-discutiran-manana-sobre-situacion-de-siria\/"},"modified":"2012-02-15T13:49:26","modified_gmt":"2012-02-15T13:49:26","slug":"asamblea-de-la-onu-discutiran-manana-sobre-situacion-de-siria","status":"publish","type":"post","link":"https:\/\/aeronoticias.com.pe\/noticiero\/internacionales\/asamblea-de-la-onu-discutiran-manana-sobre-situacion-de-siria\/","title":{"rendered":"Asamblea de la ONU discutir\u00e1n ma\u00f1ana sobre situaci\u00f3n de Siria"},"content":{"rendered":"<p style=\"text-align: justify;\"><strong>(Aeronoticias).-<\/strong>Ma\u00f1ana jueves 16 de febrero, la Asamblea General de las Naciones Unidas discutir\u00e1 una resoluci\u00f3n que condena la represi\u00f3n del gobierno sirio contra los diferentes manifestantes que exigen un inmediato cambio de gobierno. Seg\u00fan la prensa internacional, el texto del proyecto demanda que el gobierno sirio detenga la violenta represi\u00f3n, y el absurdo derramamiento de sangre.<\/p>\n<p style=\"text-align: justify;\">La mencionada resoluci\u00f3n muestra su apoyo\u00a0 y destaca\u00a0 los esfuerzos de la Liga \u00c1rabe por buscar una transici\u00f3n democr\u00e1tica en ese convulsionado pa\u00eds, y plantea el nombramiento de un enviado especial de la ONU a Siria.<\/p>\n<p style=\"text-align: justify;\">Cabe precisar que el texto de la iniciativa, fue elaborado por la representaci\u00f3n de Arabia Saudita y Qatar. Sin embargo, dicho proyecto trata de no referirse a los pedidos para enviar a Siria una fuerza de las Naciones Unidas y la Liga \u00c1rabe que ayude a mantener la paz.<\/p>\n<p style=\"text-align: justify;\">Por otro lado,las tropas del gobierno de Bashar al Assad han bombardeado la ciudad de Hama, lugar donde posiblemente est\u00e9n reunidos los rebeldes, seg\u00fan informes de la prensa internacional en base a testimonio de activistas opositores.<\/p>\n<p>\u00a0<\/p>\n<p><span id=\"lblContenido\" class=\"edpNoticiaContenido\"> <\/span><\/p>\n<p><img decoding=\"async\" src=\"images\/stories\/12\/02\/150212\/onuasamblea.jpg\" border=\"0\" \/><\/p>\n<p>\u00a0<\/p>\n","protected":false},"excerpt":{"rendered":"<p>(Aeronoticias).-Ma\u00f1ana jueves 16 de febrero, la Asamblea General de las Naciones Unidas discutir\u00e1 una resoluci\u00f3n que condena la represi\u00f3n del gobierno sirio contra los diferentes manifestantes que exigen un inmediato cambio de gobierno. Seg\u00fan la prensa internacional, el texto del proyecto demanda que el gobierno sirio detenga la violenta represi\u00f3n, y el absurdo derramamiento de [&hellip;]<\/p>\n","protected":false},"author":1,"featured_media":0,"comment_status":"open","ping_status":"open","sticky":false,"template":"","format":"standard","meta":{"tdm_status":"","tdm_grid_status":"","footnotes":""},"categories":[34],"tags":[],"class_list":{"0":"post-23476","1":"post","2":"type-post","3":"status-publish","4":"format-standard","6":"category-internacionales"},"yoast_head":"<!-- This site is optimized with the Yoast SEO plugin v25.1 - https:\/\/yoast.com\/wordpress\/plugins\/seo\/ -->\n<title>Asamblea de la ONU discutir\u00e1n ma\u00f1ana sobre situaci\u00f3n de Siria<\/title>\n<meta name=\"description\" content=\"Portal de noticias del Per\u00fa sobre el transporte a\u00e9reo, aviaci\u00f3n, turismo, hoteleria, actualidad.\" \/>\n<meta name=\"robots\" content=\"index, follow, max-snippet:-1, max-image-preview:large, max-video-preview:-1\" \/>\n<link rel=\"canonical\" href=\"https:\/\/aeronoticias.com.pe\/noticiero\/internacionales\/asamblea-de-la-onu-discutiran-manana-sobre-situacion-de-siria\/\" \/>\n<meta property=\"og:locale\" content=\"es_ES\" \/>\n<meta property=\"og:type\" content=\"article\" \/>\n<meta property=\"og:title\" content=\"Asamblea de la ONU discutir\u00e1n ma\u00f1ana sobre situaci\u00f3n de Siria\" \/>\n<meta property=\"og:description\" content=\"Portal de noticias del Per\u00fa sobre el transporte a\u00e9reo, aviaci\u00f3n, turismo, hoteleria, actualidad.\" \/>\n<meta property=\"og:url\" content=\"https:\/\/aeronoticias.com.pe\/noticiero\/internacionales\/asamblea-de-la-onu-discutiran-manana-sobre-situacion-de-siria\/\" \/>\n<meta property=\"og:site_name\" content=\"Aeronoticias.com.pe\" \/>\n<meta property=\"article:publisher\" content=\"https:\/\/www.facebook.com\/Aeronoticias.com.pe\/\" \/>\n<meta property=\"article:published_time\" content=\"2012-02-15T13:49:26+00:00\" \/>\n<meta name=\"author\" content=\"Redacci\u00f3n Aeronoticias\" \/>\n<meta name=\"twitter:card\" content=\"summary_large_image\" \/>\n<meta name=\"twitter:creator\" content=\"@aeronoticias\" \/>\n<meta name=\"twitter:site\" content=\"@aeronoticias\" \/>\n<meta name=\"twitter:label1\" content=\"Escrito por\" \/>\n\t<meta name=\"twitter:data1\" content=\"Redacci\u00f3n Aeronoticias\" \/>\n\t<meta name=\"twitter:label2\" content=\"Tiempo de lectura\" \/>\n\t<meta name=\"twitter:data2\" content=\"1 minuto\" \/>\n<script type=\"application\/ld+json\" class=\"yoast-schema-graph\">{\"@context\":\"https:\/\/schema.org\",\"@graph\":[{\"@type\":\"WebPage\",\"@id\":\"https:\/\/aeronoticias.com.pe\/noticiero\/internacionales\/asamblea-de-la-onu-discutiran-manana-sobre-situacion-de-siria\/\",\"url\":\"https:\/\/aeronoticias.com.pe\/noticiero\/internacionales\/asamblea-de-la-onu-discutiran-manana-sobre-situacion-de-siria\/\",\"name\":\"Asamblea de la ONU discutir\u00e1n ma\u00f1ana sobre situaci\u00f3n de Siria\",\"isPartOf\":{\"@id\":\"https:\/\/aeronoticias.com.pe\/noticiero\/#website\"},\"datePublished\":\"2012-02-15T13:49:26+00:00\",\"author\":{\"@id\":\"https:\/\/aeronoticias.com.pe\/noticiero\/#\/schema\/person\/fc1e5d578f4b62ba1cf7ac2bba1170a0\"},\"description\":\"Portal de noticias del Per\u00fa sobre el transporte a\u00e9reo, aviaci\u00f3n, turismo, hoteleria, actualidad.\",\"breadcrumb\":{\"@id\":\"https:\/\/aeronoticias.com.pe\/noticiero\/internacionales\/asamblea-de-la-onu-discutiran-manana-sobre-situacion-de-siria\/#breadcrumb\"},\"inLanguage\":\"es\",\"potentialAction\":[{\"@type\":\"ReadAction\",\"target\":[\"https:\/\/aeronoticias.com.pe\/noticiero\/internacionales\/asamblea-de-la-onu-discutiran-manana-sobre-situacion-de-siria\/\"]}]},{\"@type\":\"BreadcrumbList\",\"@id\":\"https:\/\/aeronoticias.com.pe\/noticiero\/internacionales\/asamblea-de-la-onu-discutiran-manana-sobre-situacion-de-siria\/#breadcrumb\",\"itemListElement\":[{\"@type\":\"ListItem\",\"position\":1,\"name\":\"Portada\",\"item\":\"https:\/\/aeronoticias.com.pe\/noticiero\/\"},{\"@type\":\"ListItem\",\"position\":2,\"name\":\"Asamblea de la ONU discutir\u00e1n ma\u00f1ana sobre situaci\u00f3n de Siria\"}]},{\"@type\":\"WebSite\",\"@id\":\"https:\/\/aeronoticias.com.pe\/noticiero\/#website\",\"url\":\"https:\/\/aeronoticias.com.pe\/noticiero\/\",\"name\":\"Aeronoticias.com.pe\",\"description\":\"Noticias de tranporte aereo, turismo, hoteles, gastronomia, actualidad, internacional\",\"potentialAction\":[{\"@type\":\"SearchAction\",\"target\":{\"@type\":\"EntryPoint\",\"urlTemplate\":\"https:\/\/aeronoticias.com.pe\/noticiero\/?s={search_term_string}\"},\"query-input\":{\"@type\":\"PropertyValueSpecification\",\"valueRequired\":true,\"valueName\":\"search_term_string\"}}],\"inLanguage\":\"es\"},{\"@type\":\"Person\",\"@id\":\"https:\/\/aeronoticias.com.pe\/noticiero\/#\/schema\/person\/fc1e5d578f4b62ba1cf7ac2bba1170a0\",\"name\":\"Redacci\u00f3n Aeronoticias\",\"url\":\"https:\/\/aeronoticias.com.pe\/noticiero\/author\/piloto\/\"}]}<\/script>\n<!-- \/ Yoast SEO plugin. -->","yoast_head_json":{"title":"Asamblea de la ONU discutir\u00e1n ma\u00f1ana sobre situaci\u00f3n de Siria","description":"Portal de noticias del Per\u00fa sobre el transporte a\u00e9reo, aviaci\u00f3n, turismo, hoteleria, actualidad.","robots":{"index":"index","follow":"follow","max-snippet":"max-snippet:-1","max-image-preview":"max-image-preview:large","max-video-preview":"max-video-preview:-1"},"canonical":"https:\/\/aeronoticias.com.pe\/noticiero\/internacionales\/asamblea-de-la-onu-discutiran-manana-sobre-situacion-de-siria\/","og_locale":"es_ES","og_type":"article","og_title":"Asamblea de la ONU discutir\u00e1n ma\u00f1ana sobre situaci\u00f3n de Siria","og_description":"Portal de noticias del Per\u00fa sobre el transporte a\u00e9reo, aviaci\u00f3n, turismo, hoteleria, actualidad.","og_url":"https:\/\/aeronoticias.com.pe\/noticiero\/internacionales\/asamblea-de-la-onu-discutiran-manana-sobre-situacion-de-siria\/","og_site_name":"Aeronoticias.com.pe","article_publisher":"https:\/\/www.facebook.com\/Aeronoticias.com.pe\/","article_published_time":"2012-02-15T13:49:26+00:00","author":"Redacci\u00f3n Aeronoticias","twitter_card":"summary_large_image","twitter_creator":"@aeronoticias","twitter_site":"@aeronoticias","twitter_misc":{"Escrito por":"Redacci\u00f3n Aeronoticias","Tiempo de lectura":"1 minuto"},"schema":{"@context":"https:\/\/schema.org","@graph":[{"@type":"WebPage","@id":"https:\/\/aeronoticias.com.pe\/noticiero\/internacionales\/asamblea-de-la-onu-discutiran-manana-sobre-situacion-de-siria\/","url":"https:\/\/aeronoticias.com.pe\/noticiero\/internacionales\/asamblea-de-la-onu-discutiran-manana-sobre-situacion-de-siria\/","name":"Asamblea de la ONU discutir\u00e1n ma\u00f1ana sobre situaci\u00f3n de Siria","isPartOf":{"@id":"https:\/\/aeronoticias.com.pe\/noticiero\/#website"},"datePublished":"2012-02-15T13:49:26+00:00","author":{"@id":"https:\/\/aeronoticias.com.pe\/noticiero\/#\/schema\/person\/fc1e5d578f4b62ba1cf7ac2bba1170a0"},"description":"Portal de noticias del Per\u00fa sobre el transporte a\u00e9reo, aviaci\u00f3n, turismo, hoteleria, actualidad.","breadcrumb":{"@id":"https:\/\/aeronoticias.com.pe\/noticiero\/internacionales\/asamblea-de-la-onu-discutiran-manana-sobre-situacion-de-siria\/#breadcrumb"},"inLanguage":"es","potentialAction":[{"@type":"ReadAction","target":["https:\/\/aeronoticias.com.pe\/noticiero\/internacionales\/asamblea-de-la-onu-discutiran-manana-sobre-situacion-de-siria\/"]}]},{"@type":"BreadcrumbList","@id":"https:\/\/aeronoticias.com.pe\/noticiero\/internacionales\/asamblea-de-la-onu-discutiran-manana-sobre-situacion-de-siria\/#breadcrumb","itemListElement":[{"@type":"ListItem","position":1,"name":"Portada","item":"https:\/\/aeronoticias.com.pe\/noticiero\/"},{"@type":"ListItem","position":2,"name":"Asamblea de la ONU discutir\u00e1n ma\u00f1ana sobre situaci\u00f3n de Siria"}]},{"@type":"WebSite","@id":"https:\/\/aeronoticias.com.pe\/noticiero\/#website","url":"https:\/\/aeronoticias.com.pe\/noticiero\/","name":"Aeronoticias.com.pe","description":"Noticias de tranporte aereo, turismo, hoteles, gastronomia, actualidad, internacional","potentialAction":[{"@type":"SearchAction","target":{"@type":"EntryPoint","urlTemplate":"https:\/\/aeronoticias.com.pe\/noticiero\/?s={search_term_string}"},"query-input":{"@type":"PropertyValueSpecification","valueRequired":true,"valueName":"search_term_string"}}],"inLanguage":"es"},{"@type":"Person","@id":"https:\/\/aeronoticias.com.pe\/noticiero\/#\/schema\/person\/fc1e5d578f4b62ba1cf7ac2bba1170a0","name":"Redacci\u00f3n Aeronoticias","url":"https:\/\/aeronoticias.com.pe\/noticiero\/author\/piloto\/"}]}},"_links":{"self":[{"href":"https:\/\/aeronoticias.com.pe\/noticiero\/wp-json\/wp\/v2\/posts\/23476","targetHints":{"allow":["GET"]}}],"collection":[{"href":"https:\/\/aeronoticias.com.pe\/noticiero\/wp-json\/wp\/v2\/posts"}],"about":[{"href":"https:\/\/aeronoticias.com.pe\/noticiero\/wp-json\/wp\/v2\/types\/post"}],"author":[{"embeddable":true,"href":"https:\/\/aeronoticias.com.pe\/noticiero\/wp-json\/wp\/v2\/users\/1"}],"replies":[{"embeddable":true,"href":"https:\/\/aeronoticias.com.pe\/noticiero\/wp-json\/wp\/v2\/comments?post=23476"}],"version-history":[{"count":0,"href":"https:\/\/aeronoticias.com.pe\/noticiero\/wp-json\/wp\/v2\/posts\/23476\/revisions"}],"wp:attachment":[{"href":"https:\/\/aeronoticias.com.pe\/noticiero\/wp-json\/wp\/v2\/media?parent=23476"}],"wp:term":[{"taxonomy":"category","embeddable":true,"href":"https:\/\/aeronoticias.com.pe\/noticiero\/wp-json\/wp\/v2\/categories?post=23476"},{"taxonomy":"post_tag","embeddable":true,"href":"https:\/\/aeronoticias.com.pe\/noticiero\/wp-json\/wp\/v2\/tags?post=23476"}],"curies":[{"name":"wp","href":"https:\/\/api.w.org\/{rel}","templated":true}]}}