{"id":23477,"date":"2012-02-15T14:10:47","date_gmt":"2012-02-15T14:10:47","guid":{"rendered":"http:\/\/desarrollo.mcvicious.com\/aero2020\/2012\/02\/15\/miles-de-peruanos-corrieron-por-un-mundo-mas-brillante\/"},"modified":"2012-02-15T14:10:47","modified_gmt":"2012-02-15T14:10:47","slug":"miles-de-peruanos-corrieron-por-un-mundo-mas-brillante","status":"publish","type":"post","link":"https:\/\/aeronoticias.com.pe\/noticiero\/deportes\/miles-de-peruanos-corrieron-por-un-mundo-mas-brillante\/","title":{"rendered":"Miles de peruanos corrieron por un mundo m\u00e1s brillante"},"content":{"rendered":"<p style=\"text-align: justify;\"><strong>(Aeronoticias).-<\/strong> Una de las pruebas m\u00e1s importantes del circuito en pa\u00edses de Europa, Norteam\u00e9rica, Asia y Latinoam\u00e9rica, Energizer Night Race, se realiz\u00f3 con \u00e9xito congregando a miles de corredores en un solo lugar. <\/p>\n<p>Entre todos los eventos deportivos que se realizan en el a\u00f1o, hay uno que sorprende por su originalidad e invita a vivir una experiencia \u00fanica: \u201cEnergizer Night Race por un Mundo M\u00e1s Brillante\u201d. Energizer tuvo a su cargo organizar la primera carrera nocturna con linternas del Per\u00fa,\u00a0 en Playa Rosario de Asia, donde corredores divididos en distintas categor\u00edas, iluminaron con linternas head lights su propio camino.<\/p>\n<p>  <!--more-->  <\/p>\n<p>La carrera se realiz\u00f3 en simult\u00e1neo en pa\u00edses de la regi\u00f3n como Puerto Rico y Chile, quienes tambi\u00e9n se han sumado a esta iniciativa global: donar 11.000.000 de horas de luz a familias alrededor del mundo.<\/p>\n<p>M\u00e1s de 1.600 millones de personas en todo el mundo no tienen acceso a la electricidad y dependen de l\u00e1mparas de kerosene costosas y peligrosas para la salud. Como parte de su nueva plataforma global \u2014Esto s\u00ed es positivenergy\u2122 \u2014 Energizer se compromete a donar 11 millones de horas de luz trav\u00e9s de este innovador espect\u00e1culo deportivo por medios de linternas solares con focos LED. <\/p>\n<p>El compromiso comenz\u00f3 oficialmente el fin de semana del 11.11.11 (Nov. 11, 2011) con una serie de carreras nocturnas que se llevan a cabo en diferentes pa\u00edses alrededor del mundo para demostrar el apoyo conjunto a lo que se ha convertido en un problema global. <\/p>\n<p>Dada la necesidad inminente de iluminaci\u00f3n segura y confiable, Energizer se une a One Million Lights, una organizaci\u00f3n sin fines de lucro, en un evento \u00fanico para dar luz a esta importante causa. En nuestro pa\u00eds, la donaci\u00f3n de las linternas solares se llevar\u00e1 a cabo a trav\u00e9s de la Organizaci\u00f3n Ense\u00f1a Per\u00fa quienes la dirigir\u00e1n a los ni\u00f1os del Pueblo de Salinas \u2013 Arequipa (Valle del Colca).<\/p>\n<p>Esta acci\u00f3n ser\u00e1 supervisada por One Million Lights una organizaci\u00f3n dedicada a mejorar la calidad de vida de la gente alrededor del mundo, brind\u00e1ndoles iluminaci\u00f3n solar limpia y saludable. \u201cLos faroles y focos LED solares donados por Energizer son invalorables para estas comunidades rurales\u201d, seg\u00fan Anna Sidana, fundadora de One Million Lights, \u201cIluminaci\u00f3n solar segura y saludable no solo ahorra dinero y salva vidas, sino que tambi\u00e9n le da a estas familias la oportunidad de trabajar, estudiar y jugar cuando de otro modo no podr\u00edan hacerlo\u201d.<\/p>\n<p>Rolando Ricapa, fue elegido como el ganador de la Energizer Night Race llegando a la meta en solo 17 minutos. \u201cAunque quise llegar en menos de 15 logr\u00e9 mi cometido: llegar primero\u201d, se\u00f1ala Ricapa.<\/p>\n<p><img decoding=\"async\" src=\"images\/stories\/12\/02\/150212\/energizer-n.jpg\" border=\"0\" \/><\/p>\n<p>\u00a0<\/p>\n","protected":false},"excerpt":{"rendered":"<p>(Aeronoticias).- Una de las pruebas m\u00e1s importantes del circuito en pa\u00edses de Europa, Norteam\u00e9rica, Asia y Latinoam\u00e9rica, Energizer Night Race, se realiz\u00f3 con \u00e9xito congregando a miles de corredores en un solo lugar. Entre todos los eventos deportivos que se realizan en el a\u00f1o, hay uno que sorprende por su originalidad e invita a vivir [&hellip;]<\/p>\n","protected":false},"author":1,"featured_media":0,"comment_status":"open","ping_status":"open","sticky":false,"template":"","format":"standard","meta":{"tdm_status":"","tdm_grid_status":"","footnotes":""},"categories":[40],"tags":[],"class_list":{"0":"post-23477","1":"post","2":"type-post","3":"status-publish","4":"format-standard","6":"category-deportes"},"yoast_head":"<!-- This site is optimized with the Yoast SEO plugin v25.1 - https:\/\/yoast.com\/wordpress\/plugins\/seo\/ -->\n<title>Miles de peruanos corrieron por un mundo m\u00e1s brillante<\/title>\n<meta name=\"description\" content=\"Portal de noticias del Per\u00fa sobre el transporte a\u00e9reo, aviaci\u00f3n, turismo, hoteleria, actualidad.\" \/>\n<meta name=\"robots\" content=\"index, follow, max-snippet:-1, max-image-preview:large, max-video-preview:-1\" \/>\n<link rel=\"canonical\" href=\"https:\/\/aeronoticias.com.pe\/noticiero\/deportes\/miles-de-peruanos-corrieron-por-un-mundo-mas-brillante\/\" \/>\n<meta property=\"og:locale\" content=\"es_ES\" \/>\n<meta property=\"og:type\" content=\"article\" \/>\n<meta property=\"og:title\" content=\"Miles de peruanos corrieron por un mundo m\u00e1s brillante\" \/>\n<meta property=\"og:description\" content=\"Portal de noticias del Per\u00fa sobre el transporte a\u00e9reo, aviaci\u00f3n, turismo, hoteleria, actualidad.\" \/>\n<meta property=\"og:url\" content=\"https:\/\/aeronoticias.com.pe\/noticiero\/deportes\/miles-de-peruanos-corrieron-por-un-mundo-mas-brillante\/\" \/>\n<meta property=\"og:site_name\" content=\"Aeronoticias.com.pe\" \/>\n<meta property=\"article:publisher\" content=\"https:\/\/www.facebook.com\/Aeronoticias.com.pe\/\" \/>\n<meta property=\"article:published_time\" content=\"2012-02-15T14:10:47+00:00\" \/>\n<meta name=\"author\" content=\"Redacci\u00f3n Aeronoticias\" \/>\n<meta name=\"twitter:card\" content=\"summary_large_image\" \/>\n<meta name=\"twitter:creator\" content=\"@aeronoticias\" \/>\n<meta name=\"twitter:site\" content=\"@aeronoticias\" \/>\n<meta name=\"twitter:label1\" content=\"Escrito por\" \/>\n\t<meta name=\"twitter:data1\" content=\"Redacci\u00f3n Aeronoticias\" \/>\n\t<meta name=\"twitter:label2\" content=\"Tiempo de lectura\" \/>\n\t<meta name=\"twitter:data2\" content=\"2 minutos\" \/>\n<script type=\"application\/ld+json\" class=\"yoast-schema-graph\">{\"@context\":\"https:\/\/schema.org\",\"@graph\":[{\"@type\":\"WebPage\",\"@id\":\"https:\/\/aeronoticias.com.pe\/noticiero\/deportes\/miles-de-peruanos-corrieron-por-un-mundo-mas-brillante\/\",\"url\":\"https:\/\/aeronoticias.com.pe\/noticiero\/deportes\/miles-de-peruanos-corrieron-por-un-mundo-mas-brillante\/\",\"name\":\"Miles de peruanos corrieron por un mundo m\u00e1s brillante\",\"isPartOf\":{\"@id\":\"https:\/\/aeronoticias.com.pe\/noticiero\/#website\"},\"datePublished\":\"2012-02-15T14:10:47+00:00\",\"author\":{\"@id\":\"https:\/\/aeronoticias.com.pe\/noticiero\/#\/schema\/person\/fc1e5d578f4b62ba1cf7ac2bba1170a0\"},\"description\":\"Portal de noticias del Per\u00fa sobre el transporte a\u00e9reo, aviaci\u00f3n, turismo, hoteleria, actualidad.\",\"breadcrumb\":{\"@id\":\"https:\/\/aeronoticias.com.pe\/noticiero\/deportes\/miles-de-peruanos-corrieron-por-un-mundo-mas-brillante\/#breadcrumb\"},\"inLanguage\":\"es\",\"potentialAction\":[{\"@type\":\"ReadAction\",\"target\":[\"https:\/\/aeronoticias.com.pe\/noticiero\/deportes\/miles-de-peruanos-corrieron-por-un-mundo-mas-brillante\/\"]}]},{\"@type\":\"BreadcrumbList\",\"@id\":\"https:\/\/aeronoticias.com.pe\/noticiero\/deportes\/miles-de-peruanos-corrieron-por-un-mundo-mas-brillante\/#breadcrumb\",\"itemListElement\":[{\"@type\":\"ListItem\",\"position\":1,\"name\":\"Portada\",\"item\":\"https:\/\/aeronoticias.com.pe\/noticiero\/\"},{\"@type\":\"ListItem\",\"position\":2,\"name\":\"Miles de peruanos corrieron por un mundo m\u00e1s brillante\"}]},{\"@type\":\"WebSite\",\"@id\":\"https:\/\/aeronoticias.com.pe\/noticiero\/#website\",\"url\":\"https:\/\/aeronoticias.com.pe\/noticiero\/\",\"name\":\"Aeronoticias.com.pe\",\"description\":\"Noticias de tranporte aereo, turismo, hoteles, gastronomia, actualidad, internacional\",\"potentialAction\":[{\"@type\":\"SearchAction\",\"target\":{\"@type\":\"EntryPoint\",\"urlTemplate\":\"https:\/\/aeronoticias.com.pe\/noticiero\/?s={search_term_string}\"},\"query-input\":{\"@type\":\"PropertyValueSpecification\",\"valueRequired\":true,\"valueName\":\"search_term_string\"}}],\"inLanguage\":\"es\"},{\"@type\":\"Person\",\"@id\":\"https:\/\/aeronoticias.com.pe\/noticiero\/#\/schema\/person\/fc1e5d578f4b62ba1cf7ac2bba1170a0\",\"name\":\"Redacci\u00f3n Aeronoticias\",\"url\":\"https:\/\/aeronoticias.com.pe\/noticiero\/author\/piloto\/\"}]}<\/script>\n<!-- \/ Yoast SEO plugin. -->","yoast_head_json":{"title":"Miles de peruanos corrieron por un mundo m\u00e1s brillante","description":"Portal de noticias del Per\u00fa sobre el transporte a\u00e9reo, aviaci\u00f3n, turismo, hoteleria, actualidad.","robots":{"index":"index","follow":"follow","max-snippet":"max-snippet:-1","max-image-preview":"max-image-preview:large","max-video-preview":"max-video-preview:-1"},"canonical":"https:\/\/aeronoticias.com.pe\/noticiero\/deportes\/miles-de-peruanos-corrieron-por-un-mundo-mas-brillante\/","og_locale":"es_ES","og_type":"article","og_title":"Miles de peruanos corrieron por un mundo m\u00e1s brillante","og_description":"Portal de noticias del Per\u00fa sobre el transporte a\u00e9reo, aviaci\u00f3n, turismo, hoteleria, actualidad.","og_url":"https:\/\/aeronoticias.com.pe\/noticiero\/deportes\/miles-de-peruanos-corrieron-por-un-mundo-mas-brillante\/","og_site_name":"Aeronoticias.com.pe","article_publisher":"https:\/\/www.facebook.com\/Aeronoticias.com.pe\/","article_published_time":"2012-02-15T14:10:47+00:00","author":"Redacci\u00f3n Aeronoticias","twitter_card":"summary_large_image","twitter_creator":"@aeronoticias","twitter_site":"@aeronoticias","twitter_misc":{"Escrito por":"Redacci\u00f3n Aeronoticias","Tiempo de lectura":"2 minutos"},"schema":{"@context":"https:\/\/schema.org","@graph":[{"@type":"WebPage","@id":"https:\/\/aeronoticias.com.pe\/noticiero\/deportes\/miles-de-peruanos-corrieron-por-un-mundo-mas-brillante\/","url":"https:\/\/aeronoticias.com.pe\/noticiero\/deportes\/miles-de-peruanos-corrieron-por-un-mundo-mas-brillante\/","name":"Miles de peruanos corrieron por un mundo m\u00e1s brillante","isPartOf":{"@id":"https:\/\/aeronoticias.com.pe\/noticiero\/#website"},"datePublished":"2012-02-15T14:10:47+00:00","author":{"@id":"https:\/\/aeronoticias.com.pe\/noticiero\/#\/schema\/person\/fc1e5d578f4b62ba1cf7ac2bba1170a0"},"description":"Portal de noticias del Per\u00fa sobre el transporte a\u00e9reo, aviaci\u00f3n, turismo, hoteleria, actualidad.","breadcrumb":{"@id":"https:\/\/aeronoticias.com.pe\/noticiero\/deportes\/miles-de-peruanos-corrieron-por-un-mundo-mas-brillante\/#breadcrumb"},"inLanguage":"es","potentialAction":[{"@type":"ReadAction","target":["https:\/\/aeronoticias.com.pe\/noticiero\/deportes\/miles-de-peruanos-corrieron-por-un-mundo-mas-brillante\/"]}]},{"@type":"BreadcrumbList","@id":"https:\/\/aeronoticias.com.pe\/noticiero\/deportes\/miles-de-peruanos-corrieron-por-un-mundo-mas-brillante\/#breadcrumb","itemListElement":[{"@type":"ListItem","position":1,"name":"Portada","item":"https:\/\/aeronoticias.com.pe\/noticiero\/"},{"@type":"ListItem","position":2,"name":"Miles de peruanos corrieron por un mundo m\u00e1s brillante"}]},{"@type":"WebSite","@id":"https:\/\/aeronoticias.com.pe\/noticiero\/#website","url":"https:\/\/aeronoticias.com.pe\/noticiero\/","name":"Aeronoticias.com.pe","description":"Noticias de tranporte aereo, turismo, hoteles, gastronomia, actualidad, internacional","potentialAction":[{"@type":"SearchAction","target":{"@type":"EntryPoint","urlTemplate":"https:\/\/aeronoticias.com.pe\/noticiero\/?s={search_term_string}"},"query-input":{"@type":"PropertyValueSpecification","valueRequired":true,"valueName":"search_term_string"}}],"inLanguage":"es"},{"@type":"Person","@id":"https:\/\/aeronoticias.com.pe\/noticiero\/#\/schema\/person\/fc1e5d578f4b62ba1cf7ac2bba1170a0","name":"Redacci\u00f3n Aeronoticias","url":"https:\/\/aeronoticias.com.pe\/noticiero\/author\/piloto\/"}]}},"_links":{"self":[{"href":"https:\/\/aeronoticias.com.pe\/noticiero\/wp-json\/wp\/v2\/posts\/23477","targetHints":{"allow":["GET"]}}],"collection":[{"href":"https:\/\/aeronoticias.com.pe\/noticiero\/wp-json\/wp\/v2\/posts"}],"about":[{"href":"https:\/\/aeronoticias.com.pe\/noticiero\/wp-json\/wp\/v2\/types\/post"}],"author":[{"embeddable":true,"href":"https:\/\/aeronoticias.com.pe\/noticiero\/wp-json\/wp\/v2\/users\/1"}],"replies":[{"embeddable":true,"href":"https:\/\/aeronoticias.com.pe\/noticiero\/wp-json\/wp\/v2\/comments?post=23477"}],"version-history":[{"count":0,"href":"https:\/\/aeronoticias.com.pe\/noticiero\/wp-json\/wp\/v2\/posts\/23477\/revisions"}],"wp:attachment":[{"href":"https:\/\/aeronoticias.com.pe\/noticiero\/wp-json\/wp\/v2\/media?parent=23477"}],"wp:term":[{"taxonomy":"category","embeddable":true,"href":"https:\/\/aeronoticias.com.pe\/noticiero\/wp-json\/wp\/v2\/categories?post=23477"},{"taxonomy":"post_tag","embeddable":true,"href":"https:\/\/aeronoticias.com.pe\/noticiero\/wp-json\/wp\/v2\/tags?post=23477"}],"curies":[{"name":"wp","href":"https:\/\/api.w.org\/{rel}","templated":true}]}}