{"id":23479,"date":"2012-02-15T14:26:00","date_gmt":"2012-02-15T14:26:00","guid":{"rendered":"http:\/\/desarrollo.mcvicious.com\/aero2020\/2012\/02\/15\/envios-regionales-crecieron-20-en-el-2011\/"},"modified":"2012-02-15T14:26:00","modified_gmt":"2012-02-15T14:26:00","slug":"envios-regionales-crecieron-20-en-el-2011","status":"publish","type":"post","link":"https:\/\/aeronoticias.com.pe\/noticiero\/economia\/envios-regionales-crecieron-20-en-el-2011\/","title":{"rendered":"Env\u00edos regionales crecieron 20% en el 2011"},"content":{"rendered":"<p style=\"text-align: justify;\"><strong>(Aeronoticias).-<\/strong> Mantuvieron su crecimiento. Las exportaciones regionales, sin considerar Lima y Callo, alcanzaron los US$ 28,986.5 millones en el 2011, lo que signific\u00f3 un incremento de 20% comparado con los env\u00edos del 2010 cuando facturaron US$ 24,059.8 millones, inform\u00f3 el \u00c1rea de Inteligencia Comercial de la Asociaci\u00f3n de Exportadores (ADEX). <\/p>\n<p>Las cifras del ADEX DATA TRADE indicaron que si bien los despachos del interior fueron impulsados por el sector Tradicional (US$ 25,255.6 millones), que aument\u00f3 18% en comparaci\u00f3n con el a\u00f1o anterior, fueron los No Tradicionales los que tuvieron mayor dinamismo con 36% de crecimiento, sumando US$ 3,730.9 millones. Ambos sectores concentraron el 87% y 13% de las ventas totales respectivamente.<\/p>\n<p>A nivel general, Arequipa se ubic\u00f3 como la principal regi\u00f3n exportadora del 2011, al sumar env\u00edos por US$ 4,534.6 millones, 29% m\u00e1s que en el 2010 (US$ 3,515.1 millones), gracias a productos de la miner\u00eda, as\u00ed como del subsector agropecuario y agroindustria, textil, qu\u00edmicos, entre otros.<\/p>\n<p>Entre sus principales partidas comercializadas estuvieron \u201cMinerales de cobre y sus concentrados\u201d (US$ 1,993.4 millones), \u201cOro en las dem\u00e1s formas en bruto\u201d (US$ 998.7 millones), \u201cminerales de plata y sus concentrados\u201d (US$ 440.6 millones), \u201cAlcachofas preparadas o conservadas sin congelar\u201d (US$ 32.2 millones), \u201cBarra de hierro o acero sin alear con muescas, cordones, surcos o relieves (US$ 54.8 millones), y muchos m\u00e1s. <\/p>\n<p>En segundo lugar estuvo \u00c1ncash que increment\u00f3 sus ventas en 16% pasando de facturar US$ 3,874.6 millones a US$ 4,496.2 millones debido a \u201cMinerales de cobre y sus concentrados\u201d (US$ 2,942.6 millones), \u201cMinerales de cinc y sus concentrados\u201d (US$ 352.8 millones), \u201cHarina, polvo de pescado\u201d (US$ 318.6 millones), as\u00ed como \u201cVeneras congeladas, secas saladas o en salmuera\u201d (US$ 31.9 millones), \u201cDem\u00e1s preparaciones y conservas de pescado entero o en trozos\u201d (US$ 15.9 millones). <\/p>\n<p>Las regiones de Ica y Cajamarca ocuparon el tercer y cuarto lugar respectivamente. En el caso de la primera, logr\u00f3 comercializar productos por US$ 3,906.7 millones entre los que sobresalieron \u201cDem\u00e1s gasolinas sin tetraetilo de plomo\u201d, \u201cMinerales de hierro y sus concentrados, sin aglomerar\u201d, \u201cuvas frescas\u201d y \u201cesp\u00e1rragos, frescos o refrigerados\u201d. \u201cAguacates (paltas), frescas o secas\u201d.<\/p>\n<p>En el caso de la segunda, sus exportaciones ascendieron a US$ 3,011.5 millones, 22% m\u00e1s que en el a\u00f1o anterior (US$ 2,474.4 millones).\u00a0 Las partidas m\u00e1s comercializadas fueron \u201cOro en las dem\u00e1s formas en bruto\u201d, \u201cMinerales de cobre y sus concentrados\u201d, \u201cTara en polvo\u201d, \u201cDem\u00e1s cacao en grano, entero o partido\u201d, entre otros.<\/p>\n<p>El quinto lugar lo ocup\u00f3 Moquegua que aument\u00f3 sus env\u00edos en 9%, pasando de registrar US$ 2,545.9 millones a US$ 2,786.9 millones gracias a \u201cC\u00e1todos y secciones de c\u00e1todos de cobre refinado\u201d, \u201cMinerales de molibdeno y sus concentrados, sin tostar\u201d, \u201c\u00c1cido sulf\u00farico\u201d, \u201cLos dem\u00e1s pulpos, congelados, secos, salados o en salmuera\u201d. <\/p>\n<p>Entre las regiones que m\u00e1s crecieron en el 2011 estuvieron Cusco y Huancavelica con 118%, Hu\u00e1nuco (95%), San Mart\u00edn (86%), Puno (85%),\u00a0 Ayacucho (58%), Jun\u00edn (43%), Amazonas (41%), Piura (39%), Lambayeque (35%), Pasco (20%), Madre de Dios (13%); mientras que Tacna (-25%), Loreto (-6%), Ucayali (-16%), Apurimac (-81%) mantuvieron cifras negativas.<\/p>\n<p><img decoding=\"async\" src=\"images\/stories\/12\/02\/150212\/envasadas.jpg\" border=\"0\" \/><\/p>\n","protected":false},"excerpt":{"rendered":"<p>(Aeronoticias).- Mantuvieron su crecimiento. Las exportaciones regionales, sin considerar Lima y Callo, alcanzaron los US$ 28,986.5 millones en el 2011, lo que signific\u00f3 un incremento de 20% comparado con los env\u00edos del 2010 cuando facturaron US$ 24,059.8 millones, inform\u00f3 el \u00c1rea de Inteligencia Comercial de la Asociaci\u00f3n de Exportadores (ADEX). Las cifras del ADEX DATA [&hellip;]<\/p>\n","protected":false},"author":1,"featured_media":0,"comment_status":"open","ping_status":"open","sticky":false,"template":"","format":"standard","meta":{"tdm_status":"","tdm_grid_status":"","footnotes":""},"categories":[33],"tags":[],"class_list":{"0":"post-23479","1":"post","2":"type-post","3":"status-publish","4":"format-standard","6":"category-economia"},"yoast_head":"<!-- This site is optimized with the Yoast SEO plugin v25.1 - https:\/\/yoast.com\/wordpress\/plugins\/seo\/ -->\n<title>Env\u00edos regionales crecieron 20% en el 2011<\/title>\n<meta name=\"description\" content=\"Portal de noticias del Per\u00fa sobre el transporte a\u00e9reo, aviaci\u00f3n, turismo, hoteleria, actualidad.\" \/>\n<meta name=\"robots\" content=\"index, follow, max-snippet:-1, max-image-preview:large, max-video-preview:-1\" \/>\n<link rel=\"canonical\" href=\"https:\/\/aeronoticias.com.pe\/noticiero\/economia\/envios-regionales-crecieron-20-en-el-2011\/\" \/>\n<meta property=\"og:locale\" content=\"es_ES\" \/>\n<meta property=\"og:type\" content=\"article\" \/>\n<meta property=\"og:title\" content=\"Env\u00edos regionales crecieron 20% en el 2011\" \/>\n<meta property=\"og:description\" content=\"Portal de noticias del Per\u00fa sobre el transporte a\u00e9reo, aviaci\u00f3n, turismo, hoteleria, actualidad.\" \/>\n<meta property=\"og:url\" content=\"https:\/\/aeronoticias.com.pe\/noticiero\/economia\/envios-regionales-crecieron-20-en-el-2011\/\" \/>\n<meta property=\"og:site_name\" content=\"Aeronoticias.com.pe\" \/>\n<meta property=\"article:publisher\" content=\"https:\/\/www.facebook.com\/Aeronoticias.com.pe\/\" \/>\n<meta property=\"article:published_time\" content=\"2012-02-15T14:26:00+00:00\" \/>\n<meta name=\"author\" content=\"Redacci\u00f3n Aeronoticias\" \/>\n<meta name=\"twitter:card\" content=\"summary_large_image\" \/>\n<meta name=\"twitter:creator\" content=\"@aeronoticias\" \/>\n<meta name=\"twitter:site\" content=\"@aeronoticias\" \/>\n<meta name=\"twitter:label1\" content=\"Escrito por\" \/>\n\t<meta name=\"twitter:data1\" content=\"Redacci\u00f3n Aeronoticias\" \/>\n\t<meta name=\"twitter:label2\" content=\"Tiempo de lectura\" \/>\n\t<meta name=\"twitter:data2\" content=\"2 minutos\" \/>\n<script type=\"application\/ld+json\" class=\"yoast-schema-graph\">{\"@context\":\"https:\/\/schema.org\",\"@graph\":[{\"@type\":\"WebPage\",\"@id\":\"https:\/\/aeronoticias.com.pe\/noticiero\/economia\/envios-regionales-crecieron-20-en-el-2011\/\",\"url\":\"https:\/\/aeronoticias.com.pe\/noticiero\/economia\/envios-regionales-crecieron-20-en-el-2011\/\",\"name\":\"Env\u00edos regionales crecieron 20% en el 2011\",\"isPartOf\":{\"@id\":\"https:\/\/aeronoticias.com.pe\/noticiero\/#website\"},\"datePublished\":\"2012-02-15T14:26:00+00:00\",\"author\":{\"@id\":\"https:\/\/aeronoticias.com.pe\/noticiero\/#\/schema\/person\/fc1e5d578f4b62ba1cf7ac2bba1170a0\"},\"description\":\"Portal de noticias del Per\u00fa sobre el transporte a\u00e9reo, aviaci\u00f3n, turismo, hoteleria, actualidad.\",\"breadcrumb\":{\"@id\":\"https:\/\/aeronoticias.com.pe\/noticiero\/economia\/envios-regionales-crecieron-20-en-el-2011\/#breadcrumb\"},\"inLanguage\":\"es\",\"potentialAction\":[{\"@type\":\"ReadAction\",\"target\":[\"https:\/\/aeronoticias.com.pe\/noticiero\/economia\/envios-regionales-crecieron-20-en-el-2011\/\"]}]},{\"@type\":\"BreadcrumbList\",\"@id\":\"https:\/\/aeronoticias.com.pe\/noticiero\/economia\/envios-regionales-crecieron-20-en-el-2011\/#breadcrumb\",\"itemListElement\":[{\"@type\":\"ListItem\",\"position\":1,\"name\":\"Portada\",\"item\":\"https:\/\/aeronoticias.com.pe\/noticiero\/\"},{\"@type\":\"ListItem\",\"position\":2,\"name\":\"Env\u00edos regionales crecieron 20% en el 2011\"}]},{\"@type\":\"WebSite\",\"@id\":\"https:\/\/aeronoticias.com.pe\/noticiero\/#website\",\"url\":\"https:\/\/aeronoticias.com.pe\/noticiero\/\",\"name\":\"Aeronoticias.com.pe\",\"description\":\"Noticias de tranporte aereo, turismo, hoteles, gastronomia, actualidad, internacional\",\"potentialAction\":[{\"@type\":\"SearchAction\",\"target\":{\"@type\":\"EntryPoint\",\"urlTemplate\":\"https:\/\/aeronoticias.com.pe\/noticiero\/?s={search_term_string}\"},\"query-input\":{\"@type\":\"PropertyValueSpecification\",\"valueRequired\":true,\"valueName\":\"search_term_string\"}}],\"inLanguage\":\"es\"},{\"@type\":\"Person\",\"@id\":\"https:\/\/aeronoticias.com.pe\/noticiero\/#\/schema\/person\/fc1e5d578f4b62ba1cf7ac2bba1170a0\",\"name\":\"Redacci\u00f3n Aeronoticias\",\"url\":\"https:\/\/aeronoticias.com.pe\/noticiero\/author\/piloto\/\"}]}<\/script>\n<!-- \/ Yoast SEO plugin. -->","yoast_head_json":{"title":"Env\u00edos regionales crecieron 20% en el 2011","description":"Portal de noticias del Per\u00fa sobre el transporte a\u00e9reo, aviaci\u00f3n, turismo, hoteleria, actualidad.","robots":{"index":"index","follow":"follow","max-snippet":"max-snippet:-1","max-image-preview":"max-image-preview:large","max-video-preview":"max-video-preview:-1"},"canonical":"https:\/\/aeronoticias.com.pe\/noticiero\/economia\/envios-regionales-crecieron-20-en-el-2011\/","og_locale":"es_ES","og_type":"article","og_title":"Env\u00edos regionales crecieron 20% en el 2011","og_description":"Portal de noticias del Per\u00fa sobre el transporte a\u00e9reo, aviaci\u00f3n, turismo, hoteleria, actualidad.","og_url":"https:\/\/aeronoticias.com.pe\/noticiero\/economia\/envios-regionales-crecieron-20-en-el-2011\/","og_site_name":"Aeronoticias.com.pe","article_publisher":"https:\/\/www.facebook.com\/Aeronoticias.com.pe\/","article_published_time":"2012-02-15T14:26:00+00:00","author":"Redacci\u00f3n Aeronoticias","twitter_card":"summary_large_image","twitter_creator":"@aeronoticias","twitter_site":"@aeronoticias","twitter_misc":{"Escrito por":"Redacci\u00f3n Aeronoticias","Tiempo de lectura":"2 minutos"},"schema":{"@context":"https:\/\/schema.org","@graph":[{"@type":"WebPage","@id":"https:\/\/aeronoticias.com.pe\/noticiero\/economia\/envios-regionales-crecieron-20-en-el-2011\/","url":"https:\/\/aeronoticias.com.pe\/noticiero\/economia\/envios-regionales-crecieron-20-en-el-2011\/","name":"Env\u00edos regionales crecieron 20% en el 2011","isPartOf":{"@id":"https:\/\/aeronoticias.com.pe\/noticiero\/#website"},"datePublished":"2012-02-15T14:26:00+00:00","author":{"@id":"https:\/\/aeronoticias.com.pe\/noticiero\/#\/schema\/person\/fc1e5d578f4b62ba1cf7ac2bba1170a0"},"description":"Portal de noticias del Per\u00fa sobre el transporte a\u00e9reo, aviaci\u00f3n, turismo, hoteleria, actualidad.","breadcrumb":{"@id":"https:\/\/aeronoticias.com.pe\/noticiero\/economia\/envios-regionales-crecieron-20-en-el-2011\/#breadcrumb"},"inLanguage":"es","potentialAction":[{"@type":"ReadAction","target":["https:\/\/aeronoticias.com.pe\/noticiero\/economia\/envios-regionales-crecieron-20-en-el-2011\/"]}]},{"@type":"BreadcrumbList","@id":"https:\/\/aeronoticias.com.pe\/noticiero\/economia\/envios-regionales-crecieron-20-en-el-2011\/#breadcrumb","itemListElement":[{"@type":"ListItem","position":1,"name":"Portada","item":"https:\/\/aeronoticias.com.pe\/noticiero\/"},{"@type":"ListItem","position":2,"name":"Env\u00edos regionales crecieron 20% en el 2011"}]},{"@type":"WebSite","@id":"https:\/\/aeronoticias.com.pe\/noticiero\/#website","url":"https:\/\/aeronoticias.com.pe\/noticiero\/","name":"Aeronoticias.com.pe","description":"Noticias de tranporte aereo, turismo, hoteles, gastronomia, actualidad, internacional","potentialAction":[{"@type":"SearchAction","target":{"@type":"EntryPoint","urlTemplate":"https:\/\/aeronoticias.com.pe\/noticiero\/?s={search_term_string}"},"query-input":{"@type":"PropertyValueSpecification","valueRequired":true,"valueName":"search_term_string"}}],"inLanguage":"es"},{"@type":"Person","@id":"https:\/\/aeronoticias.com.pe\/noticiero\/#\/schema\/person\/fc1e5d578f4b62ba1cf7ac2bba1170a0","name":"Redacci\u00f3n Aeronoticias","url":"https:\/\/aeronoticias.com.pe\/noticiero\/author\/piloto\/"}]}},"_links":{"self":[{"href":"https:\/\/aeronoticias.com.pe\/noticiero\/wp-json\/wp\/v2\/posts\/23479","targetHints":{"allow":["GET"]}}],"collection":[{"href":"https:\/\/aeronoticias.com.pe\/noticiero\/wp-json\/wp\/v2\/posts"}],"about":[{"href":"https:\/\/aeronoticias.com.pe\/noticiero\/wp-json\/wp\/v2\/types\/post"}],"author":[{"embeddable":true,"href":"https:\/\/aeronoticias.com.pe\/noticiero\/wp-json\/wp\/v2\/users\/1"}],"replies":[{"embeddable":true,"href":"https:\/\/aeronoticias.com.pe\/noticiero\/wp-json\/wp\/v2\/comments?post=23479"}],"version-history":[{"count":0,"href":"https:\/\/aeronoticias.com.pe\/noticiero\/wp-json\/wp\/v2\/posts\/23479\/revisions"}],"wp:attachment":[{"href":"https:\/\/aeronoticias.com.pe\/noticiero\/wp-json\/wp\/v2\/media?parent=23479"}],"wp:term":[{"taxonomy":"category","embeddable":true,"href":"https:\/\/aeronoticias.com.pe\/noticiero\/wp-json\/wp\/v2\/categories?post=23479"},{"taxonomy":"post_tag","embeddable":true,"href":"https:\/\/aeronoticias.com.pe\/noticiero\/wp-json\/wp\/v2\/tags?post=23479"}],"curies":[{"name":"wp","href":"https:\/\/api.w.org\/{rel}","templated":true}]}}