{"id":23481,"date":"2012-02-15T14:58:43","date_gmt":"2012-02-15T14:58:43","guid":{"rendered":"http:\/\/desarrollo.mcvicious.com\/aero2020\/2012\/02\/15\/presidente-del-pj-dice-que-artemio-tendra-un-solo-juicio-por-terrorismo-y-narcotrafico\/"},"modified":"2012-02-15T14:58:43","modified_gmt":"2012-02-15T14:58:43","slug":"presidente-del-pj-dice-que-artemio-tendra-un-solo-juicio-por-terrorismo-y-narcotrafico","status":"publish","type":"post","link":"https:\/\/aeronoticias.com.pe\/noticiero\/nacionales\/presidente-del-pj-dice-que-artemio-tendra-un-solo-juicio-por-terrorismo-y-narcotrafico\/","title":{"rendered":"Presidente del PJ dice que Artemio tendr\u00e1 un solo juicio por terrorismo y narcotr\u00e1fico"},"content":{"rendered":"<p style=\"text-align: justify;\"><strong>(Aeronoticias).- <\/strong>El presidente del Poder Judicial, C\u00e9sar San Mart\u00edn revel\u00f3 que el recientemente capturado cabecilla terrorista Florindo Flores Hala, \u00abcamarada Artemio\u00bb, ser\u00e1 sometido a un solo juicio por los delitos de terrorismo y narcotr\u00e1fico, y estar\u00e1 a cargo de un magistrado que tomar\u00e1 el caso a exclusividad.<\/p>\n<p style=\"text-align: justify;\">\u00abAl juez a cargo le vamos a dar todas las garant\u00edas y los recursos log\u00edsticos y materiales, as\u00ed como en su d\u00eda se har\u00e1 con el tribunal correspondiente. La idea es que el proceso se realice lo m\u00e1s r\u00e1pido posible, dentro de las garant\u00edas, como corresponde\u00bb, asegur\u00f3.<\/p>\n<p style=\"text-align: justify;\">San Mart\u00edn agreg\u00f3 adem\u00e1s que el juicio ser\u00e1, de ser posible, solo con Artemio, quien lideraba los remanentes subversivos en el Alto Huallaga en la regi\u00f3n San Mart\u00edn, para garantizar \u00abla rapidez, seriedad, justicia e imponer la sanci\u00f3n por los graves cargos que le sean probados\u00bb.<\/p>\n<p>  <!--more-->  <\/p>\n<p style=\"text-align: justify;\"><img decoding=\"async\" src=\"images\/stories\/12\/02\/150212\/cesar_san_martin.jpg\" border=\"0\" alt=\"Presidente del PJ dice que Artemio tendr\u00e1 un solo juicio por terrorismo y narcotr\u00e1fico\" title=\"Presidente del PJ dice que Artemio tendr\u00e1 un solo juicio por terrorismo y narcotr\u00e1fico\" \/><\/p>\n","protected":false},"excerpt":{"rendered":"<p>(Aeronoticias).- El presidente del Poder Judicial, C\u00e9sar San Mart\u00edn revel\u00f3 que el recientemente capturado cabecilla terrorista Florindo Flores Hala, \u00abcamarada Artemio\u00bb, ser\u00e1 sometido a un solo juicio por los delitos de terrorismo y narcotr\u00e1fico, y estar\u00e1 a cargo de un magistrado que tomar\u00e1 el caso a exclusividad. \u00abAl juez a cargo le vamos a dar [&hellip;]<\/p>\n","protected":false},"author":1,"featured_media":0,"comment_status":"open","ping_status":"open","sticky":false,"template":"","format":"standard","meta":{"tdm_status":"","tdm_grid_status":"","footnotes":""},"categories":[38],"tags":[],"class_list":{"0":"post-23481","1":"post","2":"type-post","3":"status-publish","4":"format-standard","6":"category-nacionales"},"yoast_head":"<!-- This site is optimized with the Yoast SEO plugin v25.1 - https:\/\/yoast.com\/wordpress\/plugins\/seo\/ -->\n<title>Presidente del PJ dice que Artemio tendr\u00e1 un solo juicio por terrorismo y narcotr\u00e1fico<\/title>\n<meta name=\"description\" content=\"Portal de noticias del Per\u00fa sobre el transporte a\u00e9reo, aviaci\u00f3n, turismo, hoteleria, actualidad.\" \/>\n<meta name=\"robots\" content=\"index, follow, max-snippet:-1, max-image-preview:large, max-video-preview:-1\" \/>\n<link rel=\"canonical\" href=\"https:\/\/aeronoticias.com.pe\/noticiero\/nacionales\/presidente-del-pj-dice-que-artemio-tendra-un-solo-juicio-por-terrorismo-y-narcotrafico\/\" \/>\n<meta property=\"og:locale\" content=\"es_ES\" \/>\n<meta property=\"og:type\" content=\"article\" \/>\n<meta property=\"og:title\" content=\"Presidente del PJ dice que Artemio tendr\u00e1 un solo juicio por terrorismo y narcotr\u00e1fico\" \/>\n<meta property=\"og:description\" content=\"Portal de noticias del Per\u00fa sobre el transporte a\u00e9reo, aviaci\u00f3n, turismo, hoteleria, actualidad.\" \/>\n<meta property=\"og:url\" content=\"https:\/\/aeronoticias.com.pe\/noticiero\/nacionales\/presidente-del-pj-dice-que-artemio-tendra-un-solo-juicio-por-terrorismo-y-narcotrafico\/\" \/>\n<meta property=\"og:site_name\" content=\"Aeronoticias.com.pe\" \/>\n<meta property=\"article:publisher\" content=\"https:\/\/www.facebook.com\/Aeronoticias.com.pe\/\" \/>\n<meta property=\"article:published_time\" content=\"2012-02-15T14:58:43+00:00\" \/>\n<meta name=\"author\" content=\"Redacci\u00f3n Aeronoticias\" \/>\n<meta name=\"twitter:card\" content=\"summary_large_image\" \/>\n<meta name=\"twitter:creator\" content=\"@aeronoticias\" \/>\n<meta name=\"twitter:site\" content=\"@aeronoticias\" \/>\n<meta name=\"twitter:label1\" content=\"Escrito por\" \/>\n\t<meta name=\"twitter:data1\" content=\"Redacci\u00f3n Aeronoticias\" \/>\n\t<meta name=\"twitter:label2\" content=\"Tiempo de lectura\" \/>\n\t<meta name=\"twitter:data2\" content=\"1 minuto\" \/>\n<script type=\"application\/ld+json\" class=\"yoast-schema-graph\">{\"@context\":\"https:\/\/schema.org\",\"@graph\":[{\"@type\":\"WebPage\",\"@id\":\"https:\/\/aeronoticias.com.pe\/noticiero\/nacionales\/presidente-del-pj-dice-que-artemio-tendra-un-solo-juicio-por-terrorismo-y-narcotrafico\/\",\"url\":\"https:\/\/aeronoticias.com.pe\/noticiero\/nacionales\/presidente-del-pj-dice-que-artemio-tendra-un-solo-juicio-por-terrorismo-y-narcotrafico\/\",\"name\":\"Presidente del PJ dice que Artemio tendr\u00e1 un solo juicio por terrorismo y narcotr\u00e1fico\",\"isPartOf\":{\"@id\":\"https:\/\/aeronoticias.com.pe\/noticiero\/#website\"},\"datePublished\":\"2012-02-15T14:58:43+00:00\",\"author\":{\"@id\":\"https:\/\/aeronoticias.com.pe\/noticiero\/#\/schema\/person\/fc1e5d578f4b62ba1cf7ac2bba1170a0\"},\"description\":\"Portal de noticias del Per\u00fa sobre el transporte a\u00e9reo, aviaci\u00f3n, turismo, hoteleria, actualidad.\",\"breadcrumb\":{\"@id\":\"https:\/\/aeronoticias.com.pe\/noticiero\/nacionales\/presidente-del-pj-dice-que-artemio-tendra-un-solo-juicio-por-terrorismo-y-narcotrafico\/#breadcrumb\"},\"inLanguage\":\"es\",\"potentialAction\":[{\"@type\":\"ReadAction\",\"target\":[\"https:\/\/aeronoticias.com.pe\/noticiero\/nacionales\/presidente-del-pj-dice-que-artemio-tendra-un-solo-juicio-por-terrorismo-y-narcotrafico\/\"]}]},{\"@type\":\"BreadcrumbList\",\"@id\":\"https:\/\/aeronoticias.com.pe\/noticiero\/nacionales\/presidente-del-pj-dice-que-artemio-tendra-un-solo-juicio-por-terrorismo-y-narcotrafico\/#breadcrumb\",\"itemListElement\":[{\"@type\":\"ListItem\",\"position\":1,\"name\":\"Portada\",\"item\":\"https:\/\/aeronoticias.com.pe\/noticiero\/\"},{\"@type\":\"ListItem\",\"position\":2,\"name\":\"Presidente del PJ dice que Artemio tendr\u00e1 un solo juicio por terrorismo y narcotr\u00e1fico\"}]},{\"@type\":\"WebSite\",\"@id\":\"https:\/\/aeronoticias.com.pe\/noticiero\/#website\",\"url\":\"https:\/\/aeronoticias.com.pe\/noticiero\/\",\"name\":\"Aeronoticias.com.pe\",\"description\":\"Noticias de tranporte aereo, turismo, hoteles, gastronomia, actualidad, internacional\",\"potentialAction\":[{\"@type\":\"SearchAction\",\"target\":{\"@type\":\"EntryPoint\",\"urlTemplate\":\"https:\/\/aeronoticias.com.pe\/noticiero\/?s={search_term_string}\"},\"query-input\":{\"@type\":\"PropertyValueSpecification\",\"valueRequired\":true,\"valueName\":\"search_term_string\"}}],\"inLanguage\":\"es\"},{\"@type\":\"Person\",\"@id\":\"https:\/\/aeronoticias.com.pe\/noticiero\/#\/schema\/person\/fc1e5d578f4b62ba1cf7ac2bba1170a0\",\"name\":\"Redacci\u00f3n Aeronoticias\",\"url\":\"https:\/\/aeronoticias.com.pe\/noticiero\/author\/piloto\/\"}]}<\/script>\n<!-- \/ Yoast SEO plugin. -->","yoast_head_json":{"title":"Presidente del PJ dice que Artemio tendr\u00e1 un solo juicio por terrorismo y narcotr\u00e1fico","description":"Portal de noticias del Per\u00fa sobre el transporte a\u00e9reo, aviaci\u00f3n, turismo, hoteleria, actualidad.","robots":{"index":"index","follow":"follow","max-snippet":"max-snippet:-1","max-image-preview":"max-image-preview:large","max-video-preview":"max-video-preview:-1"},"canonical":"https:\/\/aeronoticias.com.pe\/noticiero\/nacionales\/presidente-del-pj-dice-que-artemio-tendra-un-solo-juicio-por-terrorismo-y-narcotrafico\/","og_locale":"es_ES","og_type":"article","og_title":"Presidente del PJ dice que Artemio tendr\u00e1 un solo juicio por terrorismo y narcotr\u00e1fico","og_description":"Portal de noticias del Per\u00fa sobre el transporte a\u00e9reo, aviaci\u00f3n, turismo, hoteleria, actualidad.","og_url":"https:\/\/aeronoticias.com.pe\/noticiero\/nacionales\/presidente-del-pj-dice-que-artemio-tendra-un-solo-juicio-por-terrorismo-y-narcotrafico\/","og_site_name":"Aeronoticias.com.pe","article_publisher":"https:\/\/www.facebook.com\/Aeronoticias.com.pe\/","article_published_time":"2012-02-15T14:58:43+00:00","author":"Redacci\u00f3n Aeronoticias","twitter_card":"summary_large_image","twitter_creator":"@aeronoticias","twitter_site":"@aeronoticias","twitter_misc":{"Escrito por":"Redacci\u00f3n Aeronoticias","Tiempo de lectura":"1 minuto"},"schema":{"@context":"https:\/\/schema.org","@graph":[{"@type":"WebPage","@id":"https:\/\/aeronoticias.com.pe\/noticiero\/nacionales\/presidente-del-pj-dice-que-artemio-tendra-un-solo-juicio-por-terrorismo-y-narcotrafico\/","url":"https:\/\/aeronoticias.com.pe\/noticiero\/nacionales\/presidente-del-pj-dice-que-artemio-tendra-un-solo-juicio-por-terrorismo-y-narcotrafico\/","name":"Presidente del PJ dice que Artemio tendr\u00e1 un solo juicio por terrorismo y narcotr\u00e1fico","isPartOf":{"@id":"https:\/\/aeronoticias.com.pe\/noticiero\/#website"},"datePublished":"2012-02-15T14:58:43+00:00","author":{"@id":"https:\/\/aeronoticias.com.pe\/noticiero\/#\/schema\/person\/fc1e5d578f4b62ba1cf7ac2bba1170a0"},"description":"Portal de noticias del Per\u00fa sobre el transporte a\u00e9reo, aviaci\u00f3n, turismo, hoteleria, actualidad.","breadcrumb":{"@id":"https:\/\/aeronoticias.com.pe\/noticiero\/nacionales\/presidente-del-pj-dice-que-artemio-tendra-un-solo-juicio-por-terrorismo-y-narcotrafico\/#breadcrumb"},"inLanguage":"es","potentialAction":[{"@type":"ReadAction","target":["https:\/\/aeronoticias.com.pe\/noticiero\/nacionales\/presidente-del-pj-dice-que-artemio-tendra-un-solo-juicio-por-terrorismo-y-narcotrafico\/"]}]},{"@type":"BreadcrumbList","@id":"https:\/\/aeronoticias.com.pe\/noticiero\/nacionales\/presidente-del-pj-dice-que-artemio-tendra-un-solo-juicio-por-terrorismo-y-narcotrafico\/#breadcrumb","itemListElement":[{"@type":"ListItem","position":1,"name":"Portada","item":"https:\/\/aeronoticias.com.pe\/noticiero\/"},{"@type":"ListItem","position":2,"name":"Presidente del PJ dice que Artemio tendr\u00e1 un solo juicio por terrorismo y narcotr\u00e1fico"}]},{"@type":"WebSite","@id":"https:\/\/aeronoticias.com.pe\/noticiero\/#website","url":"https:\/\/aeronoticias.com.pe\/noticiero\/","name":"Aeronoticias.com.pe","description":"Noticias de tranporte aereo, turismo, hoteles, gastronomia, actualidad, internacional","potentialAction":[{"@type":"SearchAction","target":{"@type":"EntryPoint","urlTemplate":"https:\/\/aeronoticias.com.pe\/noticiero\/?s={search_term_string}"},"query-input":{"@type":"PropertyValueSpecification","valueRequired":true,"valueName":"search_term_string"}}],"inLanguage":"es"},{"@type":"Person","@id":"https:\/\/aeronoticias.com.pe\/noticiero\/#\/schema\/person\/fc1e5d578f4b62ba1cf7ac2bba1170a0","name":"Redacci\u00f3n Aeronoticias","url":"https:\/\/aeronoticias.com.pe\/noticiero\/author\/piloto\/"}]}},"_links":{"self":[{"href":"https:\/\/aeronoticias.com.pe\/noticiero\/wp-json\/wp\/v2\/posts\/23481","targetHints":{"allow":["GET"]}}],"collection":[{"href":"https:\/\/aeronoticias.com.pe\/noticiero\/wp-json\/wp\/v2\/posts"}],"about":[{"href":"https:\/\/aeronoticias.com.pe\/noticiero\/wp-json\/wp\/v2\/types\/post"}],"author":[{"embeddable":true,"href":"https:\/\/aeronoticias.com.pe\/noticiero\/wp-json\/wp\/v2\/users\/1"}],"replies":[{"embeddable":true,"href":"https:\/\/aeronoticias.com.pe\/noticiero\/wp-json\/wp\/v2\/comments?post=23481"}],"version-history":[{"count":0,"href":"https:\/\/aeronoticias.com.pe\/noticiero\/wp-json\/wp\/v2\/posts\/23481\/revisions"}],"wp:attachment":[{"href":"https:\/\/aeronoticias.com.pe\/noticiero\/wp-json\/wp\/v2\/media?parent=23481"}],"wp:term":[{"taxonomy":"category","embeddable":true,"href":"https:\/\/aeronoticias.com.pe\/noticiero\/wp-json\/wp\/v2\/categories?post=23481"},{"taxonomy":"post_tag","embeddable":true,"href":"https:\/\/aeronoticias.com.pe\/noticiero\/wp-json\/wp\/v2\/tags?post=23481"}],"curies":[{"name":"wp","href":"https:\/\/api.w.org\/{rel}","templated":true}]}}