{"id":23484,"date":"2012-02-15T15:31:59","date_gmt":"2012-02-15T15:31:59","guid":{"rendered":"http:\/\/desarrollo.mcvicious.com\/aero2020\/2012\/02\/15\/avion-mas-moderno-y-ecologico-de-boeing-sera-la-estrella-de-fidae-2012\/"},"modified":"2012-02-15T15:31:59","modified_gmt":"2012-02-15T15:31:59","slug":"avion-mas-moderno-y-ecologico-de-boeing-sera-la-estrella-de-fidae-2012","status":"publish","type":"post","link":"https:\/\/aeronoticias.com.pe\/noticiero\/transporte-aereo\/internacional\/avion-mas-moderno-y-ecologico-de-boeing-sera-la-estrella-de-fidae-2012\/","title":{"rendered":"Avi\u00f3n m\u00e1s moderno y ecol\u00f3gico de Boeing ser\u00e1 la estrella de Fidae 2012"},"content":{"rendered":"<p style=\"text-align: justify;\"><strong>(Aeronoticias).-<\/strong> El nuevo avi\u00f3n de pasajeros Boeing 787 \u00abDreamliner\u00bb ser\u00e1 la estrella de la pr\u00f3xima Feria Internacional del Aire y del Espacio 2012 (Fidae), evento que se realizar\u00e1 en el Grupo 10 de la FACh, a un costado del aeropuerto de Pudahuel, entre el 27 de marzo y el 1 de abril pr\u00f3ximo.<\/p>\n<p>El avi\u00f3n, que aterrizar\u00e1 por primera vez en Santiago d\u00edas antes de que se inicie la muestra aeron\u00e1utica, hizo su primer vuelo con pasajeros el 25 de noviembre del a\u00f1o pasado entre el aeropuerto Narita, de Tokio, y Hong Kong, con los colores de All Nippon Airways (ANA).<\/p>\n<p>Dicha compa\u00f1\u00eda recibi\u00f3 el primer modelo de la aeronave a fines de septiembre de 2011, pese a que la entrega estaba inicialmente programada para 2008 y que se retras\u00f3 por una serie de reveses, entre ellos un incendio durante un vuelo de prueba.<\/p>\n<p>  <!--more-->  <\/p>\n<p style=\"text-align: justify;\">El \u00abDreamliner\u00bb, que viaja a una velocidad de 1.050 km\/h, tiene doble pasillo, puede transportar a entre 210 y 330 pasajeros -dependiendo de la configuraci\u00f3n de sus asientos-, est\u00e1 ensamblado con materiales muy ligeros y posee motores Rolls Royce Trend 1.000. Esto le permite reducir su peso para lograr un ahorro de hasta un 20% en el consumo de combustible comparado con cualquier otro avi\u00f3n de su tama\u00f1o en viajes similares. Adem\u00e1s, disminuye las emisiones de di\u00f3xido de carbono (CO2) y hasta en un 60% su huella ac\u00fastica.<\/p>\n<p>LAN es una de las tantas aerol\u00edneas que ya hicieron un pedido: 32 aviones, los que ser\u00e1n entregados entre septiembre de este a\u00f1o y el 2017. Otra de las cualidades del Boeing 787, cuyo precio oscila entre US$ 146 millones y US$ 200 millones -dependiendo de las caracter\u00edsticas-, es que tiene ventanas m\u00e1s grandes, dispositivos digitales que con un simple bot\u00f3n se pueden oscurecer o aclarar para atenuar la luz exterior, y cuatro sistemas de ventilaci\u00f3n que crean condiciones de aire m\u00e1s limpio durante el vuelo. Se puede adaptar parte del avi\u00f3n con un living e incluso con una habitaci\u00f3n con cama matrimonial. Su autonom\u00eda le permite volar, sin hacer escalas, rutas como las de Nueva York-Atenas, San Francisco-Londres, Tokio-Los Angeles y Nueva York-Dub\u00e1i.<\/p>\n<p>El viaje del \u00abDreamliner\u00bb a Chile, seg\u00fan los expertos en aviaci\u00f3n, demuestra que para la industria \u00e1rea internacional, tanto a nivel de pasajeros como de combate, Fidae, en su decimosexta muestra, sigue siendo la primera a nivel de las Am\u00e9ricas y la quinta en el mundo despu\u00e9s de Le Bourget (Francia), Farnborough (Inglaterra), Berl\u00edn (Alemania) y Dub\u00e1i (Emiratos \u00c1rabes).<\/p>\n<p>COSTO<\/p>\n<p>La aeronave, que puede transportar de 210 a 330 pasajeros, tiene un valor que oscila entre US$ 146 millones y US$ 200 millones, dependiendo de sus caracter\u00edsticas. Fuente: http:\/\/diario.elmercurio.com<\/p>\n<p style=\"text-align: justify;\"><img decoding=\"async\" src=\"images\/stories\/12\/02\/150212\/boeing_787_dreamliner.jpg\" border=\"0\" alt=\"Avi\u00f3n m\u00e1s moderno y ecol\u00f3gico de Boeing ser\u00e1 la estrella de Fidae 2012\" title=\"Avi\u00f3n m\u00e1s moderno y ecol\u00f3gico de Boeing ser\u00e1 la estrella de Fidae 2012\" \/><\/p>\n","protected":false},"excerpt":{"rendered":"<p>(Aeronoticias).- El nuevo avi\u00f3n de pasajeros Boeing 787 \u00abDreamliner\u00bb ser\u00e1 la estrella de la pr\u00f3xima Feria Internacional del Aire y del Espacio 2012 (Fidae), evento que se realizar\u00e1 en el Grupo 10 de la FACh, a un costado del aeropuerto de Pudahuel, entre el 27 de marzo y el 1 de abril pr\u00f3ximo. El avi\u00f3n, [&hellip;]<\/p>\n","protected":false},"author":1,"featured_media":0,"comment_status":"open","ping_status":"open","sticky":false,"template":"","format":"standard","meta":{"tdm_status":"","tdm_grid_status":"","footnotes":""},"categories":[32],"tags":[],"class_list":{"0":"post-23484","1":"post","2":"type-post","3":"status-publish","4":"format-standard","6":"category-internacional"},"yoast_head":"<!-- This site is optimized with the Yoast SEO plugin v25.1 - https:\/\/yoast.com\/wordpress\/plugins\/seo\/ -->\n<title>Avi\u00f3n m\u00e1s moderno y ecol\u00f3gico de Boeing ser\u00e1 la estrella de Fidae 2012<\/title>\n<meta name=\"description\" content=\"Portal de noticias del Per\u00fa sobre el transporte a\u00e9reo, aviaci\u00f3n, turismo, hoteleria, actualidad.\" \/>\n<meta name=\"robots\" content=\"index, follow, max-snippet:-1, max-image-preview:large, max-video-preview:-1\" \/>\n<link rel=\"canonical\" href=\"https:\/\/aeronoticias.com.pe\/noticiero\/transporte-aereo\/internacional\/avion-mas-moderno-y-ecologico-de-boeing-sera-la-estrella-de-fidae-2012\/\" \/>\n<meta property=\"og:locale\" content=\"es_ES\" \/>\n<meta property=\"og:type\" content=\"article\" \/>\n<meta property=\"og:title\" content=\"Avi\u00f3n m\u00e1s moderno y ecol\u00f3gico de Boeing ser\u00e1 la estrella de Fidae 2012\" \/>\n<meta property=\"og:description\" content=\"Portal de noticias del Per\u00fa sobre el transporte a\u00e9reo, aviaci\u00f3n, turismo, hoteleria, actualidad.\" \/>\n<meta property=\"og:url\" content=\"https:\/\/aeronoticias.com.pe\/noticiero\/transporte-aereo\/internacional\/avion-mas-moderno-y-ecologico-de-boeing-sera-la-estrella-de-fidae-2012\/\" \/>\n<meta property=\"og:site_name\" content=\"Aeronoticias.com.pe\" \/>\n<meta property=\"article:publisher\" content=\"https:\/\/www.facebook.com\/Aeronoticias.com.pe\/\" \/>\n<meta property=\"article:published_time\" content=\"2012-02-15T15:31:59+00:00\" \/>\n<meta name=\"author\" content=\"Redacci\u00f3n Aeronoticias\" \/>\n<meta name=\"twitter:card\" content=\"summary_large_image\" \/>\n<meta name=\"twitter:creator\" content=\"@aeronoticias\" \/>\n<meta name=\"twitter:site\" content=\"@aeronoticias\" \/>\n<meta name=\"twitter:label1\" content=\"Escrito por\" \/>\n\t<meta name=\"twitter:data1\" content=\"Redacci\u00f3n Aeronoticias\" \/>\n\t<meta name=\"twitter:label2\" content=\"Tiempo de lectura\" \/>\n\t<meta name=\"twitter:data2\" content=\"2 minutos\" \/>\n<script type=\"application\/ld+json\" class=\"yoast-schema-graph\">{\"@context\":\"https:\/\/schema.org\",\"@graph\":[{\"@type\":\"WebPage\",\"@id\":\"https:\/\/aeronoticias.com.pe\/noticiero\/transporte-aereo\/internacional\/avion-mas-moderno-y-ecologico-de-boeing-sera-la-estrella-de-fidae-2012\/\",\"url\":\"https:\/\/aeronoticias.com.pe\/noticiero\/transporte-aereo\/internacional\/avion-mas-moderno-y-ecologico-de-boeing-sera-la-estrella-de-fidae-2012\/\",\"name\":\"Avi\u00f3n m\u00e1s moderno y ecol\u00f3gico de Boeing ser\u00e1 la estrella de Fidae 2012\",\"isPartOf\":{\"@id\":\"https:\/\/aeronoticias.com.pe\/noticiero\/#website\"},\"datePublished\":\"2012-02-15T15:31:59+00:00\",\"author\":{\"@id\":\"https:\/\/aeronoticias.com.pe\/noticiero\/#\/schema\/person\/fc1e5d578f4b62ba1cf7ac2bba1170a0\"},\"description\":\"Portal de noticias del Per\u00fa sobre el transporte a\u00e9reo, aviaci\u00f3n, turismo, hoteleria, actualidad.\",\"breadcrumb\":{\"@id\":\"https:\/\/aeronoticias.com.pe\/noticiero\/transporte-aereo\/internacional\/avion-mas-moderno-y-ecologico-de-boeing-sera-la-estrella-de-fidae-2012\/#breadcrumb\"},\"inLanguage\":\"es\",\"potentialAction\":[{\"@type\":\"ReadAction\",\"target\":[\"https:\/\/aeronoticias.com.pe\/noticiero\/transporte-aereo\/internacional\/avion-mas-moderno-y-ecologico-de-boeing-sera-la-estrella-de-fidae-2012\/\"]}]},{\"@type\":\"BreadcrumbList\",\"@id\":\"https:\/\/aeronoticias.com.pe\/noticiero\/transporte-aereo\/internacional\/avion-mas-moderno-y-ecologico-de-boeing-sera-la-estrella-de-fidae-2012\/#breadcrumb\",\"itemListElement\":[{\"@type\":\"ListItem\",\"position\":1,\"name\":\"Portada\",\"item\":\"https:\/\/aeronoticias.com.pe\/noticiero\/\"},{\"@type\":\"ListItem\",\"position\":2,\"name\":\"Avi\u00f3n m\u00e1s moderno y ecol\u00f3gico de Boeing ser\u00e1 la estrella de Fidae 2012\"}]},{\"@type\":\"WebSite\",\"@id\":\"https:\/\/aeronoticias.com.pe\/noticiero\/#website\",\"url\":\"https:\/\/aeronoticias.com.pe\/noticiero\/\",\"name\":\"Aeronoticias.com.pe\",\"description\":\"Noticias de tranporte aereo, turismo, hoteles, gastronomia, actualidad, internacional\",\"potentialAction\":[{\"@type\":\"SearchAction\",\"target\":{\"@type\":\"EntryPoint\",\"urlTemplate\":\"https:\/\/aeronoticias.com.pe\/noticiero\/?s={search_term_string}\"},\"query-input\":{\"@type\":\"PropertyValueSpecification\",\"valueRequired\":true,\"valueName\":\"search_term_string\"}}],\"inLanguage\":\"es\"},{\"@type\":\"Person\",\"@id\":\"https:\/\/aeronoticias.com.pe\/noticiero\/#\/schema\/person\/fc1e5d578f4b62ba1cf7ac2bba1170a0\",\"name\":\"Redacci\u00f3n Aeronoticias\",\"url\":\"https:\/\/aeronoticias.com.pe\/noticiero\/author\/piloto\/\"}]}<\/script>\n<!-- \/ Yoast SEO plugin. -->","yoast_head_json":{"title":"Avi\u00f3n m\u00e1s moderno y ecol\u00f3gico de Boeing ser\u00e1 la estrella de Fidae 2012","description":"Portal de noticias del Per\u00fa sobre el transporte a\u00e9reo, aviaci\u00f3n, turismo, hoteleria, actualidad.","robots":{"index":"index","follow":"follow","max-snippet":"max-snippet:-1","max-image-preview":"max-image-preview:large","max-video-preview":"max-video-preview:-1"},"canonical":"https:\/\/aeronoticias.com.pe\/noticiero\/transporte-aereo\/internacional\/avion-mas-moderno-y-ecologico-de-boeing-sera-la-estrella-de-fidae-2012\/","og_locale":"es_ES","og_type":"article","og_title":"Avi\u00f3n m\u00e1s moderno y ecol\u00f3gico de Boeing ser\u00e1 la estrella de Fidae 2012","og_description":"Portal de noticias del Per\u00fa sobre el transporte a\u00e9reo, aviaci\u00f3n, turismo, hoteleria, actualidad.","og_url":"https:\/\/aeronoticias.com.pe\/noticiero\/transporte-aereo\/internacional\/avion-mas-moderno-y-ecologico-de-boeing-sera-la-estrella-de-fidae-2012\/","og_site_name":"Aeronoticias.com.pe","article_publisher":"https:\/\/www.facebook.com\/Aeronoticias.com.pe\/","article_published_time":"2012-02-15T15:31:59+00:00","author":"Redacci\u00f3n Aeronoticias","twitter_card":"summary_large_image","twitter_creator":"@aeronoticias","twitter_site":"@aeronoticias","twitter_misc":{"Escrito por":"Redacci\u00f3n Aeronoticias","Tiempo de lectura":"2 minutos"},"schema":{"@context":"https:\/\/schema.org","@graph":[{"@type":"WebPage","@id":"https:\/\/aeronoticias.com.pe\/noticiero\/transporte-aereo\/internacional\/avion-mas-moderno-y-ecologico-de-boeing-sera-la-estrella-de-fidae-2012\/","url":"https:\/\/aeronoticias.com.pe\/noticiero\/transporte-aereo\/internacional\/avion-mas-moderno-y-ecologico-de-boeing-sera-la-estrella-de-fidae-2012\/","name":"Avi\u00f3n m\u00e1s moderno y ecol\u00f3gico de Boeing ser\u00e1 la estrella de Fidae 2012","isPartOf":{"@id":"https:\/\/aeronoticias.com.pe\/noticiero\/#website"},"datePublished":"2012-02-15T15:31:59+00:00","author":{"@id":"https:\/\/aeronoticias.com.pe\/noticiero\/#\/schema\/person\/fc1e5d578f4b62ba1cf7ac2bba1170a0"},"description":"Portal de noticias del Per\u00fa sobre el transporte a\u00e9reo, aviaci\u00f3n, turismo, hoteleria, actualidad.","breadcrumb":{"@id":"https:\/\/aeronoticias.com.pe\/noticiero\/transporte-aereo\/internacional\/avion-mas-moderno-y-ecologico-de-boeing-sera-la-estrella-de-fidae-2012\/#breadcrumb"},"inLanguage":"es","potentialAction":[{"@type":"ReadAction","target":["https:\/\/aeronoticias.com.pe\/noticiero\/transporte-aereo\/internacional\/avion-mas-moderno-y-ecologico-de-boeing-sera-la-estrella-de-fidae-2012\/"]}]},{"@type":"BreadcrumbList","@id":"https:\/\/aeronoticias.com.pe\/noticiero\/transporte-aereo\/internacional\/avion-mas-moderno-y-ecologico-de-boeing-sera-la-estrella-de-fidae-2012\/#breadcrumb","itemListElement":[{"@type":"ListItem","position":1,"name":"Portada","item":"https:\/\/aeronoticias.com.pe\/noticiero\/"},{"@type":"ListItem","position":2,"name":"Avi\u00f3n m\u00e1s moderno y ecol\u00f3gico de Boeing ser\u00e1 la estrella de Fidae 2012"}]},{"@type":"WebSite","@id":"https:\/\/aeronoticias.com.pe\/noticiero\/#website","url":"https:\/\/aeronoticias.com.pe\/noticiero\/","name":"Aeronoticias.com.pe","description":"Noticias de tranporte aereo, turismo, hoteles, gastronomia, actualidad, internacional","potentialAction":[{"@type":"SearchAction","target":{"@type":"EntryPoint","urlTemplate":"https:\/\/aeronoticias.com.pe\/noticiero\/?s={search_term_string}"},"query-input":{"@type":"PropertyValueSpecification","valueRequired":true,"valueName":"search_term_string"}}],"inLanguage":"es"},{"@type":"Person","@id":"https:\/\/aeronoticias.com.pe\/noticiero\/#\/schema\/person\/fc1e5d578f4b62ba1cf7ac2bba1170a0","name":"Redacci\u00f3n Aeronoticias","url":"https:\/\/aeronoticias.com.pe\/noticiero\/author\/piloto\/"}]}},"_links":{"self":[{"href":"https:\/\/aeronoticias.com.pe\/noticiero\/wp-json\/wp\/v2\/posts\/23484","targetHints":{"allow":["GET"]}}],"collection":[{"href":"https:\/\/aeronoticias.com.pe\/noticiero\/wp-json\/wp\/v2\/posts"}],"about":[{"href":"https:\/\/aeronoticias.com.pe\/noticiero\/wp-json\/wp\/v2\/types\/post"}],"author":[{"embeddable":true,"href":"https:\/\/aeronoticias.com.pe\/noticiero\/wp-json\/wp\/v2\/users\/1"}],"replies":[{"embeddable":true,"href":"https:\/\/aeronoticias.com.pe\/noticiero\/wp-json\/wp\/v2\/comments?post=23484"}],"version-history":[{"count":0,"href":"https:\/\/aeronoticias.com.pe\/noticiero\/wp-json\/wp\/v2\/posts\/23484\/revisions"}],"wp:attachment":[{"href":"https:\/\/aeronoticias.com.pe\/noticiero\/wp-json\/wp\/v2\/media?parent=23484"}],"wp:term":[{"taxonomy":"category","embeddable":true,"href":"https:\/\/aeronoticias.com.pe\/noticiero\/wp-json\/wp\/v2\/categories?post=23484"},{"taxonomy":"post_tag","embeddable":true,"href":"https:\/\/aeronoticias.com.pe\/noticiero\/wp-json\/wp\/v2\/tags?post=23484"}],"curies":[{"name":"wp","href":"https:\/\/api.w.org\/{rel}","templated":true}]}}