{"id":23547,"date":"2012-02-17T14:51:33","date_gmt":"2012-02-17T14:51:33","guid":{"rendered":"http:\/\/desarrollo.mcvicious.com\/aero2020\/2012\/02\/17\/obama-visita-fabrica-de-empresa-boeing-en-washington\/"},"modified":"2012-02-17T14:51:33","modified_gmt":"2012-02-17T14:51:33","slug":"obama-visita-fabrica-de-empresa-boeing-en-washington","status":"publish","type":"post","link":"https:\/\/aeronoticias.com.pe\/noticiero\/internacionales\/obama-visita-fabrica-de-empresa-boeing-en-washington\/","title":{"rendered":"Obama visita f\u00e1brica de empresa Boeing en Washington"},"content":{"rendered":"<p style=\"text-align: justify;\"><strong>(Aeronoticias).-<\/strong> El presidente estadounidense, Barack Obama, visitar\u00e1 hoy la planta del consorcio Boeing en el estado de Washington, donde en 2011 surgi\u00f3 una disputa sindical con cr\u00edticas colaterales a la administraci\u00f3n federal del mandatario dem\u00f3crata. Una comunicaci\u00f3n de la Casa Blanca precis\u00f3 que el jefe de Estado viajar\u00e1 hasta la localidad de Everett para discutir con los obreros nuevos programas gubernamentales para relanzar la econom\u00eda de Estados Unidos y otros relacionados con la importaci\u00f3n de manufacturas.<\/p>\n<p>El a\u00f1o pasado el Bur\u00f3 Nacional de Relaciones Laborales (BNRL), un panel adscrito a la Oficina Oval, pero con cierta autonom\u00eda, plante\u00f3 una acusaci\u00f3n formal contra la corporaci\u00f3n Boeing, luego que la firma intent\u00f3 cambiar de sede en Washington para eludir presiones sindicales.<\/p>\n<p>Tal imputaci\u00f3n caus\u00f3 una reacci\u00f3n de la bancada republicana y de una parte del sector privado, que acusaron al gobierno de Obama de querer inmiscuirse en las decisiones empresariales.<\/p>\n<p>  <!--more-->  <\/p>\n<p style=\"text-align: justify;\">Bajo la amplificaci\u00f3n medi\u00e1tica, la pol\u00e9mica se torn\u00f3 nacional y el primer mandatario tuvo que explicar en p\u00fablico que el BNRL debe mantenerse como una agencia independiente y solo interceder para lograr acuerdos entre trabajadores y patronos. La visita de Obama ocurre cuatro d\u00edas despu\u00e9s que el Presidente presentara un presupuesto nacional por 3,8 billones de d\u00f3lares, que sus detractores han calificado de populista porque aumenta impuestos a los ricos y destina millones a subsidios para medianas empresas.<\/p>\n<p>El Ejecutivo norteamericano defendi\u00f3 unas cuentas para 2013 con una inversi\u00f3n en infraestructuras de 476 mil millones d\u00f3lares, y 350 mil millones m\u00e1s destinados a medidas de est\u00edmulo de empleo. Otras cifras destacables son los ocho mil millones presupuestados para las universidades. Igualmente Obama evoc\u00f3 su tema del discurso sobre el Estado de la Uni\u00f3n y propuso eliminar las exenciones fiscales a las familias con ingresos superiores a 250 mil d\u00f3lares anuales. En lo que promete convertirse en una nueva batalla electoral, los l\u00edderes republicanos en la C\u00e1mara de Representantes ya declararon que no aprobar\u00e1n tales c\u00e1lculos monetarios. Fuente: www.prensa-latina.cu<\/p>\n<p style=\"text-align: justify;\"><img decoding=\"async\" src=\"images\/stories\/12\/02\/170212\/boeing_fabrica.jpg\" border=\"0\" alt=\"Obama visita f\u00e1brica de empresa Boeing en Washington\" title=\"Obama visita f\u00e1brica de empresa Boeing en Washington\" \/><\/p>\n","protected":false},"excerpt":{"rendered":"<p>(Aeronoticias).- El presidente estadounidense, Barack Obama, visitar\u00e1 hoy la planta del consorcio Boeing en el estado de Washington, donde en 2011 surgi\u00f3 una disputa sindical con cr\u00edticas colaterales a la administraci\u00f3n federal del mandatario dem\u00f3crata. Una comunicaci\u00f3n de la Casa Blanca precis\u00f3 que el jefe de Estado viajar\u00e1 hasta la localidad de Everett para discutir [&hellip;]<\/p>\n","protected":false},"author":1,"featured_media":0,"comment_status":"open","ping_status":"open","sticky":false,"template":"","format":"standard","meta":{"tdm_status":"","tdm_grid_status":"","footnotes":""},"categories":[34],"tags":[],"class_list":{"0":"post-23547","1":"post","2":"type-post","3":"status-publish","4":"format-standard","6":"category-internacionales"},"yoast_head":"<!-- This site is optimized with the Yoast SEO plugin v25.1 - https:\/\/yoast.com\/wordpress\/plugins\/seo\/ -->\n<title>Obama visita f\u00e1brica de empresa Boeing en Washington<\/title>\n<meta name=\"description\" content=\"Portal de noticias del Per\u00fa sobre el transporte a\u00e9reo, aviaci\u00f3n, turismo, hoteleria, actualidad.\" \/>\n<meta name=\"robots\" content=\"index, follow, max-snippet:-1, max-image-preview:large, max-video-preview:-1\" \/>\n<link rel=\"canonical\" href=\"https:\/\/aeronoticias.com.pe\/noticiero\/internacionales\/obama-visita-fabrica-de-empresa-boeing-en-washington\/\" \/>\n<meta property=\"og:locale\" content=\"es_ES\" \/>\n<meta property=\"og:type\" content=\"article\" \/>\n<meta property=\"og:title\" content=\"Obama visita f\u00e1brica de empresa Boeing en Washington\" \/>\n<meta property=\"og:description\" content=\"Portal de noticias del Per\u00fa sobre el transporte a\u00e9reo, aviaci\u00f3n, turismo, hoteleria, actualidad.\" \/>\n<meta property=\"og:url\" content=\"https:\/\/aeronoticias.com.pe\/noticiero\/internacionales\/obama-visita-fabrica-de-empresa-boeing-en-washington\/\" \/>\n<meta property=\"og:site_name\" content=\"Aeronoticias.com.pe\" \/>\n<meta property=\"article:publisher\" content=\"https:\/\/www.facebook.com\/Aeronoticias.com.pe\/\" \/>\n<meta property=\"article:published_time\" content=\"2012-02-17T14:51:33+00:00\" \/>\n<meta name=\"author\" content=\"Redacci\u00f3n Aeronoticias\" \/>\n<meta name=\"twitter:card\" content=\"summary_large_image\" \/>\n<meta name=\"twitter:creator\" content=\"@aeronoticias\" \/>\n<meta name=\"twitter:site\" content=\"@aeronoticias\" \/>\n<meta name=\"twitter:label1\" content=\"Escrito por\" \/>\n\t<meta name=\"twitter:data1\" content=\"Redacci\u00f3n Aeronoticias\" \/>\n\t<meta name=\"twitter:label2\" content=\"Tiempo de lectura\" \/>\n\t<meta name=\"twitter:data2\" content=\"2 minutos\" \/>\n<script type=\"application\/ld+json\" class=\"yoast-schema-graph\">{\"@context\":\"https:\/\/schema.org\",\"@graph\":[{\"@type\":\"WebPage\",\"@id\":\"https:\/\/aeronoticias.com.pe\/noticiero\/internacionales\/obama-visita-fabrica-de-empresa-boeing-en-washington\/\",\"url\":\"https:\/\/aeronoticias.com.pe\/noticiero\/internacionales\/obama-visita-fabrica-de-empresa-boeing-en-washington\/\",\"name\":\"Obama visita f\u00e1brica de empresa Boeing en Washington\",\"isPartOf\":{\"@id\":\"https:\/\/aeronoticias.com.pe\/noticiero\/#website\"},\"datePublished\":\"2012-02-17T14:51:33+00:00\",\"author\":{\"@id\":\"https:\/\/aeronoticias.com.pe\/noticiero\/#\/schema\/person\/fc1e5d578f4b62ba1cf7ac2bba1170a0\"},\"description\":\"Portal de noticias del Per\u00fa sobre el transporte a\u00e9reo, aviaci\u00f3n, turismo, hoteleria, actualidad.\",\"breadcrumb\":{\"@id\":\"https:\/\/aeronoticias.com.pe\/noticiero\/internacionales\/obama-visita-fabrica-de-empresa-boeing-en-washington\/#breadcrumb\"},\"inLanguage\":\"es\",\"potentialAction\":[{\"@type\":\"ReadAction\",\"target\":[\"https:\/\/aeronoticias.com.pe\/noticiero\/internacionales\/obama-visita-fabrica-de-empresa-boeing-en-washington\/\"]}]},{\"@type\":\"BreadcrumbList\",\"@id\":\"https:\/\/aeronoticias.com.pe\/noticiero\/internacionales\/obama-visita-fabrica-de-empresa-boeing-en-washington\/#breadcrumb\",\"itemListElement\":[{\"@type\":\"ListItem\",\"position\":1,\"name\":\"Portada\",\"item\":\"https:\/\/aeronoticias.com.pe\/noticiero\/\"},{\"@type\":\"ListItem\",\"position\":2,\"name\":\"Obama visita f\u00e1brica de empresa Boeing en Washington\"}]},{\"@type\":\"WebSite\",\"@id\":\"https:\/\/aeronoticias.com.pe\/noticiero\/#website\",\"url\":\"https:\/\/aeronoticias.com.pe\/noticiero\/\",\"name\":\"Aeronoticias.com.pe\",\"description\":\"Noticias de tranporte aereo, turismo, hoteles, gastronomia, actualidad, internacional\",\"potentialAction\":[{\"@type\":\"SearchAction\",\"target\":{\"@type\":\"EntryPoint\",\"urlTemplate\":\"https:\/\/aeronoticias.com.pe\/noticiero\/?s={search_term_string}\"},\"query-input\":{\"@type\":\"PropertyValueSpecification\",\"valueRequired\":true,\"valueName\":\"search_term_string\"}}],\"inLanguage\":\"es\"},{\"@type\":\"Person\",\"@id\":\"https:\/\/aeronoticias.com.pe\/noticiero\/#\/schema\/person\/fc1e5d578f4b62ba1cf7ac2bba1170a0\",\"name\":\"Redacci\u00f3n Aeronoticias\",\"url\":\"https:\/\/aeronoticias.com.pe\/noticiero\/author\/piloto\/\"}]}<\/script>\n<!-- \/ Yoast SEO plugin. -->","yoast_head_json":{"title":"Obama visita f\u00e1brica de empresa Boeing en Washington","description":"Portal de noticias del Per\u00fa sobre el transporte a\u00e9reo, aviaci\u00f3n, turismo, hoteleria, actualidad.","robots":{"index":"index","follow":"follow","max-snippet":"max-snippet:-1","max-image-preview":"max-image-preview:large","max-video-preview":"max-video-preview:-1"},"canonical":"https:\/\/aeronoticias.com.pe\/noticiero\/internacionales\/obama-visita-fabrica-de-empresa-boeing-en-washington\/","og_locale":"es_ES","og_type":"article","og_title":"Obama visita f\u00e1brica de empresa Boeing en Washington","og_description":"Portal de noticias del Per\u00fa sobre el transporte a\u00e9reo, aviaci\u00f3n, turismo, hoteleria, actualidad.","og_url":"https:\/\/aeronoticias.com.pe\/noticiero\/internacionales\/obama-visita-fabrica-de-empresa-boeing-en-washington\/","og_site_name":"Aeronoticias.com.pe","article_publisher":"https:\/\/www.facebook.com\/Aeronoticias.com.pe\/","article_published_time":"2012-02-17T14:51:33+00:00","author":"Redacci\u00f3n Aeronoticias","twitter_card":"summary_large_image","twitter_creator":"@aeronoticias","twitter_site":"@aeronoticias","twitter_misc":{"Escrito por":"Redacci\u00f3n Aeronoticias","Tiempo de lectura":"2 minutos"},"schema":{"@context":"https:\/\/schema.org","@graph":[{"@type":"WebPage","@id":"https:\/\/aeronoticias.com.pe\/noticiero\/internacionales\/obama-visita-fabrica-de-empresa-boeing-en-washington\/","url":"https:\/\/aeronoticias.com.pe\/noticiero\/internacionales\/obama-visita-fabrica-de-empresa-boeing-en-washington\/","name":"Obama visita f\u00e1brica de empresa Boeing en Washington","isPartOf":{"@id":"https:\/\/aeronoticias.com.pe\/noticiero\/#website"},"datePublished":"2012-02-17T14:51:33+00:00","author":{"@id":"https:\/\/aeronoticias.com.pe\/noticiero\/#\/schema\/person\/fc1e5d578f4b62ba1cf7ac2bba1170a0"},"description":"Portal de noticias del Per\u00fa sobre el transporte a\u00e9reo, aviaci\u00f3n, turismo, hoteleria, actualidad.","breadcrumb":{"@id":"https:\/\/aeronoticias.com.pe\/noticiero\/internacionales\/obama-visita-fabrica-de-empresa-boeing-en-washington\/#breadcrumb"},"inLanguage":"es","potentialAction":[{"@type":"ReadAction","target":["https:\/\/aeronoticias.com.pe\/noticiero\/internacionales\/obama-visita-fabrica-de-empresa-boeing-en-washington\/"]}]},{"@type":"BreadcrumbList","@id":"https:\/\/aeronoticias.com.pe\/noticiero\/internacionales\/obama-visita-fabrica-de-empresa-boeing-en-washington\/#breadcrumb","itemListElement":[{"@type":"ListItem","position":1,"name":"Portada","item":"https:\/\/aeronoticias.com.pe\/noticiero\/"},{"@type":"ListItem","position":2,"name":"Obama visita f\u00e1brica de empresa Boeing en Washington"}]},{"@type":"WebSite","@id":"https:\/\/aeronoticias.com.pe\/noticiero\/#website","url":"https:\/\/aeronoticias.com.pe\/noticiero\/","name":"Aeronoticias.com.pe","description":"Noticias de tranporte aereo, turismo, hoteles, gastronomia, actualidad, internacional","potentialAction":[{"@type":"SearchAction","target":{"@type":"EntryPoint","urlTemplate":"https:\/\/aeronoticias.com.pe\/noticiero\/?s={search_term_string}"},"query-input":{"@type":"PropertyValueSpecification","valueRequired":true,"valueName":"search_term_string"}}],"inLanguage":"es"},{"@type":"Person","@id":"https:\/\/aeronoticias.com.pe\/noticiero\/#\/schema\/person\/fc1e5d578f4b62ba1cf7ac2bba1170a0","name":"Redacci\u00f3n Aeronoticias","url":"https:\/\/aeronoticias.com.pe\/noticiero\/author\/piloto\/"}]}},"_links":{"self":[{"href":"https:\/\/aeronoticias.com.pe\/noticiero\/wp-json\/wp\/v2\/posts\/23547","targetHints":{"allow":["GET"]}}],"collection":[{"href":"https:\/\/aeronoticias.com.pe\/noticiero\/wp-json\/wp\/v2\/posts"}],"about":[{"href":"https:\/\/aeronoticias.com.pe\/noticiero\/wp-json\/wp\/v2\/types\/post"}],"author":[{"embeddable":true,"href":"https:\/\/aeronoticias.com.pe\/noticiero\/wp-json\/wp\/v2\/users\/1"}],"replies":[{"embeddable":true,"href":"https:\/\/aeronoticias.com.pe\/noticiero\/wp-json\/wp\/v2\/comments?post=23547"}],"version-history":[{"count":0,"href":"https:\/\/aeronoticias.com.pe\/noticiero\/wp-json\/wp\/v2\/posts\/23547\/revisions"}],"wp:attachment":[{"href":"https:\/\/aeronoticias.com.pe\/noticiero\/wp-json\/wp\/v2\/media?parent=23547"}],"wp:term":[{"taxonomy":"category","embeddable":true,"href":"https:\/\/aeronoticias.com.pe\/noticiero\/wp-json\/wp\/v2\/categories?post=23547"},{"taxonomy":"post_tag","embeddable":true,"href":"https:\/\/aeronoticias.com.pe\/noticiero\/wp-json\/wp\/v2\/tags?post=23547"}],"curies":[{"name":"wp","href":"https:\/\/api.w.org\/{rel}","templated":true}]}}