{"id":23549,"date":"2012-02-17T15:04:10","date_gmt":"2012-02-17T15:04:10","guid":{"rendered":"http:\/\/desarrollo.mcvicious.com\/aero2020\/2012\/02\/17\/el-loco-vargas-admite-estar-separado-de-su-esposa\/"},"modified":"2012-02-17T15:04:10","modified_gmt":"2012-02-17T15:04:10","slug":"el-loco-vargas-admite-estar-separado-de-su-esposa","status":"publish","type":"post","link":"https:\/\/aeronoticias.com.pe\/noticiero\/espectaculos\/el-loco-vargas-admite-estar-separado-de-su-esposa\/","title":{"rendered":"El &#8216;Loco&#8217; Vargas admite estar separado de su esposa"},"content":{"rendered":"<p style=\"text-align: justify;\"><strong>(Aeronoticias).-<\/strong> El futbolista peruano Juan Manuel Vargas, llamado \u00abLoco\u00bb est\u00e1 cansado de los rumores sobre su vida privada y fastidiado por la publicaci\u00f3n de las fotos de sus menores hijas, as\u00ed que decidi\u00f3 hablar y admiti\u00f3 que est\u00e1 separado de su esposa y madre de sus hijos Blanca Rodr\u00edguez.<\/p>\n<p>\u201cHace alg\u00fan tiempo estoy separado, yo no voy a dar m\u00e1s detalles y fechas, ac\u00e1 se han manchado honras de personas y de familias\u201d, indic\u00f3 el futbolista desde Italia al programa de TV \u201cEnemigos P\u00fablicos\u201d.<\/p>\n<p>Juan Manuel Vargas ha sido vinculado en las \u00faltimas semanas con la modelo Tilsa Lozano, quien ha jugado al misterio al respecto. En su comunicaci\u00f3n de este mi\u00e9rcoles, el futbolista tampoco aclar\u00f3 el tema y menos mencion\u00f3 nombres, sin embargo pidi\u00f3 \u201cdisculpas\u201d y se declar\u00f3 responsable de sus actos.<\/p>\n<p>\u201cNo supe manejar esa situaci\u00f3n porque soy un ser humano como cualquiera, y en estos casos pido disculpas si mis decisiones afectaron a los dem\u00e1s. (&#8230;) Jam\u00e1s he estado metido en estos temas. Se ha estado manoseando mucho mi nombre, y normal, yo acepto mis actos, me hago responsable y yo s\u00e9 que mis decisiones han afectado a la gente y pido disculpas\u201d, expres\u00f3.<\/p>\n<p>  <!--more-->  <\/p>\n<p style=\"text-align: justify;\">\u201cReconozco mis errores, reconozco mis actos, como te digo no supe manejar una situaci\u00f3n as\u00ed, pero son cosas que pasan. Solamente me quiero concentrar en la selecci\u00f3n\u201d, a\u00f1adi\u00f3.<br \/>\u201cLos rumores siempre est\u00e1n, ya hab\u00eda pasado con varios compa\u00f1eros, esto es parte de la vida nuestra. A m\u00ed me importa lo que diga mi familia, mi mam\u00e1, la gente que realmente me quiere, y el resto no me interesa\u201d, afirm\u00f3 Vargas quien pareci\u00f3 estar sollozando.<\/p>\n<p>El \u00abLoco\u00bb Vargas indic\u00f3 que es la \u201cprimera y \u00faltima vez\u201d que declara algo sobre el tema, y se\u00f1al\u00f3 que solo lo hace porque un medio public\u00f3 fotos de su esposa con sus hijos. <\/p>\n<p>\u201cHan salido fotos de mis hijos y eso ya lleg\u00f3 a un l\u00edmite, por m\u00e1s que le pongan una sombra tap\u00e1ndole la cara. No me asustan los dimes y diretes, no le tengo miedo a nadie ni a nada, pero no quiero que se metan con mis hijos\u201d, indic\u00f3, aunque dijo que no tomar\u00e1 acciones legales.<\/p>\n<p>Adem\u00e1s afirm\u00f3 por \u00faltimo, que nunca le falt\u00f3 el respeto al t\u00e9cnico de la selecci\u00f3n, Sergio Markari\u00e1n, ni cometi\u00f3 actos de indisciplina. \u201cSi hubiera faltado el respeto yo mismo me hubiera alejado de la selecci\u00f3n, o Markari\u00e1n me hubiera sacado. Soy un profesional, he tenido altibajos como todos, quisiera tener el mismo nivel siempre, pero a veces las cosas personales hacen que el motor no funcione bien, quiero a mi pa\u00eds y jam\u00e1s manchar\u00eda el nombre de la selecci\u00f3n\u201d<\/p>\n<p style=\"text-align: justify;\"><img decoding=\"async\" src=\"images\/stories\/12\/02\/170212\/loco_vargas.jpg\" border=\"0\" alt=\"El 'Loco Vargas' admite estar separado de su esposa\" title=\"El 'Loco Vargas' admite estar separado de su esposa\" \/><\/p>\n","protected":false},"excerpt":{"rendered":"<p>(Aeronoticias).- El futbolista peruano Juan Manuel Vargas, llamado \u00abLoco\u00bb est\u00e1 cansado de los rumores sobre su vida privada y fastidiado por la publicaci\u00f3n de las fotos de sus menores hijas, as\u00ed que decidi\u00f3 hablar y admiti\u00f3 que est\u00e1 separado de su esposa y madre de sus hijos Blanca Rodr\u00edguez. \u201cHace alg\u00fan tiempo estoy separado, yo [&hellip;]<\/p>\n","protected":false},"author":1,"featured_media":0,"comment_status":"open","ping_status":"open","sticky":false,"template":"","format":"standard","meta":{"tdm_status":"","tdm_grid_status":"","footnotes":""},"categories":[41],"tags":[],"class_list":{"0":"post-23549","1":"post","2":"type-post","3":"status-publish","4":"format-standard","6":"category-espectaculos"},"yoast_head":"<!-- This site is optimized with the Yoast SEO plugin v25.1 - https:\/\/yoast.com\/wordpress\/plugins\/seo\/ -->\n<title>El &#039;Loco&#039; Vargas admite estar separado de su esposa<\/title>\n<meta name=\"description\" content=\"Portal de noticias del Per\u00fa sobre el transporte a\u00e9reo, aviaci\u00f3n, turismo, hoteleria, actualidad.\" \/>\n<meta name=\"robots\" content=\"index, follow, max-snippet:-1, max-image-preview:large, max-video-preview:-1\" \/>\n<link rel=\"canonical\" href=\"https:\/\/aeronoticias.com.pe\/noticiero\/espectaculos\/el-loco-vargas-admite-estar-separado-de-su-esposa\/\" \/>\n<meta property=\"og:locale\" content=\"es_ES\" \/>\n<meta property=\"og:type\" content=\"article\" \/>\n<meta property=\"og:title\" content=\"El &#039;Loco&#039; Vargas admite estar separado de su esposa\" \/>\n<meta property=\"og:description\" content=\"Portal de noticias del Per\u00fa sobre el transporte a\u00e9reo, aviaci\u00f3n, turismo, hoteleria, actualidad.\" \/>\n<meta property=\"og:url\" content=\"https:\/\/aeronoticias.com.pe\/noticiero\/espectaculos\/el-loco-vargas-admite-estar-separado-de-su-esposa\/\" \/>\n<meta property=\"og:site_name\" content=\"Aeronoticias.com.pe\" \/>\n<meta property=\"article:publisher\" content=\"https:\/\/www.facebook.com\/Aeronoticias.com.pe\/\" \/>\n<meta property=\"article:published_time\" content=\"2012-02-17T15:04:10+00:00\" \/>\n<meta name=\"author\" content=\"Redacci\u00f3n Aeronoticias\" \/>\n<meta name=\"twitter:card\" content=\"summary_large_image\" \/>\n<meta name=\"twitter:creator\" content=\"@aeronoticias\" \/>\n<meta name=\"twitter:site\" content=\"@aeronoticias\" \/>\n<meta name=\"twitter:label1\" content=\"Escrito por\" \/>\n\t<meta name=\"twitter:data1\" content=\"Redacci\u00f3n Aeronoticias\" \/>\n\t<meta name=\"twitter:label2\" content=\"Tiempo de lectura\" \/>\n\t<meta name=\"twitter:data2\" content=\"2 minutos\" \/>\n<script type=\"application\/ld+json\" class=\"yoast-schema-graph\">{\"@context\":\"https:\/\/schema.org\",\"@graph\":[{\"@type\":\"WebPage\",\"@id\":\"https:\/\/aeronoticias.com.pe\/noticiero\/espectaculos\/el-loco-vargas-admite-estar-separado-de-su-esposa\/\",\"url\":\"https:\/\/aeronoticias.com.pe\/noticiero\/espectaculos\/el-loco-vargas-admite-estar-separado-de-su-esposa\/\",\"name\":\"El 'Loco' Vargas admite estar separado de su esposa\",\"isPartOf\":{\"@id\":\"https:\/\/aeronoticias.com.pe\/noticiero\/#website\"},\"datePublished\":\"2012-02-17T15:04:10+00:00\",\"author\":{\"@id\":\"https:\/\/aeronoticias.com.pe\/noticiero\/#\/schema\/person\/fc1e5d578f4b62ba1cf7ac2bba1170a0\"},\"description\":\"Portal de noticias del Per\u00fa sobre el transporte a\u00e9reo, aviaci\u00f3n, turismo, hoteleria, actualidad.\",\"breadcrumb\":{\"@id\":\"https:\/\/aeronoticias.com.pe\/noticiero\/espectaculos\/el-loco-vargas-admite-estar-separado-de-su-esposa\/#breadcrumb\"},\"inLanguage\":\"es\",\"potentialAction\":[{\"@type\":\"ReadAction\",\"target\":[\"https:\/\/aeronoticias.com.pe\/noticiero\/espectaculos\/el-loco-vargas-admite-estar-separado-de-su-esposa\/\"]}]},{\"@type\":\"BreadcrumbList\",\"@id\":\"https:\/\/aeronoticias.com.pe\/noticiero\/espectaculos\/el-loco-vargas-admite-estar-separado-de-su-esposa\/#breadcrumb\",\"itemListElement\":[{\"@type\":\"ListItem\",\"position\":1,\"name\":\"Portada\",\"item\":\"https:\/\/aeronoticias.com.pe\/noticiero\/\"},{\"@type\":\"ListItem\",\"position\":2,\"name\":\"El &#8216;Loco&#8217; Vargas admite estar separado de su esposa\"}]},{\"@type\":\"WebSite\",\"@id\":\"https:\/\/aeronoticias.com.pe\/noticiero\/#website\",\"url\":\"https:\/\/aeronoticias.com.pe\/noticiero\/\",\"name\":\"Aeronoticias.com.pe\",\"description\":\"Noticias de tranporte aereo, turismo, hoteles, gastronomia, actualidad, internacional\",\"potentialAction\":[{\"@type\":\"SearchAction\",\"target\":{\"@type\":\"EntryPoint\",\"urlTemplate\":\"https:\/\/aeronoticias.com.pe\/noticiero\/?s={search_term_string}\"},\"query-input\":{\"@type\":\"PropertyValueSpecification\",\"valueRequired\":true,\"valueName\":\"search_term_string\"}}],\"inLanguage\":\"es\"},{\"@type\":\"Person\",\"@id\":\"https:\/\/aeronoticias.com.pe\/noticiero\/#\/schema\/person\/fc1e5d578f4b62ba1cf7ac2bba1170a0\",\"name\":\"Redacci\u00f3n Aeronoticias\",\"url\":\"https:\/\/aeronoticias.com.pe\/noticiero\/author\/piloto\/\"}]}<\/script>\n<!-- \/ Yoast SEO plugin. -->","yoast_head_json":{"title":"El 'Loco' Vargas admite estar separado de su esposa","description":"Portal de noticias del Per\u00fa sobre el transporte a\u00e9reo, aviaci\u00f3n, turismo, hoteleria, actualidad.","robots":{"index":"index","follow":"follow","max-snippet":"max-snippet:-1","max-image-preview":"max-image-preview:large","max-video-preview":"max-video-preview:-1"},"canonical":"https:\/\/aeronoticias.com.pe\/noticiero\/espectaculos\/el-loco-vargas-admite-estar-separado-de-su-esposa\/","og_locale":"es_ES","og_type":"article","og_title":"El 'Loco' Vargas admite estar separado de su esposa","og_description":"Portal de noticias del Per\u00fa sobre el transporte a\u00e9reo, aviaci\u00f3n, turismo, hoteleria, actualidad.","og_url":"https:\/\/aeronoticias.com.pe\/noticiero\/espectaculos\/el-loco-vargas-admite-estar-separado-de-su-esposa\/","og_site_name":"Aeronoticias.com.pe","article_publisher":"https:\/\/www.facebook.com\/Aeronoticias.com.pe\/","article_published_time":"2012-02-17T15:04:10+00:00","author":"Redacci\u00f3n Aeronoticias","twitter_card":"summary_large_image","twitter_creator":"@aeronoticias","twitter_site":"@aeronoticias","twitter_misc":{"Escrito por":"Redacci\u00f3n Aeronoticias","Tiempo de lectura":"2 minutos"},"schema":{"@context":"https:\/\/schema.org","@graph":[{"@type":"WebPage","@id":"https:\/\/aeronoticias.com.pe\/noticiero\/espectaculos\/el-loco-vargas-admite-estar-separado-de-su-esposa\/","url":"https:\/\/aeronoticias.com.pe\/noticiero\/espectaculos\/el-loco-vargas-admite-estar-separado-de-su-esposa\/","name":"El 'Loco' Vargas admite estar separado de su esposa","isPartOf":{"@id":"https:\/\/aeronoticias.com.pe\/noticiero\/#website"},"datePublished":"2012-02-17T15:04:10+00:00","author":{"@id":"https:\/\/aeronoticias.com.pe\/noticiero\/#\/schema\/person\/fc1e5d578f4b62ba1cf7ac2bba1170a0"},"description":"Portal de noticias del Per\u00fa sobre el transporte a\u00e9reo, aviaci\u00f3n, turismo, hoteleria, actualidad.","breadcrumb":{"@id":"https:\/\/aeronoticias.com.pe\/noticiero\/espectaculos\/el-loco-vargas-admite-estar-separado-de-su-esposa\/#breadcrumb"},"inLanguage":"es","potentialAction":[{"@type":"ReadAction","target":["https:\/\/aeronoticias.com.pe\/noticiero\/espectaculos\/el-loco-vargas-admite-estar-separado-de-su-esposa\/"]}]},{"@type":"BreadcrumbList","@id":"https:\/\/aeronoticias.com.pe\/noticiero\/espectaculos\/el-loco-vargas-admite-estar-separado-de-su-esposa\/#breadcrumb","itemListElement":[{"@type":"ListItem","position":1,"name":"Portada","item":"https:\/\/aeronoticias.com.pe\/noticiero\/"},{"@type":"ListItem","position":2,"name":"El &#8216;Loco&#8217; Vargas admite estar separado de su esposa"}]},{"@type":"WebSite","@id":"https:\/\/aeronoticias.com.pe\/noticiero\/#website","url":"https:\/\/aeronoticias.com.pe\/noticiero\/","name":"Aeronoticias.com.pe","description":"Noticias de tranporte aereo, turismo, hoteles, gastronomia, actualidad, internacional","potentialAction":[{"@type":"SearchAction","target":{"@type":"EntryPoint","urlTemplate":"https:\/\/aeronoticias.com.pe\/noticiero\/?s={search_term_string}"},"query-input":{"@type":"PropertyValueSpecification","valueRequired":true,"valueName":"search_term_string"}}],"inLanguage":"es"},{"@type":"Person","@id":"https:\/\/aeronoticias.com.pe\/noticiero\/#\/schema\/person\/fc1e5d578f4b62ba1cf7ac2bba1170a0","name":"Redacci\u00f3n Aeronoticias","url":"https:\/\/aeronoticias.com.pe\/noticiero\/author\/piloto\/"}]}},"_links":{"self":[{"href":"https:\/\/aeronoticias.com.pe\/noticiero\/wp-json\/wp\/v2\/posts\/23549","targetHints":{"allow":["GET"]}}],"collection":[{"href":"https:\/\/aeronoticias.com.pe\/noticiero\/wp-json\/wp\/v2\/posts"}],"about":[{"href":"https:\/\/aeronoticias.com.pe\/noticiero\/wp-json\/wp\/v2\/types\/post"}],"author":[{"embeddable":true,"href":"https:\/\/aeronoticias.com.pe\/noticiero\/wp-json\/wp\/v2\/users\/1"}],"replies":[{"embeddable":true,"href":"https:\/\/aeronoticias.com.pe\/noticiero\/wp-json\/wp\/v2\/comments?post=23549"}],"version-history":[{"count":0,"href":"https:\/\/aeronoticias.com.pe\/noticiero\/wp-json\/wp\/v2\/posts\/23549\/revisions"}],"wp:attachment":[{"href":"https:\/\/aeronoticias.com.pe\/noticiero\/wp-json\/wp\/v2\/media?parent=23549"}],"wp:term":[{"taxonomy":"category","embeddable":true,"href":"https:\/\/aeronoticias.com.pe\/noticiero\/wp-json\/wp\/v2\/categories?post=23549"},{"taxonomy":"post_tag","embeddable":true,"href":"https:\/\/aeronoticias.com.pe\/noticiero\/wp-json\/wp\/v2\/tags?post=23549"}],"curies":[{"name":"wp","href":"https:\/\/api.w.org\/{rel}","templated":true}]}}