{"id":24000,"date":"2012-03-05T14:34:22","date_gmt":"2012-03-05T14:34:22","guid":{"rendered":"http:\/\/desarrollo.mcvicious.com\/aero2020\/2012\/03\/05\/autoridades-pasquenas-invitan-a-turistas-nacionales-y-extranjeros-a-visitar-su-ciudad\/"},"modified":"2012-03-05T14:34:22","modified_gmt":"2012-03-05T14:34:22","slug":"autoridades-pasquenas-invitan-a-turistas-nacionales-y-extranjeros-a-visitar-su-ciudad","status":"publish","type":"post","link":"https:\/\/aeronoticias.com.pe\/noticiero\/turismo\/13\/autoridades-pasquenas-invitan-a-turistas-nacionales-y-extranjeros-a-visitar-su-ciudad\/","title":{"rendered":"Autoridades pasque\u00f1as invitan a turistas nacionales y extranjeros a visitar su ciudad"},"content":{"rendered":"<p style=\"text-align: justify;\"><strong>(Aeronoticias).-<\/strong> Diversas Autoridades del departamento de Pasco, reunidas en Lima invitaron tanto a turistas nacionales como extranjeros a visitar la mencionada ciudad y \u00a0participar en la festividad del d\u00e9cimo tercer Festival de la Herranza Pasque\u00f1a, que fue lanzada por primera vez desde el patio de honor de Palacio de Gobierno.<\/p>\n<p style=\"text-align: justify;\">Rudy Callupe, alcalde de Sim\u00f3n Bol\u00edvar, distrito de la provincia de Pasco, explic\u00f3 que dicha celebraci\u00f3n se llevar\u00e1 a cabo del 16 al 18 de marzo,y \u00a0es de gran relevancia para la identidad de los pasque\u00f1os porque recoge sus vivencias armoniosas con los animales y la madre naturaleza.<\/p>\n<p style=\"text-align: justify;\">\u00abDesde ac\u00e1 queremos invitar a los hermanos peruanos y de otros pa\u00edses que visiten Pasco y todos sus pueblos. Tenemos por ofrecer muchos atractivos tur\u00edsticos, porque Pasco no solo es miner\u00eda, sino ytambi\u00e9n identidad y tradici\u00f3n\u00bb, asegur\u00f3 Callupe.<\/p>\n<p style=\"text-align: justify;\">Agreg\u00f3 adem\u00e1s que la Herranza Andina es una expresi\u00f3n costumbrista que retrata la comunicaci\u00f3n del hombre con la madre tierra y los animales, en una fusi\u00f3n de de la esencia m\u00e1gico-religiosa y la fe de los hombres del campo a los dioses.<\/p>\n<p>  <!--more-->  <\/p>\n<p style=\"text-align: justify;\">En el mencionado lanzamiento \u00a0tambi\u00e9n estuvieron presentes los congresistas pasque\u00f1os Tito Valle Ram\u00edrez y N\u00e9stor Valqui Matos, \u00a0quienes \u00a0se sumaron a la invitaci\u00f3n a los peruanos a visitar esa hermosa ciudad, ubicada a 4,380 metros sobre el nivel del mar.<\/p>\n<p style=\"text-align: justify;\"><img decoding=\"async\" src=\"images\/stories\/12\/03\/050312\/pasco.jpg\" border=\"0\" alt=\"Autoridades pasque\u00f1as invitan a turistas nacionales y extranjeros a visitar su ciudad\" title=\"Autoridades pasque\u00f1as invitan a turistas nacionales y extranjeros a visitar su ciudad\" \/><\/p>\n","protected":false},"excerpt":{"rendered":"<p>(Aeronoticias).- Diversas Autoridades del departamento de Pasco, reunidas en Lima invitaron tanto a turistas nacionales como extranjeros a visitar la mencionada ciudad y \u00a0participar en la festividad del d\u00e9cimo tercer Festival de la Herranza Pasque\u00f1a, que fue lanzada por primera vez desde el patio de honor de Palacio de Gobierno. Rudy Callupe, alcalde de Sim\u00f3n [&hellip;]<\/p>\n","protected":false},"author":1,"featured_media":0,"comment_status":"open","ping_status":"open","sticky":false,"template":"","format":"standard","meta":{"tdm_status":"","tdm_grid_status":"","footnotes":""},"categories":[31],"tags":[],"class_list":{"0":"post-24000","1":"post","2":"type-post","3":"status-publish","4":"format-standard","6":"category-31"},"yoast_head":"<!-- This site is optimized with the Yoast SEO plugin v25.1 - https:\/\/yoast.com\/wordpress\/plugins\/seo\/ -->\n<title>Autoridades pasque\u00f1as invitan a turistas nacionales y extranjeros a visitar su ciudad<\/title>\n<meta name=\"description\" content=\"Portal de noticias del Per\u00fa sobre el transporte a\u00e9reo, aviaci\u00f3n, turismo, hoteleria, actualidad.\" \/>\n<meta name=\"robots\" content=\"index, follow, max-snippet:-1, max-image-preview:large, max-video-preview:-1\" \/>\n<link rel=\"canonical\" href=\"https:\/\/aeronoticias.com.pe\/noticiero\/turismo\/13\/autoridades-pasquenas-invitan-a-turistas-nacionales-y-extranjeros-a-visitar-su-ciudad\/\" \/>\n<meta property=\"og:locale\" content=\"es_ES\" \/>\n<meta property=\"og:type\" content=\"article\" \/>\n<meta property=\"og:title\" content=\"Autoridades pasque\u00f1as invitan a turistas nacionales y extranjeros a visitar su ciudad\" \/>\n<meta property=\"og:description\" content=\"Portal de noticias del Per\u00fa sobre el transporte a\u00e9reo, aviaci\u00f3n, turismo, hoteleria, actualidad.\" \/>\n<meta property=\"og:url\" content=\"https:\/\/aeronoticias.com.pe\/noticiero\/turismo\/13\/autoridades-pasquenas-invitan-a-turistas-nacionales-y-extranjeros-a-visitar-su-ciudad\/\" \/>\n<meta property=\"og:site_name\" content=\"Aeronoticias.com.pe\" \/>\n<meta property=\"article:publisher\" content=\"https:\/\/www.facebook.com\/Aeronoticias.com.pe\/\" \/>\n<meta property=\"article:published_time\" content=\"2012-03-05T14:34:22+00:00\" \/>\n<meta name=\"author\" content=\"Redacci\u00f3n Aeronoticias\" \/>\n<meta name=\"twitter:card\" content=\"summary_large_image\" \/>\n<meta name=\"twitter:creator\" content=\"@aeronoticias\" \/>\n<meta name=\"twitter:site\" content=\"@aeronoticias\" \/>\n<meta name=\"twitter:label1\" content=\"Escrito por\" \/>\n\t<meta name=\"twitter:data1\" content=\"Redacci\u00f3n Aeronoticias\" \/>\n\t<meta name=\"twitter:label2\" content=\"Tiempo de lectura\" \/>\n\t<meta name=\"twitter:data2\" content=\"1 minuto\" \/>\n<script type=\"application\/ld+json\" class=\"yoast-schema-graph\">{\"@context\":\"https:\/\/schema.org\",\"@graph\":[{\"@type\":\"WebPage\",\"@id\":\"https:\/\/aeronoticias.com.pe\/noticiero\/turismo\/13\/autoridades-pasquenas-invitan-a-turistas-nacionales-y-extranjeros-a-visitar-su-ciudad\/\",\"url\":\"https:\/\/aeronoticias.com.pe\/noticiero\/turismo\/13\/autoridades-pasquenas-invitan-a-turistas-nacionales-y-extranjeros-a-visitar-su-ciudad\/\",\"name\":\"Autoridades pasque\u00f1as invitan a turistas nacionales y extranjeros a visitar su ciudad\",\"isPartOf\":{\"@id\":\"https:\/\/aeronoticias.com.pe\/noticiero\/#website\"},\"datePublished\":\"2012-03-05T14:34:22+00:00\",\"author\":{\"@id\":\"https:\/\/aeronoticias.com.pe\/noticiero\/#\/schema\/person\/fc1e5d578f4b62ba1cf7ac2bba1170a0\"},\"description\":\"Portal de noticias del Per\u00fa sobre el transporte a\u00e9reo, aviaci\u00f3n, turismo, hoteleria, actualidad.\",\"breadcrumb\":{\"@id\":\"https:\/\/aeronoticias.com.pe\/noticiero\/turismo\/13\/autoridades-pasquenas-invitan-a-turistas-nacionales-y-extranjeros-a-visitar-su-ciudad\/#breadcrumb\"},\"inLanguage\":\"es\",\"potentialAction\":[{\"@type\":\"ReadAction\",\"target\":[\"https:\/\/aeronoticias.com.pe\/noticiero\/turismo\/13\/autoridades-pasquenas-invitan-a-turistas-nacionales-y-extranjeros-a-visitar-su-ciudad\/\"]}]},{\"@type\":\"BreadcrumbList\",\"@id\":\"https:\/\/aeronoticias.com.pe\/noticiero\/turismo\/13\/autoridades-pasquenas-invitan-a-turistas-nacionales-y-extranjeros-a-visitar-su-ciudad\/#breadcrumb\",\"itemListElement\":[{\"@type\":\"ListItem\",\"position\":1,\"name\":\"Portada\",\"item\":\"https:\/\/aeronoticias.com.pe\/noticiero\/\"},{\"@type\":\"ListItem\",\"position\":2,\"name\":\"Autoridades pasque\u00f1as invitan a turistas nacionales y extranjeros a visitar su ciudad\"}]},{\"@type\":\"WebSite\",\"@id\":\"https:\/\/aeronoticias.com.pe\/noticiero\/#website\",\"url\":\"https:\/\/aeronoticias.com.pe\/noticiero\/\",\"name\":\"Aeronoticias.com.pe\",\"description\":\"Noticias de tranporte aereo, turismo, hoteles, gastronomia, actualidad, internacional\",\"potentialAction\":[{\"@type\":\"SearchAction\",\"target\":{\"@type\":\"EntryPoint\",\"urlTemplate\":\"https:\/\/aeronoticias.com.pe\/noticiero\/?s={search_term_string}\"},\"query-input\":{\"@type\":\"PropertyValueSpecification\",\"valueRequired\":true,\"valueName\":\"search_term_string\"}}],\"inLanguage\":\"es\"},{\"@type\":\"Person\",\"@id\":\"https:\/\/aeronoticias.com.pe\/noticiero\/#\/schema\/person\/fc1e5d578f4b62ba1cf7ac2bba1170a0\",\"name\":\"Redacci\u00f3n Aeronoticias\",\"url\":\"https:\/\/aeronoticias.com.pe\/noticiero\/author\/piloto\/\"}]}<\/script>\n<!-- \/ Yoast SEO plugin. -->","yoast_head_json":{"title":"Autoridades pasque\u00f1as invitan a turistas nacionales y extranjeros a visitar su ciudad","description":"Portal de noticias del Per\u00fa sobre el transporte a\u00e9reo, aviaci\u00f3n, turismo, hoteleria, actualidad.","robots":{"index":"index","follow":"follow","max-snippet":"max-snippet:-1","max-image-preview":"max-image-preview:large","max-video-preview":"max-video-preview:-1"},"canonical":"https:\/\/aeronoticias.com.pe\/noticiero\/turismo\/13\/autoridades-pasquenas-invitan-a-turistas-nacionales-y-extranjeros-a-visitar-su-ciudad\/","og_locale":"es_ES","og_type":"article","og_title":"Autoridades pasque\u00f1as invitan a turistas nacionales y extranjeros a visitar su ciudad","og_description":"Portal de noticias del Per\u00fa sobre el transporte a\u00e9reo, aviaci\u00f3n, turismo, hoteleria, actualidad.","og_url":"https:\/\/aeronoticias.com.pe\/noticiero\/turismo\/13\/autoridades-pasquenas-invitan-a-turistas-nacionales-y-extranjeros-a-visitar-su-ciudad\/","og_site_name":"Aeronoticias.com.pe","article_publisher":"https:\/\/www.facebook.com\/Aeronoticias.com.pe\/","article_published_time":"2012-03-05T14:34:22+00:00","author":"Redacci\u00f3n Aeronoticias","twitter_card":"summary_large_image","twitter_creator":"@aeronoticias","twitter_site":"@aeronoticias","twitter_misc":{"Escrito por":"Redacci\u00f3n Aeronoticias","Tiempo de lectura":"1 minuto"},"schema":{"@context":"https:\/\/schema.org","@graph":[{"@type":"WebPage","@id":"https:\/\/aeronoticias.com.pe\/noticiero\/turismo\/13\/autoridades-pasquenas-invitan-a-turistas-nacionales-y-extranjeros-a-visitar-su-ciudad\/","url":"https:\/\/aeronoticias.com.pe\/noticiero\/turismo\/13\/autoridades-pasquenas-invitan-a-turistas-nacionales-y-extranjeros-a-visitar-su-ciudad\/","name":"Autoridades pasque\u00f1as invitan a turistas nacionales y extranjeros a visitar su ciudad","isPartOf":{"@id":"https:\/\/aeronoticias.com.pe\/noticiero\/#website"},"datePublished":"2012-03-05T14:34:22+00:00","author":{"@id":"https:\/\/aeronoticias.com.pe\/noticiero\/#\/schema\/person\/fc1e5d578f4b62ba1cf7ac2bba1170a0"},"description":"Portal de noticias del Per\u00fa sobre el transporte a\u00e9reo, aviaci\u00f3n, turismo, hoteleria, actualidad.","breadcrumb":{"@id":"https:\/\/aeronoticias.com.pe\/noticiero\/turismo\/13\/autoridades-pasquenas-invitan-a-turistas-nacionales-y-extranjeros-a-visitar-su-ciudad\/#breadcrumb"},"inLanguage":"es","potentialAction":[{"@type":"ReadAction","target":["https:\/\/aeronoticias.com.pe\/noticiero\/turismo\/13\/autoridades-pasquenas-invitan-a-turistas-nacionales-y-extranjeros-a-visitar-su-ciudad\/"]}]},{"@type":"BreadcrumbList","@id":"https:\/\/aeronoticias.com.pe\/noticiero\/turismo\/13\/autoridades-pasquenas-invitan-a-turistas-nacionales-y-extranjeros-a-visitar-su-ciudad\/#breadcrumb","itemListElement":[{"@type":"ListItem","position":1,"name":"Portada","item":"https:\/\/aeronoticias.com.pe\/noticiero\/"},{"@type":"ListItem","position":2,"name":"Autoridades pasque\u00f1as invitan a turistas nacionales y extranjeros a visitar su ciudad"}]},{"@type":"WebSite","@id":"https:\/\/aeronoticias.com.pe\/noticiero\/#website","url":"https:\/\/aeronoticias.com.pe\/noticiero\/","name":"Aeronoticias.com.pe","description":"Noticias de tranporte aereo, turismo, hoteles, gastronomia, actualidad, internacional","potentialAction":[{"@type":"SearchAction","target":{"@type":"EntryPoint","urlTemplate":"https:\/\/aeronoticias.com.pe\/noticiero\/?s={search_term_string}"},"query-input":{"@type":"PropertyValueSpecification","valueRequired":true,"valueName":"search_term_string"}}],"inLanguage":"es"},{"@type":"Person","@id":"https:\/\/aeronoticias.com.pe\/noticiero\/#\/schema\/person\/fc1e5d578f4b62ba1cf7ac2bba1170a0","name":"Redacci\u00f3n Aeronoticias","url":"https:\/\/aeronoticias.com.pe\/noticiero\/author\/piloto\/"}]}},"_links":{"self":[{"href":"https:\/\/aeronoticias.com.pe\/noticiero\/wp-json\/wp\/v2\/posts\/24000","targetHints":{"allow":["GET"]}}],"collection":[{"href":"https:\/\/aeronoticias.com.pe\/noticiero\/wp-json\/wp\/v2\/posts"}],"about":[{"href":"https:\/\/aeronoticias.com.pe\/noticiero\/wp-json\/wp\/v2\/types\/post"}],"author":[{"embeddable":true,"href":"https:\/\/aeronoticias.com.pe\/noticiero\/wp-json\/wp\/v2\/users\/1"}],"replies":[{"embeddable":true,"href":"https:\/\/aeronoticias.com.pe\/noticiero\/wp-json\/wp\/v2\/comments?post=24000"}],"version-history":[{"count":0,"href":"https:\/\/aeronoticias.com.pe\/noticiero\/wp-json\/wp\/v2\/posts\/24000\/revisions"}],"wp:attachment":[{"href":"https:\/\/aeronoticias.com.pe\/noticiero\/wp-json\/wp\/v2\/media?parent=24000"}],"wp:term":[{"taxonomy":"category","embeddable":true,"href":"https:\/\/aeronoticias.com.pe\/noticiero\/wp-json\/wp\/v2\/categories?post=24000"},{"taxonomy":"post_tag","embeddable":true,"href":"https:\/\/aeronoticias.com.pe\/noticiero\/wp-json\/wp\/v2\/tags?post=24000"}],"curies":[{"name":"wp","href":"https:\/\/api.w.org\/{rel}","templated":true}]}}