{"id":24018,"date":"2012-03-05T15:12:31","date_gmt":"2012-03-05T15:12:31","guid":{"rendered":"http:\/\/desarrollo.mcvicious.com\/aero2020\/2012\/03\/05\/portal-financiero-de-canal-8-entrevisto-a-julian-palacin-sobre-la-linea-aerea-de-bandera\/"},"modified":"2012-03-05T15:12:31","modified_gmt":"2012-03-05T15:12:31","slug":"portal-financiero-de-canal-8-entrevisto-a-julian-palacin-sobre-la-linea-aerea-de-bandera","status":"publish","type":"post","link":"https:\/\/aeronoticias.com.pe\/noticiero\/ultimas\/1\/portal-financiero-de-canal-8-entrevisto-a-julian-palacin-sobre-la-linea-aerea-de-bandera\/","title":{"rendered":"\u2018Portal Financiero\u2019 de canal 8 entrevist\u00f3 a Julian Palacin sobre la l\u00ednea a\u00e9rea de bandera"},"content":{"rendered":"<p style=\"text-align: justify;\"><strong>(Aeronoticias).-<\/strong> A la 1 de la ma\u00f1ana de hoy lleg\u00f3 de Tegucigalpa, Honduras el Dr. Juli\u00e1n Palacin Fern\u00e1ndez, quien durante 7 d\u00edas estuvo en Tegucigalpa, San Pedro de Sula y la paradis\u00edaca isla caribe\u00f1a de Roat\u00e1n en Honduras, en donde dict\u00f3 conferencias magistrales en el Colegio de Abogados de Honduras y en la Direcci\u00f3n General de Aeron\u00e1utica Civil de ese pa\u00eds y fue invitado por diversos canales de televisi\u00f3n centroamericanos, que podr\u00e1n ser vistos a partir de ma\u00f1ana por los lectores de Aeronoticias.<\/p>\n<p style=\"text-align: justify;\">A las 7:40 el prestigioso canal 8 en su programa de 6 a 9, en la secci\u00f3n \u201cPortal Financiero\u201d que dirige el periodista Fernando Chevarria, entrevist\u00f3 a Juli\u00e1n Palacin Fern\u00e1ndez sobre el tema \u201cL\u00ednea a\u00e9rea de bandera de bajo costo\u201d, en donde se analiz\u00f3 el proyecto de ley 3519-09 del nacionalismo y la evoluci\u00f3n de la consultor\u00eda que hizo el jurista que mereci\u00f3 que el presidente de la Rep\u00fablica, Ollanta Huamala Tasso, la incluyera en su hoja de ruta en el mensaje presidencial de asunci\u00f3n de mando en el Congreso de la Rep\u00fablica el 28 de julio de 2011, la publicaci\u00f3n del libro \u201cL\u00ednea a\u00e9rea de bajo costo\u201d y las recomendaciones que se vienen haciendo para que el capital sea 100% privado, con la participaci\u00f3n de uno o varios socios estrat\u00e9gicos y con capitales nacionales en hasta un 30% como lo ordena la ley 27261, Ley de Aeron\u00e1utica Civil del Per\u00fa.<\/p>\n<p>  <!--more-->  <\/p>\n<p style=\"text-align: center;\"><img decoding=\"async\" src=\"images\/stories\/12\/03\/050312\/aerolinea_bandera.jpg\" border=\"0\" alt=\"\u2018Portal Financiero\u2019 de canal 8 entrevist\u00f3 a Julian Palacin sobre la l\u00ednea a\u00e9rea de bandera\" title=\"\u2018Portal Financiero\u2019 de canal 8 entrevist\u00f3 a Julian Palacin sobre la l\u00ednea a\u00e9rea de bandera\" \/><\/p>\n<p style=\"text-align: justify;\">Cabe destacar, que Palacin sostiene la necesidad de que la experiencia de bajo costo de la Comunidad Econ\u00f3mica Europea CEE llegue al Per\u00fa para que los consumidores puedan utilizar la v\u00eda a\u00e9rea con pasajes sumamente econ\u00f3micos, lo cual aumentar\u00eda el turismo receptivo y mejorar\u00eda la tarifa de los fletes para nuestro comercio exterior.<\/p>\n<p style=\"text-align: justify;\">Se refiri\u00f3 a que luego de la publicaci\u00f3n de su libro \u00abL\u00ednea a\u00e9rea de bandera de bajo costo\u00bb las direciones generales de Aeron\u00e1utica Civil de la regi\u00f3n y las l\u00edneas a\u00e9reas han comenzado a analizar su trabajo acad\u00e9mico y en Honduras, dijo, se est\u00e1 estudiando designar a EasySky como la l\u00ednea a\u00e9rea de bandera de Honduras, para lo cual el jurista peruano dict\u00f3 una conferencia en la Direcci\u00f3n General de Aeron\u00e1utica Civil de Honduras el pasado 28 de febrero de 2012.<\/p>\n<p style=\"text-align: justify;\">Ver:<a href=\"http:\/\/dgachn.org\/?p=577\" target=\"_blank\" rel=\"noopener noreferrer\"> http:\/\/dgachn.org\/?p=577<\/a><\/p>\n<p style=\"text-align: justify;\">Sostuvo adem\u00e1s, la necesidad de que se proyecte un terminal low cost en la segunda pista del Aeropuerto Internacional Jorge Ch\u00e1vez, dijo que la l\u00ednea a\u00e9rea de bandera del Per\u00fa se llamara \u201cAerol\u00edneas Contigo Per\u00fa\u201d, cuyo nombre ha sido registrado en INDECOPI y para seguir la hoja de ruta el Estado tendr\u00eda que firmar un acuerdo de estabilidad para otorgarle la preferencia en los derechos de tr\u00e1fico, lo cual permitir\u00eda la credibilidad de los sectores econ\u00f3micos financieros y las megaempresas internacionales para asociarse con la l\u00ednea a\u00e9rea de bandera del Per\u00fa.<\/p>\n<p style=\"text-align: justify;\">Hacer click para ver la entrevista del programa \u201cPortal Financiero\u201d de canal 8 sobre la l\u00ednea a\u00e9rea de bandera del Per\u00fa \u201cAerol\u00edneas Contigo Per\u00fa\u201d:<\/p>\n<p style=\"text-align: center;\"> <param name=\"movie\" value=\"http:\/\/www.youtube.com\/v\/TgzllCBgoSM?fs=1&#038;hl=en_US&#038;autoplay=0&#038;showinfo=0&#038;rel=0\" \/> <param name=\"wmode\" value=\"transparent\" \/>\u00a0<\/p>\n<p>{jathumbnail off images=\u00bbimages\/stories\/12\/03\/050312\/aerolinea_bandera.jpg\u00bb}<\/p>\n","protected":false},"excerpt":{"rendered":"<p>(Aeronoticias).- A la 1 de la ma\u00f1ana de hoy lleg\u00f3 de Tegucigalpa, Honduras el Dr. Juli\u00e1n Palacin Fern\u00e1ndez, quien durante 7 d\u00edas estuvo en Tegucigalpa, San Pedro de Sula y la paradis\u00edaca isla caribe\u00f1a de Roat\u00e1n en Honduras, en donde dict\u00f3 conferencias magistrales en el Colegio de Abogados de Honduras y en la Direcci\u00f3n General [&hellip;]<\/p>\n","protected":false},"author":1,"featured_media":0,"comment_status":"open","ping_status":"open","sticky":false,"template":"","format":"standard","meta":{"tdm_status":"","tdm_grid_status":"","footnotes":""},"categories":[30],"tags":[],"class_list":{"0":"post-24018","1":"post","2":"type-post","3":"status-publish","4":"format-standard","6":"category-30"},"yoast_head":"<!-- This site is optimized with the Yoast SEO plugin v25.1 - https:\/\/yoast.com\/wordpress\/plugins\/seo\/ -->\n<title>\u2018Portal Financiero\u2019 de canal 8 entrevist\u00f3 a Julian Palacin sobre la l\u00ednea a\u00e9rea de bandera<\/title>\n<meta name=\"description\" content=\"Portal de noticias del Per\u00fa sobre el transporte a\u00e9reo, aviaci\u00f3n, turismo, hoteleria, actualidad.\" \/>\n<meta name=\"robots\" content=\"index, follow, max-snippet:-1, max-image-preview:large, max-video-preview:-1\" \/>\n<link rel=\"canonical\" href=\"https:\/\/aeronoticias.com.pe\/noticiero\/ultimas\/1\/portal-financiero-de-canal-8-entrevisto-a-julian-palacin-sobre-la-linea-aerea-de-bandera\/\" \/>\n<meta property=\"og:locale\" content=\"es_ES\" \/>\n<meta property=\"og:type\" content=\"article\" \/>\n<meta property=\"og:title\" content=\"\u2018Portal Financiero\u2019 de canal 8 entrevist\u00f3 a Julian Palacin sobre la l\u00ednea a\u00e9rea de bandera\" \/>\n<meta property=\"og:description\" content=\"Portal de noticias del Per\u00fa sobre el transporte a\u00e9reo, aviaci\u00f3n, turismo, hoteleria, actualidad.\" \/>\n<meta property=\"og:url\" content=\"https:\/\/aeronoticias.com.pe\/noticiero\/ultimas\/1\/portal-financiero-de-canal-8-entrevisto-a-julian-palacin-sobre-la-linea-aerea-de-bandera\/\" \/>\n<meta property=\"og:site_name\" content=\"Aeronoticias.com.pe\" \/>\n<meta property=\"article:publisher\" content=\"https:\/\/www.facebook.com\/Aeronoticias.com.pe\/\" \/>\n<meta property=\"article:published_time\" content=\"2012-03-05T15:12:31+00:00\" \/>\n<meta name=\"author\" content=\"Redacci\u00f3n Aeronoticias\" \/>\n<meta name=\"twitter:card\" content=\"summary_large_image\" \/>\n<meta name=\"twitter:creator\" content=\"@aeronoticias\" \/>\n<meta name=\"twitter:site\" content=\"@aeronoticias\" \/>\n<meta name=\"twitter:label1\" content=\"Escrito por\" \/>\n\t<meta name=\"twitter:data1\" content=\"Redacci\u00f3n Aeronoticias\" \/>\n\t<meta name=\"twitter:label2\" content=\"Tiempo de lectura\" \/>\n\t<meta name=\"twitter:data2\" content=\"3 minutos\" \/>\n<script type=\"application\/ld+json\" class=\"yoast-schema-graph\">{\"@context\":\"https:\/\/schema.org\",\"@graph\":[{\"@type\":\"WebPage\",\"@id\":\"https:\/\/aeronoticias.com.pe\/noticiero\/ultimas\/1\/portal-financiero-de-canal-8-entrevisto-a-julian-palacin-sobre-la-linea-aerea-de-bandera\/\",\"url\":\"https:\/\/aeronoticias.com.pe\/noticiero\/ultimas\/1\/portal-financiero-de-canal-8-entrevisto-a-julian-palacin-sobre-la-linea-aerea-de-bandera\/\",\"name\":\"\u2018Portal Financiero\u2019 de canal 8 entrevist\u00f3 a Julian Palacin sobre la l\u00ednea a\u00e9rea de bandera\",\"isPartOf\":{\"@id\":\"https:\/\/aeronoticias.com.pe\/noticiero\/#website\"},\"datePublished\":\"2012-03-05T15:12:31+00:00\",\"author\":{\"@id\":\"https:\/\/aeronoticias.com.pe\/noticiero\/#\/schema\/person\/fc1e5d578f4b62ba1cf7ac2bba1170a0\"},\"description\":\"Portal de noticias del Per\u00fa sobre el transporte a\u00e9reo, aviaci\u00f3n, turismo, hoteleria, actualidad.\",\"breadcrumb\":{\"@id\":\"https:\/\/aeronoticias.com.pe\/noticiero\/ultimas\/1\/portal-financiero-de-canal-8-entrevisto-a-julian-palacin-sobre-la-linea-aerea-de-bandera\/#breadcrumb\"},\"inLanguage\":\"es\",\"potentialAction\":[{\"@type\":\"ReadAction\",\"target\":[\"https:\/\/aeronoticias.com.pe\/noticiero\/ultimas\/1\/portal-financiero-de-canal-8-entrevisto-a-julian-palacin-sobre-la-linea-aerea-de-bandera\/\"]}]},{\"@type\":\"BreadcrumbList\",\"@id\":\"https:\/\/aeronoticias.com.pe\/noticiero\/ultimas\/1\/portal-financiero-de-canal-8-entrevisto-a-julian-palacin-sobre-la-linea-aerea-de-bandera\/#breadcrumb\",\"itemListElement\":[{\"@type\":\"ListItem\",\"position\":1,\"name\":\"Portada\",\"item\":\"https:\/\/aeronoticias.com.pe\/noticiero\/\"},{\"@type\":\"ListItem\",\"position\":2,\"name\":\"\u2018Portal Financiero\u2019 de canal 8 entrevist\u00f3 a Julian Palacin sobre la l\u00ednea a\u00e9rea de bandera\"}]},{\"@type\":\"WebSite\",\"@id\":\"https:\/\/aeronoticias.com.pe\/noticiero\/#website\",\"url\":\"https:\/\/aeronoticias.com.pe\/noticiero\/\",\"name\":\"Aeronoticias.com.pe\",\"description\":\"Noticias de tranporte aereo, turismo, hoteles, gastronomia, actualidad, internacional\",\"potentialAction\":[{\"@type\":\"SearchAction\",\"target\":{\"@type\":\"EntryPoint\",\"urlTemplate\":\"https:\/\/aeronoticias.com.pe\/noticiero\/?s={search_term_string}\"},\"query-input\":{\"@type\":\"PropertyValueSpecification\",\"valueRequired\":true,\"valueName\":\"search_term_string\"}}],\"inLanguage\":\"es\"},{\"@type\":\"Person\",\"@id\":\"https:\/\/aeronoticias.com.pe\/noticiero\/#\/schema\/person\/fc1e5d578f4b62ba1cf7ac2bba1170a0\",\"name\":\"Redacci\u00f3n Aeronoticias\",\"url\":\"https:\/\/aeronoticias.com.pe\/noticiero\/author\/piloto\/\"}]}<\/script>\n<!-- \/ Yoast SEO plugin. -->","yoast_head_json":{"title":"\u2018Portal Financiero\u2019 de canal 8 entrevist\u00f3 a Julian Palacin sobre la l\u00ednea a\u00e9rea de bandera","description":"Portal de noticias del Per\u00fa sobre el transporte a\u00e9reo, aviaci\u00f3n, turismo, hoteleria, actualidad.","robots":{"index":"index","follow":"follow","max-snippet":"max-snippet:-1","max-image-preview":"max-image-preview:large","max-video-preview":"max-video-preview:-1"},"canonical":"https:\/\/aeronoticias.com.pe\/noticiero\/ultimas\/1\/portal-financiero-de-canal-8-entrevisto-a-julian-palacin-sobre-la-linea-aerea-de-bandera\/","og_locale":"es_ES","og_type":"article","og_title":"\u2018Portal Financiero\u2019 de canal 8 entrevist\u00f3 a Julian Palacin sobre la l\u00ednea a\u00e9rea de bandera","og_description":"Portal de noticias del Per\u00fa sobre el transporte a\u00e9reo, aviaci\u00f3n, turismo, hoteleria, actualidad.","og_url":"https:\/\/aeronoticias.com.pe\/noticiero\/ultimas\/1\/portal-financiero-de-canal-8-entrevisto-a-julian-palacin-sobre-la-linea-aerea-de-bandera\/","og_site_name":"Aeronoticias.com.pe","article_publisher":"https:\/\/www.facebook.com\/Aeronoticias.com.pe\/","article_published_time":"2012-03-05T15:12:31+00:00","author":"Redacci\u00f3n Aeronoticias","twitter_card":"summary_large_image","twitter_creator":"@aeronoticias","twitter_site":"@aeronoticias","twitter_misc":{"Escrito por":"Redacci\u00f3n Aeronoticias","Tiempo de lectura":"3 minutos"},"schema":{"@context":"https:\/\/schema.org","@graph":[{"@type":"WebPage","@id":"https:\/\/aeronoticias.com.pe\/noticiero\/ultimas\/1\/portal-financiero-de-canal-8-entrevisto-a-julian-palacin-sobre-la-linea-aerea-de-bandera\/","url":"https:\/\/aeronoticias.com.pe\/noticiero\/ultimas\/1\/portal-financiero-de-canal-8-entrevisto-a-julian-palacin-sobre-la-linea-aerea-de-bandera\/","name":"\u2018Portal Financiero\u2019 de canal 8 entrevist\u00f3 a Julian Palacin sobre la l\u00ednea a\u00e9rea de bandera","isPartOf":{"@id":"https:\/\/aeronoticias.com.pe\/noticiero\/#website"},"datePublished":"2012-03-05T15:12:31+00:00","author":{"@id":"https:\/\/aeronoticias.com.pe\/noticiero\/#\/schema\/person\/fc1e5d578f4b62ba1cf7ac2bba1170a0"},"description":"Portal de noticias del Per\u00fa sobre el transporte a\u00e9reo, aviaci\u00f3n, turismo, hoteleria, actualidad.","breadcrumb":{"@id":"https:\/\/aeronoticias.com.pe\/noticiero\/ultimas\/1\/portal-financiero-de-canal-8-entrevisto-a-julian-palacin-sobre-la-linea-aerea-de-bandera\/#breadcrumb"},"inLanguage":"es","potentialAction":[{"@type":"ReadAction","target":["https:\/\/aeronoticias.com.pe\/noticiero\/ultimas\/1\/portal-financiero-de-canal-8-entrevisto-a-julian-palacin-sobre-la-linea-aerea-de-bandera\/"]}]},{"@type":"BreadcrumbList","@id":"https:\/\/aeronoticias.com.pe\/noticiero\/ultimas\/1\/portal-financiero-de-canal-8-entrevisto-a-julian-palacin-sobre-la-linea-aerea-de-bandera\/#breadcrumb","itemListElement":[{"@type":"ListItem","position":1,"name":"Portada","item":"https:\/\/aeronoticias.com.pe\/noticiero\/"},{"@type":"ListItem","position":2,"name":"\u2018Portal Financiero\u2019 de canal 8 entrevist\u00f3 a Julian Palacin sobre la l\u00ednea a\u00e9rea de bandera"}]},{"@type":"WebSite","@id":"https:\/\/aeronoticias.com.pe\/noticiero\/#website","url":"https:\/\/aeronoticias.com.pe\/noticiero\/","name":"Aeronoticias.com.pe","description":"Noticias de tranporte aereo, turismo, hoteles, gastronomia, actualidad, internacional","potentialAction":[{"@type":"SearchAction","target":{"@type":"EntryPoint","urlTemplate":"https:\/\/aeronoticias.com.pe\/noticiero\/?s={search_term_string}"},"query-input":{"@type":"PropertyValueSpecification","valueRequired":true,"valueName":"search_term_string"}}],"inLanguage":"es"},{"@type":"Person","@id":"https:\/\/aeronoticias.com.pe\/noticiero\/#\/schema\/person\/fc1e5d578f4b62ba1cf7ac2bba1170a0","name":"Redacci\u00f3n Aeronoticias","url":"https:\/\/aeronoticias.com.pe\/noticiero\/author\/piloto\/"}]}},"_links":{"self":[{"href":"https:\/\/aeronoticias.com.pe\/noticiero\/wp-json\/wp\/v2\/posts\/24018","targetHints":{"allow":["GET"]}}],"collection":[{"href":"https:\/\/aeronoticias.com.pe\/noticiero\/wp-json\/wp\/v2\/posts"}],"about":[{"href":"https:\/\/aeronoticias.com.pe\/noticiero\/wp-json\/wp\/v2\/types\/post"}],"author":[{"embeddable":true,"href":"https:\/\/aeronoticias.com.pe\/noticiero\/wp-json\/wp\/v2\/users\/1"}],"replies":[{"embeddable":true,"href":"https:\/\/aeronoticias.com.pe\/noticiero\/wp-json\/wp\/v2\/comments?post=24018"}],"version-history":[{"count":0,"href":"https:\/\/aeronoticias.com.pe\/noticiero\/wp-json\/wp\/v2\/posts\/24018\/revisions"}],"wp:attachment":[{"href":"https:\/\/aeronoticias.com.pe\/noticiero\/wp-json\/wp\/v2\/media?parent=24018"}],"wp:term":[{"taxonomy":"category","embeddable":true,"href":"https:\/\/aeronoticias.com.pe\/noticiero\/wp-json\/wp\/v2\/categories?post=24018"},{"taxonomy":"post_tag","embeddable":true,"href":"https:\/\/aeronoticias.com.pe\/noticiero\/wp-json\/wp\/v2\/tags?post=24018"}],"curies":[{"name":"wp","href":"https:\/\/api.w.org\/{rel}","templated":true}]}}