{"id":24019,"date":"2012-03-05T15:52:41","date_gmt":"2012-03-05T15:52:41","guid":{"rendered":"http:\/\/desarrollo.mcvicious.com\/aero2020\/2012\/03\/05\/aerolinea-continental-desaparece-y-da-paso-a-united\/"},"modified":"2012-03-05T15:52:41","modified_gmt":"2012-03-05T15:52:41","slug":"aerolinea-continental-desaparece-y-da-paso-a-united","status":"publish","type":"post","link":"https:\/\/aeronoticias.com.pe\/noticiero\/transporte-aereo\/internacional\/aerolinea-continental-desaparece-y-da-paso-a-united\/","title":{"rendered":"Aerol\u00ednea Continental desaparece y da paso a United"},"content":{"rendered":"<p style=\"text-align: justify;\"><strong>(Aeronoticias) <\/strong>El proceso de fusi\u00f3n entre United y Continental termin\u00f3 el pasado s\u00e1bado 3 de marzo con la desaparici\u00f3n completa de la marca Continental para dar paso al nombre oficial de la nueva aerol\u00ednea, que ser\u00e1 \u00fanicamente United, convirti\u00e9ndose as\u00ed en la compa\u00f1\u00eda a\u00e9rea m\u00e1s grande del mundo, confirmaron voceros de la compa\u00f1\u00eda.<\/p>\n<p>El per\u00edodo de fusi\u00f3n entre las dos l\u00edneas a\u00e9reas concluy\u00f3 finalmente el 3 de marzo de 2012, fecha desde la cual toda la papeler\u00eda oficial, boletos a\u00e9reos y dem\u00e1s informaci\u00f3n relacionada con la compa\u00f1\u00eda tendr\u00e1n ahora por nombre United.<\/p>\n<p>Durante la fecha de consolidaci\u00f3n tambi\u00e9n se termin\u00f3 el proceso de migraci\u00f3n de los sistemas de reservas, pasando del sistema Apolo al sistema Shares.<\/p>\n<p>La aerol\u00ednea dej\u00f3 saber oportunamente, a trav\u00e9s de su sitio web, que durante esta fecha se presentar\u00edan demoras y algunos inconvenientes en el proceso, situaci\u00f3n que \u2013seg\u00fan se dijo\u2013 no signific\u00f3 mayores complicaciones para los viajeros. Todos los vuelos que anteriormente aparec\u00edan operados por Continental Airlines pasaron a estar registrados como vuelos de United Airlines.<\/p>\n<p>  <!--more-->  <\/p>\n<p style=\"text-align: justify;\">Cambios<br \/>Adicionalmente, la compa\u00f1\u00eda realiz\u00f3 algunos cambios a las opciones para los viajeros en servicios como Economy Plus, Premier Baggage, United Club, Premier Line, Premier Travel y Premier Travel Plus, Award Accelerator, Trip Protector y OnePass Maximizer. Los usuarios de la l\u00ednea a\u00e9rea recibir\u00e1n la notificaci\u00f3n de los cambios que tendr\u00e1n lugar debido a la finalizaci\u00f3n del proceso de consolidaci\u00f3n. Fuente: www.laprensagrafica.com<\/p>\n<p style=\"text-align: justify;\"><img decoding=\"async\" src=\"images\/stories\/12\/03\/050312\/aerocontinental.jpg\" border=\"0\" alt=\"Aerol\u00ednea Continental desaparece y da paso a United \" title=\"Aerol\u00ednea Continental desaparece y da paso a United \" \/><\/p>\n","protected":false},"excerpt":{"rendered":"<p>(Aeronoticias) El proceso de fusi\u00f3n entre United y Continental termin\u00f3 el pasado s\u00e1bado 3 de marzo con la desaparici\u00f3n completa de la marca Continental para dar paso al nombre oficial de la nueva aerol\u00ednea, que ser\u00e1 \u00fanicamente United, convirti\u00e9ndose as\u00ed en la compa\u00f1\u00eda a\u00e9rea m\u00e1s grande del mundo, confirmaron voceros de la compa\u00f1\u00eda. El per\u00edodo [&hellip;]<\/p>\n","protected":false},"author":1,"featured_media":0,"comment_status":"open","ping_status":"open","sticky":false,"template":"","format":"standard","meta":{"tdm_status":"","tdm_grid_status":"","footnotes":""},"categories":[32],"tags":[],"class_list":{"0":"post-24019","1":"post","2":"type-post","3":"status-publish","4":"format-standard","6":"category-internacional"},"yoast_head":"<!-- This site is optimized with the Yoast SEO plugin v25.1 - https:\/\/yoast.com\/wordpress\/plugins\/seo\/ -->\n<title>Aerol\u00ednea Continental desaparece y da paso a United<\/title>\n<meta name=\"description\" content=\"Portal de noticias del Per\u00fa sobre el transporte a\u00e9reo, aviaci\u00f3n, turismo, hoteleria, actualidad.\" \/>\n<meta name=\"robots\" content=\"index, follow, max-snippet:-1, max-image-preview:large, max-video-preview:-1\" \/>\n<link rel=\"canonical\" href=\"https:\/\/aeronoticias.com.pe\/noticiero\/transporte-aereo\/internacional\/aerolinea-continental-desaparece-y-da-paso-a-united\/\" \/>\n<meta property=\"og:locale\" content=\"es_ES\" \/>\n<meta property=\"og:type\" content=\"article\" \/>\n<meta property=\"og:title\" content=\"Aerol\u00ednea Continental desaparece y da paso a United\" \/>\n<meta property=\"og:description\" content=\"Portal de noticias del Per\u00fa sobre el transporte a\u00e9reo, aviaci\u00f3n, turismo, hoteleria, actualidad.\" \/>\n<meta property=\"og:url\" content=\"https:\/\/aeronoticias.com.pe\/noticiero\/transporte-aereo\/internacional\/aerolinea-continental-desaparece-y-da-paso-a-united\/\" \/>\n<meta property=\"og:site_name\" content=\"Aeronoticias.com.pe\" \/>\n<meta property=\"article:publisher\" content=\"https:\/\/www.facebook.com\/Aeronoticias.com.pe\/\" \/>\n<meta property=\"article:published_time\" content=\"2012-03-05T15:52:41+00:00\" \/>\n<meta name=\"author\" content=\"Redacci\u00f3n Aeronoticias\" \/>\n<meta name=\"twitter:card\" content=\"summary_large_image\" \/>\n<meta name=\"twitter:creator\" content=\"@aeronoticias\" \/>\n<meta name=\"twitter:site\" content=\"@aeronoticias\" \/>\n<meta name=\"twitter:label1\" content=\"Escrito por\" \/>\n\t<meta name=\"twitter:data1\" content=\"Redacci\u00f3n Aeronoticias\" \/>\n\t<meta name=\"twitter:label2\" content=\"Tiempo de lectura\" \/>\n\t<meta name=\"twitter:data2\" content=\"1 minuto\" \/>\n<script type=\"application\/ld+json\" class=\"yoast-schema-graph\">{\"@context\":\"https:\/\/schema.org\",\"@graph\":[{\"@type\":\"WebPage\",\"@id\":\"https:\/\/aeronoticias.com.pe\/noticiero\/transporte-aereo\/internacional\/aerolinea-continental-desaparece-y-da-paso-a-united\/\",\"url\":\"https:\/\/aeronoticias.com.pe\/noticiero\/transporte-aereo\/internacional\/aerolinea-continental-desaparece-y-da-paso-a-united\/\",\"name\":\"Aerol\u00ednea Continental desaparece y da paso a United\",\"isPartOf\":{\"@id\":\"https:\/\/aeronoticias.com.pe\/noticiero\/#website\"},\"datePublished\":\"2012-03-05T15:52:41+00:00\",\"author\":{\"@id\":\"https:\/\/aeronoticias.com.pe\/noticiero\/#\/schema\/person\/fc1e5d578f4b62ba1cf7ac2bba1170a0\"},\"description\":\"Portal de noticias del Per\u00fa sobre el transporte a\u00e9reo, aviaci\u00f3n, turismo, hoteleria, actualidad.\",\"breadcrumb\":{\"@id\":\"https:\/\/aeronoticias.com.pe\/noticiero\/transporte-aereo\/internacional\/aerolinea-continental-desaparece-y-da-paso-a-united\/#breadcrumb\"},\"inLanguage\":\"es\",\"potentialAction\":[{\"@type\":\"ReadAction\",\"target\":[\"https:\/\/aeronoticias.com.pe\/noticiero\/transporte-aereo\/internacional\/aerolinea-continental-desaparece-y-da-paso-a-united\/\"]}]},{\"@type\":\"BreadcrumbList\",\"@id\":\"https:\/\/aeronoticias.com.pe\/noticiero\/transporte-aereo\/internacional\/aerolinea-continental-desaparece-y-da-paso-a-united\/#breadcrumb\",\"itemListElement\":[{\"@type\":\"ListItem\",\"position\":1,\"name\":\"Portada\",\"item\":\"https:\/\/aeronoticias.com.pe\/noticiero\/\"},{\"@type\":\"ListItem\",\"position\":2,\"name\":\"Aerol\u00ednea Continental desaparece y da paso a United\"}]},{\"@type\":\"WebSite\",\"@id\":\"https:\/\/aeronoticias.com.pe\/noticiero\/#website\",\"url\":\"https:\/\/aeronoticias.com.pe\/noticiero\/\",\"name\":\"Aeronoticias.com.pe\",\"description\":\"Noticias de tranporte aereo, turismo, hoteles, gastronomia, actualidad, internacional\",\"potentialAction\":[{\"@type\":\"SearchAction\",\"target\":{\"@type\":\"EntryPoint\",\"urlTemplate\":\"https:\/\/aeronoticias.com.pe\/noticiero\/?s={search_term_string}\"},\"query-input\":{\"@type\":\"PropertyValueSpecification\",\"valueRequired\":true,\"valueName\":\"search_term_string\"}}],\"inLanguage\":\"es\"},{\"@type\":\"Person\",\"@id\":\"https:\/\/aeronoticias.com.pe\/noticiero\/#\/schema\/person\/fc1e5d578f4b62ba1cf7ac2bba1170a0\",\"name\":\"Redacci\u00f3n Aeronoticias\",\"url\":\"https:\/\/aeronoticias.com.pe\/noticiero\/author\/piloto\/\"}]}<\/script>\n<!-- \/ Yoast SEO plugin. -->","yoast_head_json":{"title":"Aerol\u00ednea Continental desaparece y da paso a United","description":"Portal de noticias del Per\u00fa sobre el transporte a\u00e9reo, aviaci\u00f3n, turismo, hoteleria, actualidad.","robots":{"index":"index","follow":"follow","max-snippet":"max-snippet:-1","max-image-preview":"max-image-preview:large","max-video-preview":"max-video-preview:-1"},"canonical":"https:\/\/aeronoticias.com.pe\/noticiero\/transporte-aereo\/internacional\/aerolinea-continental-desaparece-y-da-paso-a-united\/","og_locale":"es_ES","og_type":"article","og_title":"Aerol\u00ednea Continental desaparece y da paso a United","og_description":"Portal de noticias del Per\u00fa sobre el transporte a\u00e9reo, aviaci\u00f3n, turismo, hoteleria, actualidad.","og_url":"https:\/\/aeronoticias.com.pe\/noticiero\/transporte-aereo\/internacional\/aerolinea-continental-desaparece-y-da-paso-a-united\/","og_site_name":"Aeronoticias.com.pe","article_publisher":"https:\/\/www.facebook.com\/Aeronoticias.com.pe\/","article_published_time":"2012-03-05T15:52:41+00:00","author":"Redacci\u00f3n Aeronoticias","twitter_card":"summary_large_image","twitter_creator":"@aeronoticias","twitter_site":"@aeronoticias","twitter_misc":{"Escrito por":"Redacci\u00f3n Aeronoticias","Tiempo de lectura":"1 minuto"},"schema":{"@context":"https:\/\/schema.org","@graph":[{"@type":"WebPage","@id":"https:\/\/aeronoticias.com.pe\/noticiero\/transporte-aereo\/internacional\/aerolinea-continental-desaparece-y-da-paso-a-united\/","url":"https:\/\/aeronoticias.com.pe\/noticiero\/transporte-aereo\/internacional\/aerolinea-continental-desaparece-y-da-paso-a-united\/","name":"Aerol\u00ednea Continental desaparece y da paso a United","isPartOf":{"@id":"https:\/\/aeronoticias.com.pe\/noticiero\/#website"},"datePublished":"2012-03-05T15:52:41+00:00","author":{"@id":"https:\/\/aeronoticias.com.pe\/noticiero\/#\/schema\/person\/fc1e5d578f4b62ba1cf7ac2bba1170a0"},"description":"Portal de noticias del Per\u00fa sobre el transporte a\u00e9reo, aviaci\u00f3n, turismo, hoteleria, actualidad.","breadcrumb":{"@id":"https:\/\/aeronoticias.com.pe\/noticiero\/transporte-aereo\/internacional\/aerolinea-continental-desaparece-y-da-paso-a-united\/#breadcrumb"},"inLanguage":"es","potentialAction":[{"@type":"ReadAction","target":["https:\/\/aeronoticias.com.pe\/noticiero\/transporte-aereo\/internacional\/aerolinea-continental-desaparece-y-da-paso-a-united\/"]}]},{"@type":"BreadcrumbList","@id":"https:\/\/aeronoticias.com.pe\/noticiero\/transporte-aereo\/internacional\/aerolinea-continental-desaparece-y-da-paso-a-united\/#breadcrumb","itemListElement":[{"@type":"ListItem","position":1,"name":"Portada","item":"https:\/\/aeronoticias.com.pe\/noticiero\/"},{"@type":"ListItem","position":2,"name":"Aerol\u00ednea Continental desaparece y da paso a United"}]},{"@type":"WebSite","@id":"https:\/\/aeronoticias.com.pe\/noticiero\/#website","url":"https:\/\/aeronoticias.com.pe\/noticiero\/","name":"Aeronoticias.com.pe","description":"Noticias de tranporte aereo, turismo, hoteles, gastronomia, actualidad, internacional","potentialAction":[{"@type":"SearchAction","target":{"@type":"EntryPoint","urlTemplate":"https:\/\/aeronoticias.com.pe\/noticiero\/?s={search_term_string}"},"query-input":{"@type":"PropertyValueSpecification","valueRequired":true,"valueName":"search_term_string"}}],"inLanguage":"es"},{"@type":"Person","@id":"https:\/\/aeronoticias.com.pe\/noticiero\/#\/schema\/person\/fc1e5d578f4b62ba1cf7ac2bba1170a0","name":"Redacci\u00f3n Aeronoticias","url":"https:\/\/aeronoticias.com.pe\/noticiero\/author\/piloto\/"}]}},"_links":{"self":[{"href":"https:\/\/aeronoticias.com.pe\/noticiero\/wp-json\/wp\/v2\/posts\/24019","targetHints":{"allow":["GET"]}}],"collection":[{"href":"https:\/\/aeronoticias.com.pe\/noticiero\/wp-json\/wp\/v2\/posts"}],"about":[{"href":"https:\/\/aeronoticias.com.pe\/noticiero\/wp-json\/wp\/v2\/types\/post"}],"author":[{"embeddable":true,"href":"https:\/\/aeronoticias.com.pe\/noticiero\/wp-json\/wp\/v2\/users\/1"}],"replies":[{"embeddable":true,"href":"https:\/\/aeronoticias.com.pe\/noticiero\/wp-json\/wp\/v2\/comments?post=24019"}],"version-history":[{"count":0,"href":"https:\/\/aeronoticias.com.pe\/noticiero\/wp-json\/wp\/v2\/posts\/24019\/revisions"}],"wp:attachment":[{"href":"https:\/\/aeronoticias.com.pe\/noticiero\/wp-json\/wp\/v2\/media?parent=24019"}],"wp:term":[{"taxonomy":"category","embeddable":true,"href":"https:\/\/aeronoticias.com.pe\/noticiero\/wp-json\/wp\/v2\/categories?post=24019"},{"taxonomy":"post_tag","embeddable":true,"href":"https:\/\/aeronoticias.com.pe\/noticiero\/wp-json\/wp\/v2\/tags?post=24019"}],"curies":[{"name":"wp","href":"https:\/\/api.w.org\/{rel}","templated":true}]}}