{"id":24020,"date":"2012-03-05T15:56:12","date_gmt":"2012-03-05T15:56:12","guid":{"rendered":"http:\/\/desarrollo.mcvicious.com\/aero2020\/2012\/03\/05\/chile-sera-escenario-del-primer-vuelo-con-biocombustible-de-sudamerica\/"},"modified":"2012-03-05T15:56:12","modified_gmt":"2012-03-05T15:56:12","slug":"chile-sera-escenario-del-primer-vuelo-con-biocombustible-de-sudamerica","status":"publish","type":"post","link":"https:\/\/aeronoticias.com.pe\/noticiero\/transporte-aereo\/internacional\/chile-sera-escenario-del-primer-vuelo-con-biocombustible-de-sudamerica\/","title":{"rendered":"Chile ser\u00e1 escenario del primer vuelo con biocombustible de Sudam\u00e9rica"},"content":{"rendered":"<p style=\"text-align: justify;\"><strong>(Aeronoticias).-<\/strong> Este mi\u00e9rcoles sietede marzo, a las 10:30 horas, LAN Airlines llevar\u00e1 a cabo el primer vuelo comercial de una aerol\u00ednea de Sudam\u00e9rica con el empleo de biocombustible, el cual tendr\u00e1 como ruta las ciudades de Santiago y Concepci\u00f3n. La iniciativa de car\u00e1cter ecol\u00f3gico, se enmarca en una serie de medidas tomadas por la compa\u00f1\u00eda para la preservaci\u00f3n del medio ambiente, seg\u00fan se\u00f1alaron. <\/p>\n<p>La aerol\u00ednea chilena, que mantiene una flota con edad promedio de 6,9 a\u00f1os y una de las menores tasas de emisi\u00f3n de C02 de la industria, utiliza un sistema de aproximaci\u00f3n llamado Required Navegation Performance (RNP) que permite el ahorro de ahorro de energ\u00eda debido a que las rutas y aterrizajes llevan menos tiempo. <\/p>\n<p>El acontecimiento, ser\u00e1 el segundo que se realizar\u00e1 en Latinoam\u00e9rica, ya que el a\u00f1o 2011 se llev\u00f3 a cabo el primer vuelo a biocombustible de Latinoam\u00e9rica en M\u00e9xico por la empresa de vuelos dom\u00e9sticos Interjet, una de las aerol\u00edneas m\u00e1s joven del pa\u00eds.<\/p>\n<p>  <!--more-->  <\/p>\n<p style=\"text-align: justify;\">A diferencia de los combustibles f\u00f3siles, el biocombustible se produce org\u00e1nicamente y son renovables. <\/p>\n<p>Para su obtenci\u00f3n se utilizan especies agr\u00edcolas como el ma\u00edz, mandioca, ricas en carbohidratos, o plantas oleaginosas como la soja, girasol y palmas, entre otros. Fuente: http:\/\/economia.terra.com.ve<\/p>\n<p style=\"text-align: justify;\"><img decoding=\"async\" src=\"images\/stories\/12\/03\/050312\/lan.jpg\" border=\"0\" alt=\"Chile ser\u00e1 escenario del primer vuelo con biocombustible de Sudam\u00e9rica \" title=\"Chile ser\u00e1 escenario del primer vuelo con biocombustible de Sudam\u00e9rica \" \/><\/p>\n","protected":false},"excerpt":{"rendered":"<p>(Aeronoticias).- Este mi\u00e9rcoles sietede marzo, a las 10:30 horas, LAN Airlines llevar\u00e1 a cabo el primer vuelo comercial de una aerol\u00ednea de Sudam\u00e9rica con el empleo de biocombustible, el cual tendr\u00e1 como ruta las ciudades de Santiago y Concepci\u00f3n. La iniciativa de car\u00e1cter ecol\u00f3gico, se enmarca en una serie de medidas tomadas por la compa\u00f1\u00eda [&hellip;]<\/p>\n","protected":false},"author":1,"featured_media":0,"comment_status":"open","ping_status":"open","sticky":false,"template":"","format":"standard","meta":{"tdm_status":"","tdm_grid_status":"","footnotes":""},"categories":[32],"tags":[],"class_list":{"0":"post-24020","1":"post","2":"type-post","3":"status-publish","4":"format-standard","6":"category-internacional"},"yoast_head":"<!-- This site is optimized with the Yoast SEO plugin v25.1 - https:\/\/yoast.com\/wordpress\/plugins\/seo\/ -->\n<title>Chile ser\u00e1 escenario del primer vuelo con biocombustible de Sudam\u00e9rica<\/title>\n<meta name=\"description\" content=\"Portal de noticias del Per\u00fa sobre el transporte a\u00e9reo, aviaci\u00f3n, turismo, hoteleria, actualidad.\" \/>\n<meta name=\"robots\" content=\"index, follow, max-snippet:-1, max-image-preview:large, max-video-preview:-1\" \/>\n<link rel=\"canonical\" href=\"https:\/\/aeronoticias.com.pe\/noticiero\/transporte-aereo\/internacional\/chile-sera-escenario-del-primer-vuelo-con-biocombustible-de-sudamerica\/\" \/>\n<meta property=\"og:locale\" content=\"es_ES\" \/>\n<meta property=\"og:type\" content=\"article\" \/>\n<meta property=\"og:title\" content=\"Chile ser\u00e1 escenario del primer vuelo con biocombustible de Sudam\u00e9rica\" \/>\n<meta property=\"og:description\" content=\"Portal de noticias del Per\u00fa sobre el transporte a\u00e9reo, aviaci\u00f3n, turismo, hoteleria, actualidad.\" \/>\n<meta property=\"og:url\" content=\"https:\/\/aeronoticias.com.pe\/noticiero\/transporte-aereo\/internacional\/chile-sera-escenario-del-primer-vuelo-con-biocombustible-de-sudamerica\/\" \/>\n<meta property=\"og:site_name\" content=\"Aeronoticias.com.pe\" \/>\n<meta property=\"article:publisher\" content=\"https:\/\/www.facebook.com\/Aeronoticias.com.pe\/\" \/>\n<meta property=\"article:published_time\" content=\"2012-03-05T15:56:12+00:00\" \/>\n<meta name=\"author\" content=\"Redacci\u00f3n Aeronoticias\" \/>\n<meta name=\"twitter:card\" content=\"summary_large_image\" \/>\n<meta name=\"twitter:creator\" content=\"@aeronoticias\" \/>\n<meta name=\"twitter:site\" content=\"@aeronoticias\" \/>\n<meta name=\"twitter:label1\" content=\"Escrito por\" \/>\n\t<meta name=\"twitter:data1\" content=\"Redacci\u00f3n Aeronoticias\" \/>\n\t<meta name=\"twitter:label2\" content=\"Tiempo de lectura\" \/>\n\t<meta name=\"twitter:data2\" content=\"1 minuto\" \/>\n<script type=\"application\/ld+json\" class=\"yoast-schema-graph\">{\"@context\":\"https:\/\/schema.org\",\"@graph\":[{\"@type\":\"WebPage\",\"@id\":\"https:\/\/aeronoticias.com.pe\/noticiero\/transporte-aereo\/internacional\/chile-sera-escenario-del-primer-vuelo-con-biocombustible-de-sudamerica\/\",\"url\":\"https:\/\/aeronoticias.com.pe\/noticiero\/transporte-aereo\/internacional\/chile-sera-escenario-del-primer-vuelo-con-biocombustible-de-sudamerica\/\",\"name\":\"Chile ser\u00e1 escenario del primer vuelo con biocombustible de Sudam\u00e9rica\",\"isPartOf\":{\"@id\":\"https:\/\/aeronoticias.com.pe\/noticiero\/#website\"},\"datePublished\":\"2012-03-05T15:56:12+00:00\",\"author\":{\"@id\":\"https:\/\/aeronoticias.com.pe\/noticiero\/#\/schema\/person\/fc1e5d578f4b62ba1cf7ac2bba1170a0\"},\"description\":\"Portal de noticias del Per\u00fa sobre el transporte a\u00e9reo, aviaci\u00f3n, turismo, hoteleria, actualidad.\",\"breadcrumb\":{\"@id\":\"https:\/\/aeronoticias.com.pe\/noticiero\/transporte-aereo\/internacional\/chile-sera-escenario-del-primer-vuelo-con-biocombustible-de-sudamerica\/#breadcrumb\"},\"inLanguage\":\"es\",\"potentialAction\":[{\"@type\":\"ReadAction\",\"target\":[\"https:\/\/aeronoticias.com.pe\/noticiero\/transporte-aereo\/internacional\/chile-sera-escenario-del-primer-vuelo-con-biocombustible-de-sudamerica\/\"]}]},{\"@type\":\"BreadcrumbList\",\"@id\":\"https:\/\/aeronoticias.com.pe\/noticiero\/transporte-aereo\/internacional\/chile-sera-escenario-del-primer-vuelo-con-biocombustible-de-sudamerica\/#breadcrumb\",\"itemListElement\":[{\"@type\":\"ListItem\",\"position\":1,\"name\":\"Portada\",\"item\":\"https:\/\/aeronoticias.com.pe\/noticiero\/\"},{\"@type\":\"ListItem\",\"position\":2,\"name\":\"Chile ser\u00e1 escenario del primer vuelo con biocombustible de Sudam\u00e9rica\"}]},{\"@type\":\"WebSite\",\"@id\":\"https:\/\/aeronoticias.com.pe\/noticiero\/#website\",\"url\":\"https:\/\/aeronoticias.com.pe\/noticiero\/\",\"name\":\"Aeronoticias.com.pe\",\"description\":\"Noticias de tranporte aereo, turismo, hoteles, gastronomia, actualidad, internacional\",\"potentialAction\":[{\"@type\":\"SearchAction\",\"target\":{\"@type\":\"EntryPoint\",\"urlTemplate\":\"https:\/\/aeronoticias.com.pe\/noticiero\/?s={search_term_string}\"},\"query-input\":{\"@type\":\"PropertyValueSpecification\",\"valueRequired\":true,\"valueName\":\"search_term_string\"}}],\"inLanguage\":\"es\"},{\"@type\":\"Person\",\"@id\":\"https:\/\/aeronoticias.com.pe\/noticiero\/#\/schema\/person\/fc1e5d578f4b62ba1cf7ac2bba1170a0\",\"name\":\"Redacci\u00f3n Aeronoticias\",\"url\":\"https:\/\/aeronoticias.com.pe\/noticiero\/author\/piloto\/\"}]}<\/script>\n<!-- \/ Yoast SEO plugin. -->","yoast_head_json":{"title":"Chile ser\u00e1 escenario del primer vuelo con biocombustible de Sudam\u00e9rica","description":"Portal de noticias del Per\u00fa sobre el transporte a\u00e9reo, aviaci\u00f3n, turismo, hoteleria, actualidad.","robots":{"index":"index","follow":"follow","max-snippet":"max-snippet:-1","max-image-preview":"max-image-preview:large","max-video-preview":"max-video-preview:-1"},"canonical":"https:\/\/aeronoticias.com.pe\/noticiero\/transporte-aereo\/internacional\/chile-sera-escenario-del-primer-vuelo-con-biocombustible-de-sudamerica\/","og_locale":"es_ES","og_type":"article","og_title":"Chile ser\u00e1 escenario del primer vuelo con biocombustible de Sudam\u00e9rica","og_description":"Portal de noticias del Per\u00fa sobre el transporte a\u00e9reo, aviaci\u00f3n, turismo, hoteleria, actualidad.","og_url":"https:\/\/aeronoticias.com.pe\/noticiero\/transporte-aereo\/internacional\/chile-sera-escenario-del-primer-vuelo-con-biocombustible-de-sudamerica\/","og_site_name":"Aeronoticias.com.pe","article_publisher":"https:\/\/www.facebook.com\/Aeronoticias.com.pe\/","article_published_time":"2012-03-05T15:56:12+00:00","author":"Redacci\u00f3n Aeronoticias","twitter_card":"summary_large_image","twitter_creator":"@aeronoticias","twitter_site":"@aeronoticias","twitter_misc":{"Escrito por":"Redacci\u00f3n Aeronoticias","Tiempo de lectura":"1 minuto"},"schema":{"@context":"https:\/\/schema.org","@graph":[{"@type":"WebPage","@id":"https:\/\/aeronoticias.com.pe\/noticiero\/transporte-aereo\/internacional\/chile-sera-escenario-del-primer-vuelo-con-biocombustible-de-sudamerica\/","url":"https:\/\/aeronoticias.com.pe\/noticiero\/transporte-aereo\/internacional\/chile-sera-escenario-del-primer-vuelo-con-biocombustible-de-sudamerica\/","name":"Chile ser\u00e1 escenario del primer vuelo con biocombustible de Sudam\u00e9rica","isPartOf":{"@id":"https:\/\/aeronoticias.com.pe\/noticiero\/#website"},"datePublished":"2012-03-05T15:56:12+00:00","author":{"@id":"https:\/\/aeronoticias.com.pe\/noticiero\/#\/schema\/person\/fc1e5d578f4b62ba1cf7ac2bba1170a0"},"description":"Portal de noticias del Per\u00fa sobre el transporte a\u00e9reo, aviaci\u00f3n, turismo, hoteleria, actualidad.","breadcrumb":{"@id":"https:\/\/aeronoticias.com.pe\/noticiero\/transporte-aereo\/internacional\/chile-sera-escenario-del-primer-vuelo-con-biocombustible-de-sudamerica\/#breadcrumb"},"inLanguage":"es","potentialAction":[{"@type":"ReadAction","target":["https:\/\/aeronoticias.com.pe\/noticiero\/transporte-aereo\/internacional\/chile-sera-escenario-del-primer-vuelo-con-biocombustible-de-sudamerica\/"]}]},{"@type":"BreadcrumbList","@id":"https:\/\/aeronoticias.com.pe\/noticiero\/transporte-aereo\/internacional\/chile-sera-escenario-del-primer-vuelo-con-biocombustible-de-sudamerica\/#breadcrumb","itemListElement":[{"@type":"ListItem","position":1,"name":"Portada","item":"https:\/\/aeronoticias.com.pe\/noticiero\/"},{"@type":"ListItem","position":2,"name":"Chile ser\u00e1 escenario del primer vuelo con biocombustible de Sudam\u00e9rica"}]},{"@type":"WebSite","@id":"https:\/\/aeronoticias.com.pe\/noticiero\/#website","url":"https:\/\/aeronoticias.com.pe\/noticiero\/","name":"Aeronoticias.com.pe","description":"Noticias de tranporte aereo, turismo, hoteles, gastronomia, actualidad, internacional","potentialAction":[{"@type":"SearchAction","target":{"@type":"EntryPoint","urlTemplate":"https:\/\/aeronoticias.com.pe\/noticiero\/?s={search_term_string}"},"query-input":{"@type":"PropertyValueSpecification","valueRequired":true,"valueName":"search_term_string"}}],"inLanguage":"es"},{"@type":"Person","@id":"https:\/\/aeronoticias.com.pe\/noticiero\/#\/schema\/person\/fc1e5d578f4b62ba1cf7ac2bba1170a0","name":"Redacci\u00f3n Aeronoticias","url":"https:\/\/aeronoticias.com.pe\/noticiero\/author\/piloto\/"}]}},"_links":{"self":[{"href":"https:\/\/aeronoticias.com.pe\/noticiero\/wp-json\/wp\/v2\/posts\/24020","targetHints":{"allow":["GET"]}}],"collection":[{"href":"https:\/\/aeronoticias.com.pe\/noticiero\/wp-json\/wp\/v2\/posts"}],"about":[{"href":"https:\/\/aeronoticias.com.pe\/noticiero\/wp-json\/wp\/v2\/types\/post"}],"author":[{"embeddable":true,"href":"https:\/\/aeronoticias.com.pe\/noticiero\/wp-json\/wp\/v2\/users\/1"}],"replies":[{"embeddable":true,"href":"https:\/\/aeronoticias.com.pe\/noticiero\/wp-json\/wp\/v2\/comments?post=24020"}],"version-history":[{"count":0,"href":"https:\/\/aeronoticias.com.pe\/noticiero\/wp-json\/wp\/v2\/posts\/24020\/revisions"}],"wp:attachment":[{"href":"https:\/\/aeronoticias.com.pe\/noticiero\/wp-json\/wp\/v2\/media?parent=24020"}],"wp:term":[{"taxonomy":"category","embeddable":true,"href":"https:\/\/aeronoticias.com.pe\/noticiero\/wp-json\/wp\/v2\/categories?post=24020"},{"taxonomy":"post_tag","embeddable":true,"href":"https:\/\/aeronoticias.com.pe\/noticiero\/wp-json\/wp\/v2\/tags?post=24020"}],"curies":[{"name":"wp","href":"https:\/\/api.w.org\/{rel}","templated":true}]}}