{"id":24021,"date":"2012-03-05T17:44:31","date_gmt":"2012-03-05T17:44:31","guid":{"rendered":"http:\/\/desarrollo.mcvicious.com\/aero2020\/2012\/03\/05\/servicio-de-movilidad-escolares-vigilado-por-25-mil-policias\/"},"modified":"2012-03-05T17:44:31","modified_gmt":"2012-03-05T17:44:31","slug":"servicio-de-movilidad-escolares-vigilado-por-25-mil-policias","status":"publish","type":"post","link":"https:\/\/aeronoticias.com.pe\/noticiero\/nacionales\/servicio-de-movilidad-escolares-vigilado-por-25-mil-policias\/","title":{"rendered":"Servicio de movilidad escolar es vigilado por 25 mil polic\u00edas"},"content":{"rendered":"<p style=\"text-align: justify;\"><strong>(Aeronoticias)<\/strong> Cerca de 2,500 agentes de la Divisi\u00f3n de Polic\u00eda de Tr\u00e1nsito (Divpoltran) fiscalizan de forma constante y rigurosa el servicio de movilidad escolar en Lima para garantizar que el transporte de los estudiantes se brinde con total seguridad, se inform\u00f3 hoy.<\/p>\n<p>Aldo Villa, jefe de esa divisi\u00f3n policial, indic\u00f3 que este trabajo busca que los responsables de las movilidades escolares cumplan con todos los requisitos t\u00e9cnicos y documentarios para prestar el servicio dentro del \u00e1mbito formal y as\u00ed proteger a los escolares.<\/p>\n<p>En la parte documentar\u00eda, se\u00f1al\u00f3 que el conductor de una movilidad escolar debe contar con brevete, tarjeta de propiedad, certificado municipal de operaci\u00f3n, Seguro Obligatorio contra Accidentes de Tr\u00e1nsito (SOAT) y certificado de inspecci\u00f3n t\u00e9cnica vehicular vigente.<\/p>\n<p>Record\u00f3 que las normas actuales se\u00f1alan que prestar el servicio de transporte escolar sin tener autorizaci\u00f3n al momento de la intervenci\u00f3n implica una multa de S\/. 3,650.00 para el responsable del veh\u00edculo, adem\u00e1s del internamiento de la unidad en el dep\u00f3sito municipal.<\/p>\n<p>Similar sanci\u00f3n se aplicar\u00e1 cuando el servicio se brinde con veh\u00edculos no registrados o no habilitados al momento de la intervenci\u00f3n. La multa ser\u00e1 de S\/. 730.00, monto equivalente al 20% de una Unidad Impositiva Tributaria (UIT) cuando la movilidad exceda la capacidad permitida de pasajeros en el veh\u00edculo y cuando los escolares no se coloquen el cintur\u00f3n de seguridad.<\/p>\n<p>  <!--more-->  <\/p>\n<p style=\"text-align: justify;\"><img decoding=\"async\" src=\"images\/stories\/12\/03\/050312\/movilidad.jpg\" border=\"0\" alt=\"movilidad\" title=\"movilidad\" \/><\/p>\n","protected":false},"excerpt":{"rendered":"<p>(Aeronoticias) Cerca de 2,500 agentes de la Divisi\u00f3n de Polic\u00eda de Tr\u00e1nsito (Divpoltran) fiscalizan de forma constante y rigurosa el servicio de movilidad escolar en Lima para garantizar que el transporte de los estudiantes se brinde con total seguridad, se inform\u00f3 hoy. Aldo Villa, jefe de esa divisi\u00f3n policial, indic\u00f3 que este trabajo busca que [&hellip;]<\/p>\n","protected":false},"author":1,"featured_media":0,"comment_status":"open","ping_status":"open","sticky":false,"template":"","format":"standard","meta":{"tdm_status":"","tdm_grid_status":"","footnotes":""},"categories":[38],"tags":[],"class_list":{"0":"post-24021","1":"post","2":"type-post","3":"status-publish","4":"format-standard","6":"category-nacionales"},"yoast_head":"<!-- This site is optimized with the Yoast SEO plugin v25.1 - https:\/\/yoast.com\/wordpress\/plugins\/seo\/ -->\n<title>Servicio de movilidad escolar es vigilado por 25 mil polic\u00edas<\/title>\n<meta name=\"description\" content=\"Portal de noticias del Per\u00fa sobre el transporte a\u00e9reo, aviaci\u00f3n, turismo, hoteleria, actualidad.\" \/>\n<meta name=\"robots\" content=\"index, follow, max-snippet:-1, max-image-preview:large, max-video-preview:-1\" \/>\n<link rel=\"canonical\" href=\"https:\/\/aeronoticias.com.pe\/noticiero\/nacionales\/servicio-de-movilidad-escolares-vigilado-por-25-mil-policias\/\" \/>\n<meta property=\"og:locale\" content=\"es_ES\" \/>\n<meta property=\"og:type\" content=\"article\" \/>\n<meta property=\"og:title\" content=\"Servicio de movilidad escolar es vigilado por 25 mil polic\u00edas\" \/>\n<meta property=\"og:description\" content=\"Portal de noticias del Per\u00fa sobre el transporte a\u00e9reo, aviaci\u00f3n, turismo, hoteleria, actualidad.\" \/>\n<meta property=\"og:url\" content=\"https:\/\/aeronoticias.com.pe\/noticiero\/nacionales\/servicio-de-movilidad-escolares-vigilado-por-25-mil-policias\/\" \/>\n<meta property=\"og:site_name\" content=\"Aeronoticias.com.pe\" \/>\n<meta property=\"article:publisher\" content=\"https:\/\/www.facebook.com\/Aeronoticias.com.pe\/\" \/>\n<meta property=\"article:published_time\" content=\"2012-03-05T17:44:31+00:00\" \/>\n<meta name=\"author\" content=\"Redacci\u00f3n Aeronoticias\" \/>\n<meta name=\"twitter:card\" content=\"summary_large_image\" \/>\n<meta name=\"twitter:creator\" content=\"@aeronoticias\" \/>\n<meta name=\"twitter:site\" content=\"@aeronoticias\" \/>\n<meta name=\"twitter:label1\" content=\"Escrito por\" \/>\n\t<meta name=\"twitter:data1\" content=\"Redacci\u00f3n Aeronoticias\" \/>\n\t<meta name=\"twitter:label2\" content=\"Tiempo de lectura\" \/>\n\t<meta name=\"twitter:data2\" content=\"1 minuto\" \/>\n<script type=\"application\/ld+json\" class=\"yoast-schema-graph\">{\"@context\":\"https:\/\/schema.org\",\"@graph\":[{\"@type\":\"WebPage\",\"@id\":\"https:\/\/aeronoticias.com.pe\/noticiero\/nacionales\/servicio-de-movilidad-escolares-vigilado-por-25-mil-policias\/\",\"url\":\"https:\/\/aeronoticias.com.pe\/noticiero\/nacionales\/servicio-de-movilidad-escolares-vigilado-por-25-mil-policias\/\",\"name\":\"Servicio de movilidad escolar es vigilado por 25 mil polic\u00edas\",\"isPartOf\":{\"@id\":\"https:\/\/aeronoticias.com.pe\/noticiero\/#website\"},\"datePublished\":\"2012-03-05T17:44:31+00:00\",\"author\":{\"@id\":\"https:\/\/aeronoticias.com.pe\/noticiero\/#\/schema\/person\/fc1e5d578f4b62ba1cf7ac2bba1170a0\"},\"description\":\"Portal de noticias del Per\u00fa sobre el transporte a\u00e9reo, aviaci\u00f3n, turismo, hoteleria, actualidad.\",\"breadcrumb\":{\"@id\":\"https:\/\/aeronoticias.com.pe\/noticiero\/nacionales\/servicio-de-movilidad-escolares-vigilado-por-25-mil-policias\/#breadcrumb\"},\"inLanguage\":\"es\",\"potentialAction\":[{\"@type\":\"ReadAction\",\"target\":[\"https:\/\/aeronoticias.com.pe\/noticiero\/nacionales\/servicio-de-movilidad-escolares-vigilado-por-25-mil-policias\/\"]}]},{\"@type\":\"BreadcrumbList\",\"@id\":\"https:\/\/aeronoticias.com.pe\/noticiero\/nacionales\/servicio-de-movilidad-escolares-vigilado-por-25-mil-policias\/#breadcrumb\",\"itemListElement\":[{\"@type\":\"ListItem\",\"position\":1,\"name\":\"Portada\",\"item\":\"https:\/\/aeronoticias.com.pe\/noticiero\/\"},{\"@type\":\"ListItem\",\"position\":2,\"name\":\"Servicio de movilidad escolar es vigilado por 25 mil polic\u00edas\"}]},{\"@type\":\"WebSite\",\"@id\":\"https:\/\/aeronoticias.com.pe\/noticiero\/#website\",\"url\":\"https:\/\/aeronoticias.com.pe\/noticiero\/\",\"name\":\"Aeronoticias.com.pe\",\"description\":\"Noticias de tranporte aereo, turismo, hoteles, gastronomia, actualidad, internacional\",\"potentialAction\":[{\"@type\":\"SearchAction\",\"target\":{\"@type\":\"EntryPoint\",\"urlTemplate\":\"https:\/\/aeronoticias.com.pe\/noticiero\/?s={search_term_string}\"},\"query-input\":{\"@type\":\"PropertyValueSpecification\",\"valueRequired\":true,\"valueName\":\"search_term_string\"}}],\"inLanguage\":\"es\"},{\"@type\":\"Person\",\"@id\":\"https:\/\/aeronoticias.com.pe\/noticiero\/#\/schema\/person\/fc1e5d578f4b62ba1cf7ac2bba1170a0\",\"name\":\"Redacci\u00f3n Aeronoticias\",\"url\":\"https:\/\/aeronoticias.com.pe\/noticiero\/author\/piloto\/\"}]}<\/script>\n<!-- \/ Yoast SEO plugin. -->","yoast_head_json":{"title":"Servicio de movilidad escolar es vigilado por 25 mil polic\u00edas","description":"Portal de noticias del Per\u00fa sobre el transporte a\u00e9reo, aviaci\u00f3n, turismo, hoteleria, actualidad.","robots":{"index":"index","follow":"follow","max-snippet":"max-snippet:-1","max-image-preview":"max-image-preview:large","max-video-preview":"max-video-preview:-1"},"canonical":"https:\/\/aeronoticias.com.pe\/noticiero\/nacionales\/servicio-de-movilidad-escolares-vigilado-por-25-mil-policias\/","og_locale":"es_ES","og_type":"article","og_title":"Servicio de movilidad escolar es vigilado por 25 mil polic\u00edas","og_description":"Portal de noticias del Per\u00fa sobre el transporte a\u00e9reo, aviaci\u00f3n, turismo, hoteleria, actualidad.","og_url":"https:\/\/aeronoticias.com.pe\/noticiero\/nacionales\/servicio-de-movilidad-escolares-vigilado-por-25-mil-policias\/","og_site_name":"Aeronoticias.com.pe","article_publisher":"https:\/\/www.facebook.com\/Aeronoticias.com.pe\/","article_published_time":"2012-03-05T17:44:31+00:00","author":"Redacci\u00f3n Aeronoticias","twitter_card":"summary_large_image","twitter_creator":"@aeronoticias","twitter_site":"@aeronoticias","twitter_misc":{"Escrito por":"Redacci\u00f3n Aeronoticias","Tiempo de lectura":"1 minuto"},"schema":{"@context":"https:\/\/schema.org","@graph":[{"@type":"WebPage","@id":"https:\/\/aeronoticias.com.pe\/noticiero\/nacionales\/servicio-de-movilidad-escolares-vigilado-por-25-mil-policias\/","url":"https:\/\/aeronoticias.com.pe\/noticiero\/nacionales\/servicio-de-movilidad-escolares-vigilado-por-25-mil-policias\/","name":"Servicio de movilidad escolar es vigilado por 25 mil polic\u00edas","isPartOf":{"@id":"https:\/\/aeronoticias.com.pe\/noticiero\/#website"},"datePublished":"2012-03-05T17:44:31+00:00","author":{"@id":"https:\/\/aeronoticias.com.pe\/noticiero\/#\/schema\/person\/fc1e5d578f4b62ba1cf7ac2bba1170a0"},"description":"Portal de noticias del Per\u00fa sobre el transporte a\u00e9reo, aviaci\u00f3n, turismo, hoteleria, actualidad.","breadcrumb":{"@id":"https:\/\/aeronoticias.com.pe\/noticiero\/nacionales\/servicio-de-movilidad-escolares-vigilado-por-25-mil-policias\/#breadcrumb"},"inLanguage":"es","potentialAction":[{"@type":"ReadAction","target":["https:\/\/aeronoticias.com.pe\/noticiero\/nacionales\/servicio-de-movilidad-escolares-vigilado-por-25-mil-policias\/"]}]},{"@type":"BreadcrumbList","@id":"https:\/\/aeronoticias.com.pe\/noticiero\/nacionales\/servicio-de-movilidad-escolares-vigilado-por-25-mil-policias\/#breadcrumb","itemListElement":[{"@type":"ListItem","position":1,"name":"Portada","item":"https:\/\/aeronoticias.com.pe\/noticiero\/"},{"@type":"ListItem","position":2,"name":"Servicio de movilidad escolar es vigilado por 25 mil polic\u00edas"}]},{"@type":"WebSite","@id":"https:\/\/aeronoticias.com.pe\/noticiero\/#website","url":"https:\/\/aeronoticias.com.pe\/noticiero\/","name":"Aeronoticias.com.pe","description":"Noticias de tranporte aereo, turismo, hoteles, gastronomia, actualidad, internacional","potentialAction":[{"@type":"SearchAction","target":{"@type":"EntryPoint","urlTemplate":"https:\/\/aeronoticias.com.pe\/noticiero\/?s={search_term_string}"},"query-input":{"@type":"PropertyValueSpecification","valueRequired":true,"valueName":"search_term_string"}}],"inLanguage":"es"},{"@type":"Person","@id":"https:\/\/aeronoticias.com.pe\/noticiero\/#\/schema\/person\/fc1e5d578f4b62ba1cf7ac2bba1170a0","name":"Redacci\u00f3n Aeronoticias","url":"https:\/\/aeronoticias.com.pe\/noticiero\/author\/piloto\/"}]}},"_links":{"self":[{"href":"https:\/\/aeronoticias.com.pe\/noticiero\/wp-json\/wp\/v2\/posts\/24021","targetHints":{"allow":["GET"]}}],"collection":[{"href":"https:\/\/aeronoticias.com.pe\/noticiero\/wp-json\/wp\/v2\/posts"}],"about":[{"href":"https:\/\/aeronoticias.com.pe\/noticiero\/wp-json\/wp\/v2\/types\/post"}],"author":[{"embeddable":true,"href":"https:\/\/aeronoticias.com.pe\/noticiero\/wp-json\/wp\/v2\/users\/1"}],"replies":[{"embeddable":true,"href":"https:\/\/aeronoticias.com.pe\/noticiero\/wp-json\/wp\/v2\/comments?post=24021"}],"version-history":[{"count":0,"href":"https:\/\/aeronoticias.com.pe\/noticiero\/wp-json\/wp\/v2\/posts\/24021\/revisions"}],"wp:attachment":[{"href":"https:\/\/aeronoticias.com.pe\/noticiero\/wp-json\/wp\/v2\/media?parent=24021"}],"wp:term":[{"taxonomy":"category","embeddable":true,"href":"https:\/\/aeronoticias.com.pe\/noticiero\/wp-json\/wp\/v2\/categories?post=24021"},{"taxonomy":"post_tag","embeddable":true,"href":"https:\/\/aeronoticias.com.pe\/noticiero\/wp-json\/wp\/v2\/tags?post=24021"}],"curies":[{"name":"wp","href":"https:\/\/api.w.org\/{rel}","templated":true}]}}