{"id":24022,"date":"2012-03-05T18:09:00","date_gmt":"2012-03-05T18:09:00","guid":{"rendered":"http:\/\/desarrollo.mcvicious.com\/aero2020\/2012\/03\/05\/sindicato-de-pilotos-de-lan-y-comision-de-derecho-aeronautico-del-cal-trabajaran-conjuntamente-en-temas-aeronauticos\/"},"modified":"2012-03-05T18:09:00","modified_gmt":"2012-03-05T18:09:00","slug":"sindicato-de-pilotos-de-lan-y-comision-de-derecho-aeronautico-del-cal-trabajaran-conjuntamente-en-temas-aeronauticos","status":"publish","type":"post","link":"https:\/\/aeronoticias.com.pe\/noticiero\/transporte-aereo\/nacional\/sindicato-de-pilotos-de-lan-y-comision-de-derecho-aeronautico-del-cal-trabajaran-conjuntamente-en-temas-aeronauticos\/","title":{"rendered":"Sindicato de pilotos de LAN y Comisi\u00f3n de Derecho Aeron\u00e1utico del CAL trabajar\u00e1n conjuntamente en temas aeron\u00e1uticos"},"content":{"rendered":"<p style=\"text-align: justify;\"><strong>(Aeronoticias)<\/strong> El 18 de febrero de 2012 ha asumido funciones la nueva Junta Directiva del Sindicato de Pilotos de LAN PER\u00da para el periodo 2012-2014 que preside el Capit\u00e1n Myrko Ol\u00f3rtegui del Castillo he integran como vicepresidente el Capit\u00e1n Julio Aquije Castillo, como secretario el Capit\u00e1n Daniel Nieto Budich, el vocal de Asuntos Internos, Primer Oficial Jimena Huallanca Morales, el vocal de Asuntos Externos el Capit\u00e1n Calixto C\u00f3rdova Estabridis y como tesorero el Capit\u00e1n Nicol\u00e1s Birimisa Otero.<\/p>\n<p>El Sindicato de Pilotos de LAN PER\u00da agremia a m\u00e1s de 300 pilotos peruanos en actividad y es el \u00fanico legitimado y que representa a este gremio de pilotos en el Per\u00fa, cualquier otra asociaci\u00f3n que se irrogue alguna representaci\u00f3n no existe a criterio de la Dra. Marilyn Fl\u00f3rez Villaverde, abogada secretaria de la Comisi\u00f3n de Derecho Aeron\u00e1utica del ilustre Colegio de Abogados de Lima CAL que preside el jurista Juli\u00e1n Palacin Fern\u00e1ndez.<\/p>\n<p>A la fecha, el sindicato de pilotos de LAN PER\u00da que preside Myrko Ol\u00f3rtegui Del Castillo y la Comisi\u00f3n de Derecho Aeron\u00e1utico, del Espacio y de la Aviaci\u00f3n Comercial del Colegio de Abogados de Lima que preside el Dr. Juli\u00e1n Palacin Fern\u00e1ndez, han decidido trabajar en forma conjunta por el progreso de la aeron\u00e1utica civil del pa\u00eds.<\/p>\n<p>  <!--more-->  <\/p>\n<p style=\"text-align: center;\"><img decoding=\"async\" src=\"images\/stories\/12\/03\/050312\/olortegui-palacin.jpg\" border=\"0\" alt=\"Sindicato de pilotos de LAN y Comisi\u00f3n de Derecho Aeron\u00e1utico del CAL trabajar\u00e1n conjuntamente en temas aeron\u00e1uticos\" \/><\/p>\n<p style=\"text-align: justify;\"><a href=\"images\/stories\/12\/03\/050312\/carta_siplap.pdf\" target=\"_blank\" rel=\"noopener noreferrer\"><span style=\"text-decoration: underline;\">Hacer click para ver la carta del Sindicato de Pilotos de LAN PER\u00da<\/span><\/a>.<\/p>\n<p style=\"text-align: justify;\"><a href=\"images\/stories\/12\/03\/050312\/carta_olortegui.pdf\" target=\"_blank\" rel=\"noopener noreferrer\"><span style=\"text-decoration: underline;\">Hacer click para ver la carta de la Comisi\u00f3n de Derecho Aeron\u00e1utico del Colegio de Abogados de Lima<\/span><\/a>.<\/p>\n","protected":false},"excerpt":{"rendered":"<p>(Aeronoticias) El 18 de febrero de 2012 ha asumido funciones la nueva Junta Directiva del Sindicato de Pilotos de LAN PER\u00da para el periodo 2012-2014 que preside el Capit\u00e1n Myrko Ol\u00f3rtegui del Castillo he integran como vicepresidente el Capit\u00e1n Julio Aquije Castillo, como secretario el Capit\u00e1n Daniel Nieto Budich, el vocal de Asuntos Internos, Primer [&hellip;]<\/p>\n","protected":false},"author":1,"featured_media":0,"comment_status":"open","ping_status":"open","sticky":false,"template":"","format":"standard","meta":{"tdm_status":"","tdm_grid_status":"","footnotes":""},"categories":[51],"tags":[],"class_list":{"0":"post-24022","1":"post","2":"type-post","3":"status-publish","4":"format-standard","6":"category-nacional"},"yoast_head":"<!-- This site is optimized with the Yoast SEO plugin v25.1 - https:\/\/yoast.com\/wordpress\/plugins\/seo\/ -->\n<title>Sindicato de pilotos de LAN y Comisi\u00f3n de Derecho Aeron\u00e1utico del CAL trabajar\u00e1n conjuntamente en temas aeron\u00e1uticos<\/title>\n<meta name=\"description\" content=\"Portal de noticias del Per\u00fa sobre el transporte a\u00e9reo, aviaci\u00f3n, turismo, hoteleria, actualidad.\" \/>\n<meta name=\"robots\" content=\"index, follow, max-snippet:-1, max-image-preview:large, max-video-preview:-1\" \/>\n<link rel=\"canonical\" href=\"https:\/\/aeronoticias.com.pe\/noticiero\/transporte-aereo\/nacional\/sindicato-de-pilotos-de-lan-y-comision-de-derecho-aeronautico-del-cal-trabajaran-conjuntamente-en-temas-aeronauticos\/\" \/>\n<meta property=\"og:locale\" content=\"es_ES\" \/>\n<meta property=\"og:type\" content=\"article\" \/>\n<meta property=\"og:title\" content=\"Sindicato de pilotos de LAN y Comisi\u00f3n de Derecho Aeron\u00e1utico del CAL trabajar\u00e1n conjuntamente en temas aeron\u00e1uticos\" \/>\n<meta property=\"og:description\" content=\"Portal de noticias del Per\u00fa sobre el transporte a\u00e9reo, aviaci\u00f3n, turismo, hoteleria, actualidad.\" \/>\n<meta property=\"og:url\" content=\"https:\/\/aeronoticias.com.pe\/noticiero\/transporte-aereo\/nacional\/sindicato-de-pilotos-de-lan-y-comision-de-derecho-aeronautico-del-cal-trabajaran-conjuntamente-en-temas-aeronauticos\/\" \/>\n<meta property=\"og:site_name\" content=\"Aeronoticias.com.pe\" \/>\n<meta property=\"article:publisher\" content=\"https:\/\/www.facebook.com\/Aeronoticias.com.pe\/\" \/>\n<meta property=\"article:published_time\" content=\"2012-03-05T18:09:00+00:00\" \/>\n<meta name=\"author\" content=\"Redacci\u00f3n Aeronoticias\" \/>\n<meta name=\"twitter:card\" content=\"summary_large_image\" \/>\n<meta name=\"twitter:creator\" content=\"@aeronoticias\" \/>\n<meta name=\"twitter:site\" content=\"@aeronoticias\" \/>\n<meta name=\"twitter:label1\" content=\"Escrito por\" \/>\n\t<meta name=\"twitter:data1\" content=\"Redacci\u00f3n Aeronoticias\" \/>\n\t<meta name=\"twitter:label2\" content=\"Tiempo de lectura\" \/>\n\t<meta name=\"twitter:data2\" content=\"1 minuto\" \/>\n<script type=\"application\/ld+json\" class=\"yoast-schema-graph\">{\"@context\":\"https:\/\/schema.org\",\"@graph\":[{\"@type\":\"WebPage\",\"@id\":\"https:\/\/aeronoticias.com.pe\/noticiero\/transporte-aereo\/nacional\/sindicato-de-pilotos-de-lan-y-comision-de-derecho-aeronautico-del-cal-trabajaran-conjuntamente-en-temas-aeronauticos\/\",\"url\":\"https:\/\/aeronoticias.com.pe\/noticiero\/transporte-aereo\/nacional\/sindicato-de-pilotos-de-lan-y-comision-de-derecho-aeronautico-del-cal-trabajaran-conjuntamente-en-temas-aeronauticos\/\",\"name\":\"Sindicato de pilotos de LAN y Comisi\u00f3n de Derecho Aeron\u00e1utico del CAL trabajar\u00e1n conjuntamente en temas aeron\u00e1uticos\",\"isPartOf\":{\"@id\":\"https:\/\/aeronoticias.com.pe\/noticiero\/#website\"},\"datePublished\":\"2012-03-05T18:09:00+00:00\",\"author\":{\"@id\":\"https:\/\/aeronoticias.com.pe\/noticiero\/#\/schema\/person\/fc1e5d578f4b62ba1cf7ac2bba1170a0\"},\"description\":\"Portal de noticias del Per\u00fa sobre el transporte a\u00e9reo, aviaci\u00f3n, turismo, hoteleria, actualidad.\",\"breadcrumb\":{\"@id\":\"https:\/\/aeronoticias.com.pe\/noticiero\/transporte-aereo\/nacional\/sindicato-de-pilotos-de-lan-y-comision-de-derecho-aeronautico-del-cal-trabajaran-conjuntamente-en-temas-aeronauticos\/#breadcrumb\"},\"inLanguage\":\"es\",\"potentialAction\":[{\"@type\":\"ReadAction\",\"target\":[\"https:\/\/aeronoticias.com.pe\/noticiero\/transporte-aereo\/nacional\/sindicato-de-pilotos-de-lan-y-comision-de-derecho-aeronautico-del-cal-trabajaran-conjuntamente-en-temas-aeronauticos\/\"]}]},{\"@type\":\"BreadcrumbList\",\"@id\":\"https:\/\/aeronoticias.com.pe\/noticiero\/transporte-aereo\/nacional\/sindicato-de-pilotos-de-lan-y-comision-de-derecho-aeronautico-del-cal-trabajaran-conjuntamente-en-temas-aeronauticos\/#breadcrumb\",\"itemListElement\":[{\"@type\":\"ListItem\",\"position\":1,\"name\":\"Portada\",\"item\":\"https:\/\/aeronoticias.com.pe\/noticiero\/\"},{\"@type\":\"ListItem\",\"position\":2,\"name\":\"Sindicato de pilotos de LAN y Comisi\u00f3n de Derecho Aeron\u00e1utico del CAL trabajar\u00e1n conjuntamente en temas aeron\u00e1uticos\"}]},{\"@type\":\"WebSite\",\"@id\":\"https:\/\/aeronoticias.com.pe\/noticiero\/#website\",\"url\":\"https:\/\/aeronoticias.com.pe\/noticiero\/\",\"name\":\"Aeronoticias.com.pe\",\"description\":\"Noticias de tranporte aereo, turismo, hoteles, gastronomia, actualidad, internacional\",\"potentialAction\":[{\"@type\":\"SearchAction\",\"target\":{\"@type\":\"EntryPoint\",\"urlTemplate\":\"https:\/\/aeronoticias.com.pe\/noticiero\/?s={search_term_string}\"},\"query-input\":{\"@type\":\"PropertyValueSpecification\",\"valueRequired\":true,\"valueName\":\"search_term_string\"}}],\"inLanguage\":\"es\"},{\"@type\":\"Person\",\"@id\":\"https:\/\/aeronoticias.com.pe\/noticiero\/#\/schema\/person\/fc1e5d578f4b62ba1cf7ac2bba1170a0\",\"name\":\"Redacci\u00f3n Aeronoticias\",\"url\":\"https:\/\/aeronoticias.com.pe\/noticiero\/author\/piloto\/\"}]}<\/script>\n<!-- \/ Yoast SEO plugin. -->","yoast_head_json":{"title":"Sindicato de pilotos de LAN y Comisi\u00f3n de Derecho Aeron\u00e1utico del CAL trabajar\u00e1n conjuntamente en temas aeron\u00e1uticos","description":"Portal de noticias del Per\u00fa sobre el transporte a\u00e9reo, aviaci\u00f3n, turismo, hoteleria, actualidad.","robots":{"index":"index","follow":"follow","max-snippet":"max-snippet:-1","max-image-preview":"max-image-preview:large","max-video-preview":"max-video-preview:-1"},"canonical":"https:\/\/aeronoticias.com.pe\/noticiero\/transporte-aereo\/nacional\/sindicato-de-pilotos-de-lan-y-comision-de-derecho-aeronautico-del-cal-trabajaran-conjuntamente-en-temas-aeronauticos\/","og_locale":"es_ES","og_type":"article","og_title":"Sindicato de pilotos de LAN y Comisi\u00f3n de Derecho Aeron\u00e1utico del CAL trabajar\u00e1n conjuntamente en temas aeron\u00e1uticos","og_description":"Portal de noticias del Per\u00fa sobre el transporte a\u00e9reo, aviaci\u00f3n, turismo, hoteleria, actualidad.","og_url":"https:\/\/aeronoticias.com.pe\/noticiero\/transporte-aereo\/nacional\/sindicato-de-pilotos-de-lan-y-comision-de-derecho-aeronautico-del-cal-trabajaran-conjuntamente-en-temas-aeronauticos\/","og_site_name":"Aeronoticias.com.pe","article_publisher":"https:\/\/www.facebook.com\/Aeronoticias.com.pe\/","article_published_time":"2012-03-05T18:09:00+00:00","author":"Redacci\u00f3n Aeronoticias","twitter_card":"summary_large_image","twitter_creator":"@aeronoticias","twitter_site":"@aeronoticias","twitter_misc":{"Escrito por":"Redacci\u00f3n Aeronoticias","Tiempo de lectura":"1 minuto"},"schema":{"@context":"https:\/\/schema.org","@graph":[{"@type":"WebPage","@id":"https:\/\/aeronoticias.com.pe\/noticiero\/transporte-aereo\/nacional\/sindicato-de-pilotos-de-lan-y-comision-de-derecho-aeronautico-del-cal-trabajaran-conjuntamente-en-temas-aeronauticos\/","url":"https:\/\/aeronoticias.com.pe\/noticiero\/transporte-aereo\/nacional\/sindicato-de-pilotos-de-lan-y-comision-de-derecho-aeronautico-del-cal-trabajaran-conjuntamente-en-temas-aeronauticos\/","name":"Sindicato de pilotos de LAN y Comisi\u00f3n de Derecho Aeron\u00e1utico del CAL trabajar\u00e1n conjuntamente en temas aeron\u00e1uticos","isPartOf":{"@id":"https:\/\/aeronoticias.com.pe\/noticiero\/#website"},"datePublished":"2012-03-05T18:09:00+00:00","author":{"@id":"https:\/\/aeronoticias.com.pe\/noticiero\/#\/schema\/person\/fc1e5d578f4b62ba1cf7ac2bba1170a0"},"description":"Portal de noticias del Per\u00fa sobre el transporte a\u00e9reo, aviaci\u00f3n, turismo, hoteleria, actualidad.","breadcrumb":{"@id":"https:\/\/aeronoticias.com.pe\/noticiero\/transporte-aereo\/nacional\/sindicato-de-pilotos-de-lan-y-comision-de-derecho-aeronautico-del-cal-trabajaran-conjuntamente-en-temas-aeronauticos\/#breadcrumb"},"inLanguage":"es","potentialAction":[{"@type":"ReadAction","target":["https:\/\/aeronoticias.com.pe\/noticiero\/transporte-aereo\/nacional\/sindicato-de-pilotos-de-lan-y-comision-de-derecho-aeronautico-del-cal-trabajaran-conjuntamente-en-temas-aeronauticos\/"]}]},{"@type":"BreadcrumbList","@id":"https:\/\/aeronoticias.com.pe\/noticiero\/transporte-aereo\/nacional\/sindicato-de-pilotos-de-lan-y-comision-de-derecho-aeronautico-del-cal-trabajaran-conjuntamente-en-temas-aeronauticos\/#breadcrumb","itemListElement":[{"@type":"ListItem","position":1,"name":"Portada","item":"https:\/\/aeronoticias.com.pe\/noticiero\/"},{"@type":"ListItem","position":2,"name":"Sindicato de pilotos de LAN y Comisi\u00f3n de Derecho Aeron\u00e1utico del CAL trabajar\u00e1n conjuntamente en temas aeron\u00e1uticos"}]},{"@type":"WebSite","@id":"https:\/\/aeronoticias.com.pe\/noticiero\/#website","url":"https:\/\/aeronoticias.com.pe\/noticiero\/","name":"Aeronoticias.com.pe","description":"Noticias de tranporte aereo, turismo, hoteles, gastronomia, actualidad, internacional","potentialAction":[{"@type":"SearchAction","target":{"@type":"EntryPoint","urlTemplate":"https:\/\/aeronoticias.com.pe\/noticiero\/?s={search_term_string}"},"query-input":{"@type":"PropertyValueSpecification","valueRequired":true,"valueName":"search_term_string"}}],"inLanguage":"es"},{"@type":"Person","@id":"https:\/\/aeronoticias.com.pe\/noticiero\/#\/schema\/person\/fc1e5d578f4b62ba1cf7ac2bba1170a0","name":"Redacci\u00f3n Aeronoticias","url":"https:\/\/aeronoticias.com.pe\/noticiero\/author\/piloto\/"}]}},"_links":{"self":[{"href":"https:\/\/aeronoticias.com.pe\/noticiero\/wp-json\/wp\/v2\/posts\/24022","targetHints":{"allow":["GET"]}}],"collection":[{"href":"https:\/\/aeronoticias.com.pe\/noticiero\/wp-json\/wp\/v2\/posts"}],"about":[{"href":"https:\/\/aeronoticias.com.pe\/noticiero\/wp-json\/wp\/v2\/types\/post"}],"author":[{"embeddable":true,"href":"https:\/\/aeronoticias.com.pe\/noticiero\/wp-json\/wp\/v2\/users\/1"}],"replies":[{"embeddable":true,"href":"https:\/\/aeronoticias.com.pe\/noticiero\/wp-json\/wp\/v2\/comments?post=24022"}],"version-history":[{"count":0,"href":"https:\/\/aeronoticias.com.pe\/noticiero\/wp-json\/wp\/v2\/posts\/24022\/revisions"}],"wp:attachment":[{"href":"https:\/\/aeronoticias.com.pe\/noticiero\/wp-json\/wp\/v2\/media?parent=24022"}],"wp:term":[{"taxonomy":"category","embeddable":true,"href":"https:\/\/aeronoticias.com.pe\/noticiero\/wp-json\/wp\/v2\/categories?post=24022"},{"taxonomy":"post_tag","embeddable":true,"href":"https:\/\/aeronoticias.com.pe\/noticiero\/wp-json\/wp\/v2\/tags?post=24022"}],"curies":[{"name":"wp","href":"https:\/\/api.w.org\/{rel}","templated":true}]}}