{"id":24023,"date":"2012-03-05T18:41:09","date_gmt":"2012-03-05T18:41:09","guid":{"rendered":"http:\/\/desarrollo.mcvicious.com\/aero2020\/2012\/03\/05\/camila-vallejo-lideresa-estudiantil-chilena-postularia-al-congreso\/"},"modified":"2012-03-05T18:41:09","modified_gmt":"2012-03-05T18:41:09","slug":"camila-vallejo-lideresa-estudiantil-chilena-postularia-al-congreso","status":"publish","type":"post","link":"https:\/\/aeronoticias.com.pe\/noticiero\/politica\/camila-vallejo-lideresa-estudiantil-chilena-postularia-al-congreso\/","title":{"rendered":"Camila Vallejo, lideresa estudiantil chilena postular\u00eda al congreso"},"content":{"rendered":"<p style=\"text-align: justify;\"><strong>(Aeronoticias).-<\/strong> Camila Vallejo, vicepresidenta de la Federaci\u00f3n de Estudiantes de Chile (FECH), no descarta postular al congreso de su pa\u00eds si el Partido Comunista, al que pertenece, decide pugnar por un esca\u00f1o para ella en las pr\u00f3ximas elecciones.<\/p>\n<p style=\"text-align: justify;\">Hoy en declaraciones para la prensa de su pa\u00eds \u00a0la lideresa, que tuvo \u00a0destacada actuaci\u00f3n al frente de los estudiantes chilenos en sus reclamos al gobierno de Sebasti\u00e1n Pi\u00f1era, \u00a0dijo que esta posibilidad \u201c es algo que se est\u00e1 evaluando al interior del partido\u201d.<\/p>\n<p style=\"text-align: justify;\">Camila se pronunci\u00f3 as\u00ed durante la ceremonia en la que se record\u00f3 el 7\u00ba aniversario del fallecimiento de la ex presidenta del Partido Comunista Chileno, Gladys Mar\u00edn, ceremonia que se llev\u00f3 a cabo en el Cementerio General de Santiago con asistencia de visibles dirigentes de este movimiento pol\u00edtico.<\/p>\n<p style=\"text-align: justify;\">Cuando se le pregunt\u00f3 si emular\u00eda a Mar\u00edn, Camila respondi\u00f3 \u201cHemos representado roles distintos en momentos hist\u00f3ricos\u201d.<\/p>\n<p>  <!--more-->  <\/p>\n<p style=\"text-align: justify;\"><img decoding=\"async\" src=\"images\/stories\/12\/03\/050312\/camila_vallejo.jpg\" border=\"0\" alt=\"Camila Vallejo, lideresa estudiantil chilena postular\u00eda al congreso\" title=\"Camila Vallejo, lideresa estudiantil chilena postular\u00eda al congreso\" \/><\/p>\n","protected":false},"excerpt":{"rendered":"<p>(Aeronoticias).- Camila Vallejo, vicepresidenta de la Federaci\u00f3n de Estudiantes de Chile (FECH), no descarta postular al congreso de su pa\u00eds si el Partido Comunista, al que pertenece, decide pugnar por un esca\u00f1o para ella en las pr\u00f3ximas elecciones. Hoy en declaraciones para la prensa de su pa\u00eds \u00a0la lideresa, que tuvo \u00a0destacada actuaci\u00f3n al frente [&hellip;]<\/p>\n","protected":false},"author":1,"featured_media":0,"comment_status":"open","ping_status":"open","sticky":false,"template":"","format":"standard","meta":{"tdm_status":"","tdm_grid_status":"","footnotes":""},"categories":[36],"tags":[],"class_list":{"0":"post-24023","1":"post","2":"type-post","3":"status-publish","4":"format-standard","6":"category-politica"},"yoast_head":"<!-- This site is optimized with the Yoast SEO plugin v25.1 - https:\/\/yoast.com\/wordpress\/plugins\/seo\/ -->\n<title>Camila Vallejo, lideresa estudiantil chilena postular\u00eda al congreso<\/title>\n<meta name=\"description\" content=\"Portal de noticias del Per\u00fa sobre el transporte a\u00e9reo, aviaci\u00f3n, turismo, hoteleria, actualidad.\" \/>\n<meta name=\"robots\" content=\"index, follow, max-snippet:-1, max-image-preview:large, max-video-preview:-1\" \/>\n<link rel=\"canonical\" href=\"https:\/\/aeronoticias.com.pe\/noticiero\/politica\/camila-vallejo-lideresa-estudiantil-chilena-postularia-al-congreso\/\" \/>\n<meta property=\"og:locale\" content=\"es_ES\" \/>\n<meta property=\"og:type\" content=\"article\" \/>\n<meta property=\"og:title\" content=\"Camila Vallejo, lideresa estudiantil chilena postular\u00eda al congreso\" \/>\n<meta property=\"og:description\" content=\"Portal de noticias del Per\u00fa sobre el transporte a\u00e9reo, aviaci\u00f3n, turismo, hoteleria, actualidad.\" \/>\n<meta property=\"og:url\" content=\"https:\/\/aeronoticias.com.pe\/noticiero\/politica\/camila-vallejo-lideresa-estudiantil-chilena-postularia-al-congreso\/\" \/>\n<meta property=\"og:site_name\" content=\"Aeronoticias.com.pe\" \/>\n<meta property=\"article:publisher\" content=\"https:\/\/www.facebook.com\/Aeronoticias.com.pe\/\" \/>\n<meta property=\"article:published_time\" content=\"2012-03-05T18:41:09+00:00\" \/>\n<meta name=\"author\" content=\"Redacci\u00f3n Aeronoticias\" \/>\n<meta name=\"twitter:card\" content=\"summary_large_image\" \/>\n<meta name=\"twitter:creator\" content=\"@aeronoticias\" \/>\n<meta name=\"twitter:site\" content=\"@aeronoticias\" \/>\n<meta name=\"twitter:label1\" content=\"Escrito por\" \/>\n\t<meta name=\"twitter:data1\" content=\"Redacci\u00f3n Aeronoticias\" \/>\n\t<meta name=\"twitter:label2\" content=\"Tiempo de lectura\" \/>\n\t<meta name=\"twitter:data2\" content=\"1 minuto\" \/>\n<script type=\"application\/ld+json\" class=\"yoast-schema-graph\">{\"@context\":\"https:\/\/schema.org\",\"@graph\":[{\"@type\":\"WebPage\",\"@id\":\"https:\/\/aeronoticias.com.pe\/noticiero\/politica\/camila-vallejo-lideresa-estudiantil-chilena-postularia-al-congreso\/\",\"url\":\"https:\/\/aeronoticias.com.pe\/noticiero\/politica\/camila-vallejo-lideresa-estudiantil-chilena-postularia-al-congreso\/\",\"name\":\"Camila Vallejo, lideresa estudiantil chilena postular\u00eda al congreso\",\"isPartOf\":{\"@id\":\"https:\/\/aeronoticias.com.pe\/noticiero\/#website\"},\"datePublished\":\"2012-03-05T18:41:09+00:00\",\"author\":{\"@id\":\"https:\/\/aeronoticias.com.pe\/noticiero\/#\/schema\/person\/fc1e5d578f4b62ba1cf7ac2bba1170a0\"},\"description\":\"Portal de noticias del Per\u00fa sobre el transporte a\u00e9reo, aviaci\u00f3n, turismo, hoteleria, actualidad.\",\"breadcrumb\":{\"@id\":\"https:\/\/aeronoticias.com.pe\/noticiero\/politica\/camila-vallejo-lideresa-estudiantil-chilena-postularia-al-congreso\/#breadcrumb\"},\"inLanguage\":\"es\",\"potentialAction\":[{\"@type\":\"ReadAction\",\"target\":[\"https:\/\/aeronoticias.com.pe\/noticiero\/politica\/camila-vallejo-lideresa-estudiantil-chilena-postularia-al-congreso\/\"]}]},{\"@type\":\"BreadcrumbList\",\"@id\":\"https:\/\/aeronoticias.com.pe\/noticiero\/politica\/camila-vallejo-lideresa-estudiantil-chilena-postularia-al-congreso\/#breadcrumb\",\"itemListElement\":[{\"@type\":\"ListItem\",\"position\":1,\"name\":\"Portada\",\"item\":\"https:\/\/aeronoticias.com.pe\/noticiero\/\"},{\"@type\":\"ListItem\",\"position\":2,\"name\":\"Camila Vallejo, lideresa estudiantil chilena postular\u00eda al congreso\"}]},{\"@type\":\"WebSite\",\"@id\":\"https:\/\/aeronoticias.com.pe\/noticiero\/#website\",\"url\":\"https:\/\/aeronoticias.com.pe\/noticiero\/\",\"name\":\"Aeronoticias.com.pe\",\"description\":\"Noticias de tranporte aereo, turismo, hoteles, gastronomia, actualidad, internacional\",\"potentialAction\":[{\"@type\":\"SearchAction\",\"target\":{\"@type\":\"EntryPoint\",\"urlTemplate\":\"https:\/\/aeronoticias.com.pe\/noticiero\/?s={search_term_string}\"},\"query-input\":{\"@type\":\"PropertyValueSpecification\",\"valueRequired\":true,\"valueName\":\"search_term_string\"}}],\"inLanguage\":\"es\"},{\"@type\":\"Person\",\"@id\":\"https:\/\/aeronoticias.com.pe\/noticiero\/#\/schema\/person\/fc1e5d578f4b62ba1cf7ac2bba1170a0\",\"name\":\"Redacci\u00f3n Aeronoticias\",\"url\":\"https:\/\/aeronoticias.com.pe\/noticiero\/author\/piloto\/\"}]}<\/script>\n<!-- \/ Yoast SEO plugin. -->","yoast_head_json":{"title":"Camila Vallejo, lideresa estudiantil chilena postular\u00eda al congreso","description":"Portal de noticias del Per\u00fa sobre el transporte a\u00e9reo, aviaci\u00f3n, turismo, hoteleria, actualidad.","robots":{"index":"index","follow":"follow","max-snippet":"max-snippet:-1","max-image-preview":"max-image-preview:large","max-video-preview":"max-video-preview:-1"},"canonical":"https:\/\/aeronoticias.com.pe\/noticiero\/politica\/camila-vallejo-lideresa-estudiantil-chilena-postularia-al-congreso\/","og_locale":"es_ES","og_type":"article","og_title":"Camila Vallejo, lideresa estudiantil chilena postular\u00eda al congreso","og_description":"Portal de noticias del Per\u00fa sobre el transporte a\u00e9reo, aviaci\u00f3n, turismo, hoteleria, actualidad.","og_url":"https:\/\/aeronoticias.com.pe\/noticiero\/politica\/camila-vallejo-lideresa-estudiantil-chilena-postularia-al-congreso\/","og_site_name":"Aeronoticias.com.pe","article_publisher":"https:\/\/www.facebook.com\/Aeronoticias.com.pe\/","article_published_time":"2012-03-05T18:41:09+00:00","author":"Redacci\u00f3n Aeronoticias","twitter_card":"summary_large_image","twitter_creator":"@aeronoticias","twitter_site":"@aeronoticias","twitter_misc":{"Escrito por":"Redacci\u00f3n Aeronoticias","Tiempo de lectura":"1 minuto"},"schema":{"@context":"https:\/\/schema.org","@graph":[{"@type":"WebPage","@id":"https:\/\/aeronoticias.com.pe\/noticiero\/politica\/camila-vallejo-lideresa-estudiantil-chilena-postularia-al-congreso\/","url":"https:\/\/aeronoticias.com.pe\/noticiero\/politica\/camila-vallejo-lideresa-estudiantil-chilena-postularia-al-congreso\/","name":"Camila Vallejo, lideresa estudiantil chilena postular\u00eda al congreso","isPartOf":{"@id":"https:\/\/aeronoticias.com.pe\/noticiero\/#website"},"datePublished":"2012-03-05T18:41:09+00:00","author":{"@id":"https:\/\/aeronoticias.com.pe\/noticiero\/#\/schema\/person\/fc1e5d578f4b62ba1cf7ac2bba1170a0"},"description":"Portal de noticias del Per\u00fa sobre el transporte a\u00e9reo, aviaci\u00f3n, turismo, hoteleria, actualidad.","breadcrumb":{"@id":"https:\/\/aeronoticias.com.pe\/noticiero\/politica\/camila-vallejo-lideresa-estudiantil-chilena-postularia-al-congreso\/#breadcrumb"},"inLanguage":"es","potentialAction":[{"@type":"ReadAction","target":["https:\/\/aeronoticias.com.pe\/noticiero\/politica\/camila-vallejo-lideresa-estudiantil-chilena-postularia-al-congreso\/"]}]},{"@type":"BreadcrumbList","@id":"https:\/\/aeronoticias.com.pe\/noticiero\/politica\/camila-vallejo-lideresa-estudiantil-chilena-postularia-al-congreso\/#breadcrumb","itemListElement":[{"@type":"ListItem","position":1,"name":"Portada","item":"https:\/\/aeronoticias.com.pe\/noticiero\/"},{"@type":"ListItem","position":2,"name":"Camila Vallejo, lideresa estudiantil chilena postular\u00eda al congreso"}]},{"@type":"WebSite","@id":"https:\/\/aeronoticias.com.pe\/noticiero\/#website","url":"https:\/\/aeronoticias.com.pe\/noticiero\/","name":"Aeronoticias.com.pe","description":"Noticias de tranporte aereo, turismo, hoteles, gastronomia, actualidad, internacional","potentialAction":[{"@type":"SearchAction","target":{"@type":"EntryPoint","urlTemplate":"https:\/\/aeronoticias.com.pe\/noticiero\/?s={search_term_string}"},"query-input":{"@type":"PropertyValueSpecification","valueRequired":true,"valueName":"search_term_string"}}],"inLanguage":"es"},{"@type":"Person","@id":"https:\/\/aeronoticias.com.pe\/noticiero\/#\/schema\/person\/fc1e5d578f4b62ba1cf7ac2bba1170a0","name":"Redacci\u00f3n Aeronoticias","url":"https:\/\/aeronoticias.com.pe\/noticiero\/author\/piloto\/"}]}},"_links":{"self":[{"href":"https:\/\/aeronoticias.com.pe\/noticiero\/wp-json\/wp\/v2\/posts\/24023","targetHints":{"allow":["GET"]}}],"collection":[{"href":"https:\/\/aeronoticias.com.pe\/noticiero\/wp-json\/wp\/v2\/posts"}],"about":[{"href":"https:\/\/aeronoticias.com.pe\/noticiero\/wp-json\/wp\/v2\/types\/post"}],"author":[{"embeddable":true,"href":"https:\/\/aeronoticias.com.pe\/noticiero\/wp-json\/wp\/v2\/users\/1"}],"replies":[{"embeddable":true,"href":"https:\/\/aeronoticias.com.pe\/noticiero\/wp-json\/wp\/v2\/comments?post=24023"}],"version-history":[{"count":0,"href":"https:\/\/aeronoticias.com.pe\/noticiero\/wp-json\/wp\/v2\/posts\/24023\/revisions"}],"wp:attachment":[{"href":"https:\/\/aeronoticias.com.pe\/noticiero\/wp-json\/wp\/v2\/media?parent=24023"}],"wp:term":[{"taxonomy":"category","embeddable":true,"href":"https:\/\/aeronoticias.com.pe\/noticiero\/wp-json\/wp\/v2\/categories?post=24023"},{"taxonomy":"post_tag","embeddable":true,"href":"https:\/\/aeronoticias.com.pe\/noticiero\/wp-json\/wp\/v2\/tags?post=24023"}],"curies":[{"name":"wp","href":"https:\/\/api.w.org\/{rel}","templated":true}]}}